{"id":7140,"date":"2022-07-10T15:50:34","date_gmt":"2022-07-10T13:50:34","guid":{"rendered":"https:\/\/corteospitale.org\/site\/?p=7140"},"modified":"2022-07-12T16:18:46","modified_gmt":"2022-07-12T14:18:46","slug":"compagnia-vincitrice-forever-young-2021-22","status":"publish","type":"post","link":"https:\/\/corteospitale.org\/site\/compagnia-vincitrice-forever-young-2021-22\/","title":{"rendered":"Compagnia vincitrice Forever Young 2021\/22"},"content":{"rendered":"<p class=\"x_MsoNormal\">La giuria della quarta edizione di Forever Young\/La Corte Ospitale, composta da Fabio Biondi, Claudia Cannella, Giulia Guerra, Carlo Mangolini, Fabio Masi, Gilberto Santini e Maura Teofili, dopo attenta visione e valutazione dei 5 lavori approdati in finale ha deciso di assegnare all\u2019unanimit\u00e0&nbsp;il <strong>Premio Forever Young 2022<\/strong> a<strong> Personne, croniques d\u2019une jeunesse, della Compagnia Fiore\/Rossi<\/strong> con questa motivazione:<\/p>\n<p class=\"x_MsoNormal\"><em>Ogni fiaba ha i suoi mostri. E a volte anche la vita. Tra favola nera e autofiction prende forma una drammaturgia \u2013 della parola, del suono e delle immagini \u2013 in sottile e sensibile equilibrio nel difficile racconto di un\u2019infanzia violata e dei riverberi di questa violenza nell\u2019et\u00e0 adulta. &nbsp;Lucido, affilato, lontano da tentazioni retoriche, Personne colpisce al cuore per la capacit\u00e0 di andare oltre il fatto di cronaca trasfigurandolo in potente fatto teatrale.<\/em><\/p>\n<p class=\"x_MsoNormal\"><strong>Menzione speciale<\/strong> a&nbsp;<strong>Solo quando lavoro sono felice<\/strong> di <strong>Maragoni\/Fettarappa\/Vila<\/strong> per la capacit\u00e0 di affrontare temi urgenti del contemporaneo, come il rapporto tra lavoro e felicit\u00e0, con un linguaggio transgenerazionale condotto con lucidit\u00e0 drammaturgica e performativa.<\/p>\n","protected":false},"excerpt":{"rendered":"<p>La giuria della quarta edizione di Forever Young\/La Corte Ospitale, composta da Fabio Biondi, Claudia Cannella, Giulia Guerra, Carlo Mangolini, Fabio Masi, Gilberto Santini e Maura Teofili, dopo attenta visione e valutazione dei 5 lavori approdati in finale ha deciso &hellip;<\/p>\n","protected":false},"author":2,"featured_media":6196,"comment_status":"closed","ping_status":"closed","sticky":false,"template":"","format":"standard","meta":{"_acf_changed":false,"ngg_post_thumbnail":0,"footnotes":"","_links_to":"","_links_to_target":""},"categories":[39,136,289],"tags":[],"class_list":["post-7140","post","type-post","status-publish","format-standard","has-post-thumbnail","hentry","category-news-in-home","category-news-in-archivio","category-forever-young-2021-22"],"acf":[],"yoast_head":"<!-- This site is optimized with the Yoast SEO plugin v24.7 - https:\/\/yoast.com\/wordpress\/plugins\/seo\/ -->\n<title>Compagnia vincitrice Forever Young 2021\/22 - LA CORTE OSPITALE<\/title>\n<meta name=\"robots\" content=\"index, follow, max-snippet:-1, max-image-preview:large, max-video-preview:-1\" \/>\n<link rel=\"canonical\" href=\"https:\/\/corteospitale.org\/site\/compagnia-vincitrice-forever-young-2021-22\/\" \/>\n<meta property=\"og:locale\" content=\"it_IT\" \/>\n<meta property=\"og:type\" content=\"article\" \/>\n<meta property=\"og:title\" content=\"Compagnia vincitrice Forever Young 2021\/22 - LA CORTE OSPITALE\" \/>\n<meta property=\"og:description\" content=\"La giuria della quarta edizione di Forever Young\/La Corte Ospitale, composta da Fabio Biondi, Claudia Cannella, Giulia Guerra, Carlo Mangolini, Fabio Masi, Gilberto Santini e Maura Teofili, dopo attenta visione e valutazione dei 5 lavori approdati in finale ha deciso &hellip;\" \/>\n<meta property=\"og:url\" content=\"https:\/\/corteospitale.org\/site\/compagnia-vincitrice-forever-young-2021-22\/\" \/>\n<meta property=\"og:site_name\" content=\"LA CORTE OSPITALE\" \/>\n<meta property=\"article:publisher\" content=\"https:\/\/www.facebook.com\/corteospitale\" \/>\n<meta property=\"article:published_time\" content=\"2022-07-10T13:50:34+00:00\" \/>\n<meta property=\"article:modified_time\" content=\"2022-07-12T14:18:46+00:00\" \/>\n<meta property=\"og:image\" content=\"https:\/\/corteospitale.org\/site\/wp-content\/uploads\/2021\/11\/logo-e1709910220577.png\" \/>\n\t<meta property=\"og:image:width\" content=\"607\" \/>\n\t<meta property=\"og:image:height\" content=\"607\" \/>\n\t<meta property=\"og:image:type\" content=\"image\/png\" \/>\n<meta name=\"author\" content=\"Manuela\" \/>\n<meta name=\"twitter:card\" content=\"summary_large_image\" \/>\n<meta name=\"twitter:label1\" content=\"Scritto da\" \/>\n\t<meta name=\"twitter:data1\" content=\"Manuela\" \/>\n\t<meta name=\"twitter:label2\" content=\"Tempo di lettura stimato\" \/>\n\t<meta name=\"twitter:data2\" content=\"1 minuto\" \/>\n<script type=\"application\/ld+json\" class=\"yoast-schema-graph\">{\"@context\":\"https:\/\/schema.org\",\"@graph\":[{\"@type\":\"Article\",\"@id\":\"https:\/\/corteospitale.org\/site\/compagnia-vincitrice-forever-young-2021-22\/#article\",\"isPartOf\":{\"@id\":\"https:\/\/corteospitale.org\/site\/compagnia-vincitrice-forever-young-2021-22\/\"},\"author\":{\"name\":\"Manuela\",\"@id\":\"https:\/\/corteospitale.org\/site\/#\/schema\/person\/2e6c7771de31d29fa1f09440dc741ce0\"},\"headline\":\"Compagnia vincitrice Forever Young 2021\/22\",\"datePublished\":\"2022-07-10T13:50:34+00:00\",\"dateModified\":\"2022-07-12T14:18:46+00:00\",\"mainEntityOfPage\":{\"@id\":\"https:\/\/corteospitale.org\/site\/compagnia-vincitrice-forever-young-2021-22\/\"},\"wordCount\":180,\"publisher\":{\"@id\":\"https:\/\/corteospitale.org\/site\/#organization\"},\"image\":{\"@id\":\"https:\/\/corteospitale.org\/site\/compagnia-vincitrice-forever-young-2021-22\/#primaryimage\"},\"thumbnailUrl\":\"https:\/\/corteospitale.org\/site\/wp-content\/uploads\/2021\/11\/logo-e1709910220577.png\",\"articleSection\":[\"NEWS IN HOME\",\"NEWS IN ARCHIVIO\",\"Forever Young 2021\/22\"],\"inLanguage\":\"it-IT\"},{\"@type\":\"WebPage\",\"@id\":\"https:\/\/corteospitale.org\/site\/compagnia-vincitrice-forever-young-2021-22\/\",\"url\":\"https:\/\/corteospitale.org\/site\/compagnia-vincitrice-forever-young-2021-22\/\",\"name\":\"Compagnia vincitrice Forever Young 2021\/22 - LA CORTE OSPITALE\",\"isPartOf\":{\"@id\":\"https:\/\/corteospitale.org\/site\/#website\"},\"primaryImageOfPage\":{\"@id\":\"https:\/\/corteospitale.org\/site\/compagnia-vincitrice-forever-young-2021-22\/#primaryimage\"},\"image\":{\"@id\":\"https:\/\/corteospitale.org\/site\/compagnia-vincitrice-forever-young-2021-22\/#primaryimage\"},\"thumbnailUrl\":\"https:\/\/corteospitale.org\/site\/wp-content\/uploads\/2021\/11\/logo-e1709910220577.png\",\"datePublished\":\"2022-07-10T13:50:34+00:00\",\"dateModified\":\"2022-07-12T14:18:46+00:00\",\"breadcrumb\":{\"@id\":\"https:\/\/corteospitale.org\/site\/compagnia-vincitrice-forever-young-2021-22\/#breadcrumb\"},\"inLanguage\":\"it-IT\",\"potentialAction\":[{\"@type\":\"ReadAction\",\"target\":[\"https:\/\/corteospitale.org\/site\/compagnia-vincitrice-forever-young-2021-22\/\"]}]},{\"@type\":\"ImageObject\",\"inLanguage\":\"it-IT\",\"@id\":\"https:\/\/corteospitale.org\/site\/compagnia-vincitrice-forever-young-2021-22\/#primaryimage\",\"url\":\"https:\/\/corteospitale.org\/site\/wp-content\/uploads\/2021\/11\/logo-e1709910220577.png\",\"contentUrl\":\"https:\/\/corteospitale.org\/site\/wp-content\/uploads\/2021\/11\/logo-e1709910220577.png\",\"width\":607,\"height\":607},{\"@type\":\"BreadcrumbList\",\"@id\":\"https:\/\/corteospitale.org\/site\/compagnia-vincitrice-forever-young-2021-22\/#breadcrumb\",\"itemListElement\":[{\"@type\":\"ListItem\",\"position\":1,\"name\":\"Home\",\"item\":\"https:\/\/corteospitale.org\/site\/\"},{\"@type\":\"ListItem\",\"position\":2,\"name\":\"Compagnia vincitrice Forever Young 2021\/22\"}]},{\"@type\":\"WebSite\",\"@id\":\"https:\/\/corteospitale.org\/site\/#website\",\"url\":\"https:\/\/corteospitale.org\/site\/\",\"name\":\"LA CORTE OSPITALE\",\"description\":\"\",\"publisher\":{\"@id\":\"https:\/\/corteospitale.org\/site\/#organization\"},\"potentialAction\":[{\"@type\":\"SearchAction\",\"target\":{\"@type\":\"EntryPoint\",\"urlTemplate\":\"https:\/\/corteospitale.org\/site\/?s={search_term_string}\"},\"query-input\":{\"@type\":\"PropertyValueSpecification\",\"valueRequired\":true,\"valueName\":\"search_term_string\"}}],\"inLanguage\":\"it-IT\"},{\"@type\":\"Organization\",\"@id\":\"https:\/\/corteospitale.org\/site\/#organization\",\"name\":\"Corte Ospitale\",\"url\":\"https:\/\/corteospitale.org\/site\/\",\"logo\":{\"@type\":\"ImageObject\",\"inLanguage\":\"it-IT\",\"@id\":\"https:\/\/corteospitale.org\/site\/#\/schema\/logo\/image\/\",\"url\":\"\",\"contentUrl\":\"\",\"caption\":\"Corte Ospitale\"},\"image\":{\"@id\":\"https:\/\/corteospitale.org\/site\/#\/schema\/logo\/image\/\"},\"sameAs\":[\"https:\/\/www.facebook.com\/corteospitale\",\"https:\/\/www.instagram.com\/corteospitale\/\",\"https:\/\/www.youtube.com\/user\/LaCorteOspitale1\"]},{\"@type\":\"Person\",\"@id\":\"https:\/\/corteospitale.org\/site\/#\/schema\/person\/2e6c7771de31d29fa1f09440dc741ce0\",\"name\":\"Manuela\",\"image\":{\"@type\":\"ImageObject\",\"inLanguage\":\"it-IT\",\"@id\":\"https:\/\/corteospitale.org\/site\/#\/schema\/person\/image\/\",\"url\":\"https:\/\/secure.gravatar.com\/avatar\/ac6dcb2697d112cdbed0c3c486cf1a2150a160d7ea8f53aee6865d6c70612228?s=96&r=g\",\"contentUrl\":\"https:\/\/secure.gravatar.com\/avatar\/ac6dcb2697d112cdbed0c3c486cf1a2150a160d7ea8f53aee6865d6c70612228?s=96&r=g\",\"caption\":\"Manuela\"}}]}<\/script>\n<!-- \/ Yoast SEO plugin. -->","yoast_head_json":{"title":"Compagnia vincitrice Forever Young 2021\/22 - LA CORTE OSPITALE","robots":{"index":"index","follow":"follow","max-snippet":"max-snippet:-1","max-image-preview":"max-image-preview:large","max-video-preview":"max-video-preview:-1"},"canonical":"https:\/\/corteospitale.org\/site\/compagnia-vincitrice-forever-young-2021-22\/","og_locale":"it_IT","og_type":"article","og_title":"Compagnia vincitrice Forever Young 2021\/22 - LA CORTE OSPITALE","og_description":"La giuria della quarta edizione di Forever Young\/La Corte Ospitale, composta da Fabio Biondi, Claudia Cannella, Giulia Guerra, Carlo Mangolini, Fabio Masi, Gilberto Santini e Maura Teofili, dopo attenta visione e valutazione dei 5 lavori approdati in finale ha deciso &hellip;","og_url":"https:\/\/corteospitale.org\/site\/compagnia-vincitrice-forever-young-2021-22\/","og_site_name":"LA CORTE OSPITALE","article_publisher":"https:\/\/www.facebook.com\/corteospitale","article_published_time":"2022-07-10T13:50:34+00:00","article_modified_time":"2022-07-12T14:18:46+00:00","og_image":[{"width":607,"height":607,"url":"https:\/\/corteospitale.org\/site\/wp-content\/uploads\/2021\/11\/logo-e1709910220577.png","type":"image\/png"}],"author":"Manuela","twitter_card":"summary_large_image","twitter_misc":{"Scritto da":"Manuela","Tempo di lettura stimato":"1 minuto"},"schema":{"@context":"https:\/\/schema.org","@graph":[{"@type":"Article","@id":"https:\/\/corteospitale.org\/site\/compagnia-vincitrice-forever-young-2021-22\/#article","isPartOf":{"@id":"https:\/\/corteospitale.org\/site\/compagnia-vincitrice-forever-young-2021-22\/"},"author":{"name":"Manuela","@id":"https:\/\/corteospitale.org\/site\/#\/schema\/person\/2e6c7771de31d29fa1f09440dc741ce0"},"headline":"Compagnia vincitrice Forever Young 2021\/22","datePublished":"2022-07-10T13:50:34+00:00","dateModified":"2022-07-12T14:18:46+00:00","mainEntityOfPage":{"@id":"https:\/\/corteospitale.org\/site\/compagnia-vincitrice-forever-young-2021-22\/"},"wordCount":180,"publisher":{"@id":"https:\/\/corteospitale.org\/site\/#organization"},"image":{"@id":"https:\/\/corteospitale.org\/site\/compagnia-vincitrice-forever-young-2021-22\/#primaryimage"},"thumbnailUrl":"https:\/\/corteospitale.org\/site\/wp-content\/uploads\/2021\/11\/logo-e1709910220577.png","articleSection":["NEWS IN HOME","NEWS IN ARCHIVIO","Forever Young 2021\/22"],"inLanguage":"it-IT"},{"@type":"WebPage","@id":"https:\/\/corteospitale.org\/site\/compagnia-vincitrice-forever-young-2021-22\/","url":"https:\/\/corteospitale.org\/site\/compagnia-vincitrice-forever-young-2021-22\/","name":"Compagnia vincitrice Forever Young 2021\/22 - LA CORTE OSPITALE","isPartOf":{"@id":"https:\/\/corteospitale.org\/site\/#website"},"primaryImageOfPage":{"@id":"https:\/\/corteospitale.org\/site\/compagnia-vincitrice-forever-young-2021-22\/#primaryimage"},"image":{"@id":"https:\/\/corteospitale.org\/site\/compagnia-vincitrice-forever-young-2021-22\/#primaryimage"},"thumbnailUrl":"https:\/\/corteospitale.org\/site\/wp-content\/uploads\/2021\/11\/logo-e1709910220577.png","datePublished":"2022-07-10T13:50:34+00:00","dateModified":"2022-07-12T14:18:46+00:00","breadcrumb":{"@id":"https:\/\/corteospitale.org\/site\/compagnia-vincitrice-forever-young-2021-22\/#breadcrumb"},"inLanguage":"it-IT","potentialAction":[{"@type":"ReadAction","target":["https:\/\/corteospitale.org\/site\/compagnia-vincitrice-forever-young-2021-22\/"]}]},{"@type":"ImageObject","inLanguage":"it-IT","@id":"https:\/\/corteospitale.org\/site\/compagnia-vincitrice-forever-young-2021-22\/#primaryimage","url":"https:\/\/corteospitale.org\/site\/wp-content\/uploads\/2021\/11\/logo-e1709910220577.png","contentUrl":"https:\/\/corteospitale.org\/site\/wp-content\/uploads\/2021\/11\/logo-e1709910220577.png","width":607,"height":607},{"@type":"BreadcrumbList","@id":"https:\/\/corteospitale.org\/site\/compagnia-vincitrice-forever-young-2021-22\/#breadcrumb","itemListElement":[{"@type":"ListItem","position":1,"name":"Home","item":"https:\/\/corteospitale.org\/site\/"},{"@type":"ListItem","position":2,"name":"Compagnia vincitrice Forever Young 2021\/22"}]},{"@type":"WebSite","@id":"https:\/\/corteospitale.org\/site\/#website","url":"https:\/\/corteospitale.org\/site\/","name":"LA CORTE OSPITALE","description":"","publisher":{"@id":"https:\/\/corteospitale.org\/site\/#organization"},"potentialAction":[{"@type":"SearchAction","target":{"@type":"EntryPoint","urlTemplate":"https:\/\/corteospitale.org\/site\/?s={search_term_string}"},"query-input":{"@type":"PropertyValueSpecification","valueRequired":true,"valueName":"search_term_string"}}],"inLanguage":"it-IT"},{"@type":"Organization","@id":"https:\/\/corteospitale.org\/site\/#organization","name":"Corte Ospitale","url":"https:\/\/corteospitale.org\/site\/","logo":{"@type":"ImageObject","inLanguage":"it-IT","@id":"https:\/\/corteospitale.org\/site\/#\/schema\/logo\/image\/","url":"","contentUrl":"","caption":"Corte Ospitale"},"image":{"@id":"https:\/\/corteospitale.org\/site\/#\/schema\/logo\/image\/"},"sameAs":["https:\/\/www.facebook.com\/corteospitale","https:\/\/www.instagram.com\/corteospitale\/","https:\/\/www.youtube.com\/user\/LaCorteOspitale1"]},{"@type":"Person","@id":"https:\/\/corteospitale.org\/site\/#\/schema\/person\/2e6c7771de31d29fa1f09440dc741ce0","name":"Manuela","image":{"@type":"ImageObject","inLanguage":"it-IT","@id":"https:\/\/corteospitale.org\/site\/#\/schema\/person\/image\/","url":"https:\/\/secure.gravatar.com\/avatar\/ac6dcb2697d112cdbed0c3c486cf1a2150a160d7ea8f53aee6865d6c70612228?s=96&r=g","contentUrl":"https:\/\/secure.gravatar.com\/avatar\/ac6dcb2697d112cdbed0c3c486cf1a2150a160d7ea8f53aee6865d6c70612228?s=96&r=g","caption":"Manuela"}}]}},"_links":{"self":[{"href":"https:\/\/corteospitale.org\/site\/wp-json\/wp\/v2\/posts\/7140","targetHints":{"allow":["GET"]}}],"collection":[{"href":"https:\/\/corteospitale.org\/site\/wp-json\/wp\/v2\/posts"}],"about":[{"href":"https:\/\/corteospitale.org\/site\/wp-json\/wp\/v2\/types\/post"}],"author":[{"embeddable":true,"href":"https:\/\/corteospitale.org\/site\/wp-json\/wp\/v2\/users\/2"}],"replies":[{"embeddable":true,"href":"https:\/\/corteospitale.org\/site\/wp-json\/wp\/v2\/comments?post=7140"}],"version-history":[{"count":3,"href":"https:\/\/corteospitale.org\/site\/wp-json\/wp\/v2\/posts\/7140\/revisions"}],"predecessor-version":[{"id":7143,"href":"https:\/\/corteospitale.org\/site\/wp-json\/wp\/v2\/posts\/7140\/revisions\/7143"}],"wp:featuredmedia":[{"embeddable":true,"href":"https:\/\/corteospitale.org\/site\/wp-json\/wp\/v2\/media\/6196"}],"wp:attachment":[{"href":"https:\/\/corteospitale.org\/site\/wp-json\/wp\/v2\/media?parent=7140"}],"wp:term":[{"taxonomy":"category","embeddable":true,"href":"https:\/\/corteospitale.org\/site\/wp-json\/wp\/v2\/categories?post=7140"},{"taxonomy":"post_tag","embeddable":true,"href":"https:\/\/corteospitale.org\/site\/wp-json\/wp\/v2\/tags?post=7140"}],"curies":[{"name":"wp","href":"https:\/\/api.w.org\/{rel}","templated":true}]}}