{"id":7217,"date":"2021-02-17T18:03:55","date_gmt":"2022-10-03T14:54:10","guid":{"rendered":"https:\/\/corteospitale.org\/site\/?p=7217"},"modified":"2024-11-28T18:15:25","modified_gmt":"2024-11-28T16:15:25","slug":"satan-2-0-pour-bamako-germain-oussou","status":"publish","type":"post","link":"https:\/\/corteospitale.org\/site\/satan-2-0-pour-bamako-germain-oussou\/","title":{"rendered":"Satan 2.0 pour Bamako &#8211; Germain Oussou"},"content":{"rendered":"<h1>Satan 2.0 pour Bamako<\/h1>\n<p>&nbsp;<\/p>\n<h2>Germain Oussou<\/h2>\n<div class=\"page\" title=\"Page 5\">\n<div class=\"layoutArea\">\n<div class=\"column\">\n<div class=\"page\" title=\"Page 2\">\n<div class=\"layoutArea\">\n<p>&nbsp;<\/p>\n<p>Per aver battuto la Francia nel suo campo di sfruttamento che \u00e8 il Mali, la Russia assister\u00e0 a una dissociazione dall&#8217;Ucraina che entrer\u00e0 a far parte della NATO. Questo progetto drammaturgico nasce come riflessione sulla situazione geopolitica contemporanea a partire dal triumvirato Francia-Mali-Russia e ponendo le donne al centro della pi\u00e8ce. Partendo da un dibattito pubblico avvenuto in Benin l\u20198 marzo 2022, l\u2019artista beninese Germain Oussou, si interroga sulle relazioni di potere tra stati, mettendo in discussione le vere ragioni del conflitto Russia-Ucraina e analizzando il ruolo femminile in questo conflitto.<\/p>\n<\/div>\n<div class=\"layoutArea\">\n<div class=\"column\">\n<p>&nbsp;<\/p>\n<p><strong>Germain Oussou<\/strong> accede all&#8217;Ecole Internationale de Th\u00e9\u00e2tre du B\u00e9nin (EITB), dopo oltre 15 anni di esperienza teatrale. Nel 2019 \u00e8 stato in tourn\u00e9e sui francofoni a Limoges e in Svizzera nello spettacolo <em>La fin du monde \u00e9videmment<\/em>. Tornato in Benin, si dedica all&#8217;imprenditoria culturale attraverso le sue qualit\u00e0 di autore sui programmi di scrittura, recitando come attore, progettando e gestendo progetti artistici e culturali nel paese e nei paesi della subregione<\/p>\n<p>&nbsp;<\/p>\n<p>Germain Oussou \u00e8 artista in residenza alla Corte Ospitale grazie al <strong>Programme Odyss\u00e9e<\/strong> coordinato dall\u2019<strong>Association des Centres culturels de rencontre (ACCR),<\/strong> al quale la Corte Ospitale ha aderito.<\/p>\n<p>Con il supporto del <strong>Ministero della Cultura Francese<\/strong> e con il sostegno della <strong>Chartreuse-CNES<\/strong><\/p>\n<p>Scopri di pi\u00f9 su&nbsp;<a href=\"https:\/\/corteospitale.org\/site\/it\/odyssee\/\"><em>Odyss\u00e9e\u2019 residency programme<\/em><\/a><\/p>\n<p>&nbsp;<\/p>\n<\/div>\n<p><strong>DIARIO DI VIAGGIO: IL RACCONTO DELLA RESIDENZA ATTRAVERSO LA VOCE E GLI OCCHI DELL\u2019ARTISTA<\/strong><\/p>\n<p><strong>Qual \u00e8 per te il senso e il valore di uno spazio di residenza artistica?<br \/>\n<\/strong>&#8220;Per me, una residenza artistica \u00e8 il cuore stesso della creativit\u00e0, perch\u00e9 permette a un artista di concentrarsi sul proprio lavoro, di confrontarsi con altri artisti e con altri sistemi di pensiero, e di scoprire modi diversi di vedere l&#8217;umanit\u00e0. \u00c8 anche come una scuola, un laboratorio di sperimentazione di nuove tecniche provenienti da 50 punti diversi del mondo. Gli incontri favoriscono anche la sua arte, affinando la sua scrittura. Quindi, credo che una residenza per un artista sia il nervo della creativit\u00e0.&#8221;&nbsp;<\/p>\n<p>&nbsp;<\/p>\n<p><iframe loading=\"lazy\" title=\"YouTube video player\" src=\"https:\/\/www.youtube.com\/embed\/VEcFzuZ3NsA?si=tpy3ZzfxScoa71oJ\" width=\"560\" height=\"315\" frameborder=\"0\" allowfullscreen=\"allowfullscreen\"><\/iframe>&nbsp;<\/p>\n<div class=\"column\">\n<p>&nbsp;<\/p>\n<\/div>\n<\/div>\n<\/div>\n<\/div>\n<\/div>\n<\/div>\n","protected":false},"excerpt":{"rendered":"<p>Satan 2.0 pour Bamako &nbsp; Germain Oussou &nbsp; Per aver battuto la Francia nel suo campo di sfruttamento che \u00e8 il Mali, la Russia assister\u00e0 a una dissociazione dall&#8217;Ucraina che entrer\u00e0 a far parte della NATO. Questo progetto drammaturgico nasce &hellip;<\/p>\n","protected":false},"author":2,"featured_media":7358,"comment_status":"closed","ping_status":"closed","sticky":false,"template":"","format":"standard","meta":{"_acf_changed":false,"ngg_post_thumbnail":0,"footnotes":"","_links_to":"","_links_to_target":""},"categories":[293],"tags":[],"class_list":["post-7217","post","type-post","status-publish","format-standard","has-post-thumbnail","hentry","category-residenze-artistiche-2022"],"acf":[],"yoast_head":"<!-- This site is optimized with the Yoast SEO plugin v24.7 - https:\/\/yoast.com\/wordpress\/plugins\/seo\/ -->\n<title>Satan 2.0 pour Bamako - Germain Oussou - LA CORTE OSPITALE<\/title>\n<meta name=\"description\" content=\"Residenza artistica in Corte Ospitale. Satan 2.0 pour Bamako - Germain Oussou\" \/>\n<meta name=\"robots\" content=\"index, follow, max-snippet:-1, max-image-preview:large, max-video-preview:-1\" \/>\n<link rel=\"canonical\" href=\"https:\/\/corteospitale.org\/site\/satan-2-0-pour-bamako-germain-oussou\/\" \/>\n<meta property=\"og:locale\" content=\"it_IT\" \/>\n<meta property=\"og:type\" content=\"article\" \/>\n<meta property=\"og:title\" content=\"Satan 2.0 pour Bamako - Germain Oussou - LA CORTE OSPITALE\" \/>\n<meta property=\"og:description\" content=\"Residenza artistica in Corte Ospitale. Satan 2.0 pour Bamako - Germain Oussou\" \/>\n<meta property=\"og:url\" content=\"https:\/\/corteospitale.org\/site\/satan-2-0-pour-bamako-germain-oussou\/\" \/>\n<meta property=\"og:site_name\" content=\"LA CORTE OSPITALE\" \/>\n<meta property=\"article:publisher\" content=\"https:\/\/www.facebook.com\/corteospitale\" \/>\n<meta property=\"article:published_time\" content=\"2022-10-03T14:54:10+00:00\" \/>\n<meta property=\"article:modified_time\" content=\"2024-11-28T16:15:25+00:00\" \/>\n<meta property=\"og:image\" content=\"https:\/\/corteospitale.org\/site\/wp-content\/uploads\/2021\/02\/fb_img_16521988038979835-e1666713226130.jpeg\" \/>\n\t<meta property=\"og:image:width\" content=\"411\" \/>\n\t<meta property=\"og:image:height\" content=\"411\" \/>\n\t<meta property=\"og:image:type\" content=\"image\/jpeg\" \/>\n<meta name=\"author\" content=\"Manuela\" \/>\n<meta name=\"twitter:card\" content=\"summary_large_image\" \/>\n<meta name=\"twitter:label1\" content=\"Scritto da\" \/>\n\t<meta name=\"twitter:data1\" content=\"Manuela\" \/>\n\t<meta name=\"twitter:label2\" content=\"Tempo di lettura stimato\" \/>\n\t<meta name=\"twitter:data2\" content=\"2 minuti\" \/>\n<script type=\"application\/ld+json\" class=\"yoast-schema-graph\">{\"@context\":\"https:\/\/schema.org\",\"@graph\":[{\"@type\":\"Article\",\"@id\":\"https:\/\/corteospitale.org\/site\/satan-2-0-pour-bamako-germain-oussou\/#article\",\"isPartOf\":{\"@id\":\"https:\/\/corteospitale.org\/site\/satan-2-0-pour-bamako-germain-oussou\/\"},\"author\":{\"name\":\"Manuela\",\"@id\":\"https:\/\/corteospitale.org\/site\/#\/schema\/person\/2e6c7771de31d29fa1f09440dc741ce0\"},\"headline\":\"Satan 2.0 pour Bamako &#8211; Germain Oussou\",\"datePublished\":\"2022-10-03T14:54:10+00:00\",\"dateModified\":\"2024-11-28T16:15:25+00:00\",\"mainEntityOfPage\":{\"@id\":\"https:\/\/corteospitale.org\/site\/satan-2-0-pour-bamako-germain-oussou\/\"},\"wordCount\":343,\"publisher\":{\"@id\":\"https:\/\/corteospitale.org\/site\/#organization\"},\"image\":{\"@id\":\"https:\/\/corteospitale.org\/site\/satan-2-0-pour-bamako-germain-oussou\/#primaryimage\"},\"thumbnailUrl\":\"https:\/\/corteospitale.org\/site\/wp-content\/uploads\/2021\/02\/fb_img_16521988038979835-e1666713226130.jpeg\",\"articleSection\":[\"Residenze 2022\"],\"inLanguage\":\"it-IT\"},{\"@type\":\"WebPage\",\"@id\":\"https:\/\/corteospitale.org\/site\/satan-2-0-pour-bamako-germain-oussou\/\",\"url\":\"https:\/\/corteospitale.org\/site\/satan-2-0-pour-bamako-germain-oussou\/\",\"name\":\"Satan 2.0 pour Bamako - Germain Oussou - LA CORTE OSPITALE\",\"isPartOf\":{\"@id\":\"https:\/\/corteospitale.org\/site\/#website\"},\"primaryImageOfPage\":{\"@id\":\"https:\/\/corteospitale.org\/site\/satan-2-0-pour-bamako-germain-oussou\/#primaryimage\"},\"image\":{\"@id\":\"https:\/\/corteospitale.org\/site\/satan-2-0-pour-bamako-germain-oussou\/#primaryimage\"},\"thumbnailUrl\":\"https:\/\/corteospitale.org\/site\/wp-content\/uploads\/2021\/02\/fb_img_16521988038979835-e1666713226130.jpeg\",\"datePublished\":\"2022-10-03T14:54:10+00:00\",\"dateModified\":\"2024-11-28T16:15:25+00:00\",\"description\":\"Residenza artistica in Corte Ospitale. Satan 2.0 pour Bamako - Germain Oussou\",\"breadcrumb\":{\"@id\":\"https:\/\/corteospitale.org\/site\/satan-2-0-pour-bamako-germain-oussou\/#breadcrumb\"},\"inLanguage\":\"it-IT\",\"potentialAction\":[{\"@type\":\"ReadAction\",\"target\":[\"https:\/\/corteospitale.org\/site\/satan-2-0-pour-bamako-germain-oussou\/\"]}]},{\"@type\":\"ImageObject\",\"inLanguage\":\"it-IT\",\"@id\":\"https:\/\/corteospitale.org\/site\/satan-2-0-pour-bamako-germain-oussou\/#primaryimage\",\"url\":\"https:\/\/corteospitale.org\/site\/wp-content\/uploads\/2021\/02\/fb_img_16521988038979835-e1666713226130.jpeg\",\"contentUrl\":\"https:\/\/corteospitale.org\/site\/wp-content\/uploads\/2021\/02\/fb_img_16521988038979835-e1666713226130.jpeg\",\"width\":411,\"height\":411},{\"@type\":\"BreadcrumbList\",\"@id\":\"https:\/\/corteospitale.org\/site\/satan-2-0-pour-bamako-germain-oussou\/#breadcrumb\",\"itemListElement\":[{\"@type\":\"ListItem\",\"position\":1,\"name\":\"Home\",\"item\":\"https:\/\/corteospitale.org\/site\/\"},{\"@type\":\"ListItem\",\"position\":2,\"name\":\"Satan 2.0 pour Bamako &#8211; Germain Oussou\"}]},{\"@type\":\"WebSite\",\"@id\":\"https:\/\/corteospitale.org\/site\/#website\",\"url\":\"https:\/\/corteospitale.org\/site\/\",\"name\":\"LA CORTE OSPITALE\",\"description\":\"\",\"publisher\":{\"@id\":\"https:\/\/corteospitale.org\/site\/#organization\"},\"potentialAction\":[{\"@type\":\"SearchAction\",\"target\":{\"@type\":\"EntryPoint\",\"urlTemplate\":\"https:\/\/corteospitale.org\/site\/?s={search_term_string}\"},\"query-input\":{\"@type\":\"PropertyValueSpecification\",\"valueRequired\":true,\"valueName\":\"search_term_string\"}}],\"inLanguage\":\"it-IT\"},{\"@type\":\"Organization\",\"@id\":\"https:\/\/corteospitale.org\/site\/#organization\",\"name\":\"Corte Ospitale\",\"url\":\"https:\/\/corteospitale.org\/site\/\",\"logo\":{\"@type\":\"ImageObject\",\"inLanguage\":\"it-IT\",\"@id\":\"https:\/\/corteospitale.org\/site\/#\/schema\/logo\/image\/\",\"url\":\"\",\"contentUrl\":\"\",\"caption\":\"Corte Ospitale\"},\"image\":{\"@id\":\"https:\/\/corteospitale.org\/site\/#\/schema\/logo\/image\/\"},\"sameAs\":[\"https:\/\/www.facebook.com\/corteospitale\",\"https:\/\/www.instagram.com\/corteospitale\/\",\"https:\/\/www.youtube.com\/user\/LaCorteOspitale1\"]},{\"@type\":\"Person\",\"@id\":\"https:\/\/corteospitale.org\/site\/#\/schema\/person\/2e6c7771de31d29fa1f09440dc741ce0\",\"name\":\"Manuela\",\"image\":{\"@type\":\"ImageObject\",\"inLanguage\":\"it-IT\",\"@id\":\"https:\/\/corteospitale.org\/site\/#\/schema\/person\/image\/\",\"url\":\"https:\/\/secure.gravatar.com\/avatar\/ac6dcb2697d112cdbed0c3c486cf1a2150a160d7ea8f53aee6865d6c70612228?s=96&r=g\",\"contentUrl\":\"https:\/\/secure.gravatar.com\/avatar\/ac6dcb2697d112cdbed0c3c486cf1a2150a160d7ea8f53aee6865d6c70612228?s=96&r=g\",\"caption\":\"Manuela\"}}]}<\/script>\n<!-- \/ Yoast SEO plugin. -->","yoast_head_json":{"title":"Satan 2.0 pour Bamako - Germain Oussou - LA CORTE OSPITALE","description":"Residenza artistica in Corte Ospitale. Satan 2.0 pour Bamako - Germain Oussou","robots":{"index":"index","follow":"follow","max-snippet":"max-snippet:-1","max-image-preview":"max-image-preview:large","max-video-preview":"max-video-preview:-1"},"canonical":"https:\/\/corteospitale.org\/site\/satan-2-0-pour-bamako-germain-oussou\/","og_locale":"it_IT","og_type":"article","og_title":"Satan 2.0 pour Bamako - Germain Oussou - LA CORTE OSPITALE","og_description":"Residenza artistica in Corte Ospitale. Satan 2.0 pour Bamako - Germain Oussou","og_url":"https:\/\/corteospitale.org\/site\/satan-2-0-pour-bamako-germain-oussou\/","og_site_name":"LA CORTE OSPITALE","article_publisher":"https:\/\/www.facebook.com\/corteospitale","article_published_time":"2022-10-03T14:54:10+00:00","article_modified_time":"2024-11-28T16:15:25+00:00","og_image":[{"width":411,"height":411,"url":"https:\/\/corteospitale.org\/site\/wp-content\/uploads\/2021\/02\/fb_img_16521988038979835-e1666713226130.jpeg","type":"image\/jpeg"}],"author":"Manuela","twitter_card":"summary_large_image","twitter_misc":{"Scritto da":"Manuela","Tempo di lettura stimato":"2 minuti"},"schema":{"@context":"https:\/\/schema.org","@graph":[{"@type":"Article","@id":"https:\/\/corteospitale.org\/site\/satan-2-0-pour-bamako-germain-oussou\/#article","isPartOf":{"@id":"https:\/\/corteospitale.org\/site\/satan-2-0-pour-bamako-germain-oussou\/"},"author":{"name":"Manuela","@id":"https:\/\/corteospitale.org\/site\/#\/schema\/person\/2e6c7771de31d29fa1f09440dc741ce0"},"headline":"Satan 2.0 pour Bamako &#8211; Germain Oussou","datePublished":"2022-10-03T14:54:10+00:00","dateModified":"2024-11-28T16:15:25+00:00","mainEntityOfPage":{"@id":"https:\/\/corteospitale.org\/site\/satan-2-0-pour-bamako-germain-oussou\/"},"wordCount":343,"publisher":{"@id":"https:\/\/corteospitale.org\/site\/#organization"},"image":{"@id":"https:\/\/corteospitale.org\/site\/satan-2-0-pour-bamako-germain-oussou\/#primaryimage"},"thumbnailUrl":"https:\/\/corteospitale.org\/site\/wp-content\/uploads\/2021\/02\/fb_img_16521988038979835-e1666713226130.jpeg","articleSection":["Residenze 2022"],"inLanguage":"it-IT"},{"@type":"WebPage","@id":"https:\/\/corteospitale.org\/site\/satan-2-0-pour-bamako-germain-oussou\/","url":"https:\/\/corteospitale.org\/site\/satan-2-0-pour-bamako-germain-oussou\/","name":"Satan 2.0 pour Bamako - Germain Oussou - LA CORTE OSPITALE","isPartOf":{"@id":"https:\/\/corteospitale.org\/site\/#website"},"primaryImageOfPage":{"@id":"https:\/\/corteospitale.org\/site\/satan-2-0-pour-bamako-germain-oussou\/#primaryimage"},"image":{"@id":"https:\/\/corteospitale.org\/site\/satan-2-0-pour-bamako-germain-oussou\/#primaryimage"},"thumbnailUrl":"https:\/\/corteospitale.org\/site\/wp-content\/uploads\/2021\/02\/fb_img_16521988038979835-e1666713226130.jpeg","datePublished":"2022-10-03T14:54:10+00:00","dateModified":"2024-11-28T16:15:25+00:00","description":"Residenza artistica in Corte Ospitale. Satan 2.0 pour Bamako - Germain Oussou","breadcrumb":{"@id":"https:\/\/corteospitale.org\/site\/satan-2-0-pour-bamako-germain-oussou\/#breadcrumb"},"inLanguage":"it-IT","potentialAction":[{"@type":"ReadAction","target":["https:\/\/corteospitale.org\/site\/satan-2-0-pour-bamako-germain-oussou\/"]}]},{"@type":"ImageObject","inLanguage":"it-IT","@id":"https:\/\/corteospitale.org\/site\/satan-2-0-pour-bamako-germain-oussou\/#primaryimage","url":"https:\/\/corteospitale.org\/site\/wp-content\/uploads\/2021\/02\/fb_img_16521988038979835-e1666713226130.jpeg","contentUrl":"https:\/\/corteospitale.org\/site\/wp-content\/uploads\/2021\/02\/fb_img_16521988038979835-e1666713226130.jpeg","width":411,"height":411},{"@type":"BreadcrumbList","@id":"https:\/\/corteospitale.org\/site\/satan-2-0-pour-bamako-germain-oussou\/#breadcrumb","itemListElement":[{"@type":"ListItem","position":1,"name":"Home","item":"https:\/\/corteospitale.org\/site\/"},{"@type":"ListItem","position":2,"name":"Satan 2.0 pour Bamako &#8211; Germain Oussou"}]},{"@type":"WebSite","@id":"https:\/\/corteospitale.org\/site\/#website","url":"https:\/\/corteospitale.org\/site\/","name":"LA CORTE OSPITALE","description":"","publisher":{"@id":"https:\/\/corteospitale.org\/site\/#organization"},"potentialAction":[{"@type":"SearchAction","target":{"@type":"EntryPoint","urlTemplate":"https:\/\/corteospitale.org\/site\/?s={search_term_string}"},"query-input":{"@type":"PropertyValueSpecification","valueRequired":true,"valueName":"search_term_string"}}],"inLanguage":"it-IT"},{"@type":"Organization","@id":"https:\/\/corteospitale.org\/site\/#organization","name":"Corte Ospitale","url":"https:\/\/corteospitale.org\/site\/","logo":{"@type":"ImageObject","inLanguage":"it-IT","@id":"https:\/\/corteospitale.org\/site\/#\/schema\/logo\/image\/","url":"","contentUrl":"","caption":"Corte Ospitale"},"image":{"@id":"https:\/\/corteospitale.org\/site\/#\/schema\/logo\/image\/"},"sameAs":["https:\/\/www.facebook.com\/corteospitale","https:\/\/www.instagram.com\/corteospitale\/","https:\/\/www.youtube.com\/user\/LaCorteOspitale1"]},{"@type":"Person","@id":"https:\/\/corteospitale.org\/site\/#\/schema\/person\/2e6c7771de31d29fa1f09440dc741ce0","name":"Manuela","image":{"@type":"ImageObject","inLanguage":"it-IT","@id":"https:\/\/corteospitale.org\/site\/#\/schema\/person\/image\/","url":"https:\/\/secure.gravatar.com\/avatar\/ac6dcb2697d112cdbed0c3c486cf1a2150a160d7ea8f53aee6865d6c70612228?s=96&r=g","contentUrl":"https:\/\/secure.gravatar.com\/avatar\/ac6dcb2697d112cdbed0c3c486cf1a2150a160d7ea8f53aee6865d6c70612228?s=96&r=g","caption":"Manuela"}}]}},"_links":{"self":[{"href":"https:\/\/corteospitale.org\/site\/wp-json\/wp\/v2\/posts\/7217","targetHints":{"allow":["GET"]}}],"collection":[{"href":"https:\/\/corteospitale.org\/site\/wp-json\/wp\/v2\/posts"}],"about":[{"href":"https:\/\/corteospitale.org\/site\/wp-json\/wp\/v2\/types\/post"}],"author":[{"embeddable":true,"href":"https:\/\/corteospitale.org\/site\/wp-json\/wp\/v2\/users\/2"}],"replies":[{"embeddable":true,"href":"https:\/\/corteospitale.org\/site\/wp-json\/wp\/v2\/comments?post=7217"}],"version-history":[{"count":4,"href":"https:\/\/corteospitale.org\/site\/wp-json\/wp\/v2\/posts\/7217\/revisions"}],"predecessor-version":[{"id":10301,"href":"https:\/\/corteospitale.org\/site\/wp-json\/wp\/v2\/posts\/7217\/revisions\/10301"}],"wp:featuredmedia":[{"embeddable":true,"href":"https:\/\/corteospitale.org\/site\/wp-json\/wp\/v2\/media\/7358"}],"wp:attachment":[{"href":"https:\/\/corteospitale.org\/site\/wp-json\/wp\/v2\/media?parent=7217"}],"wp:term":[{"taxonomy":"category","embeddable":true,"href":"https:\/\/corteospitale.org\/site\/wp-json\/wp\/v2\/categories?post=7217"},{"taxonomy":"post_tag","embeddable":true,"href":"https:\/\/corteospitale.org\/site\/wp-json\/wp\/v2\/tags?post=7217"}],"curies":[{"name":"wp","href":"https:\/\/api.w.org\/{rel}","templated":true}]}}