{"id":7268,"date":"2022-12-22T12:57:17","date_gmt":"2022-10-12T17:20:00","guid":{"rendered":"https:\/\/corteospitale.org\/site\/?p=7268"},"modified":"2022-10-12T19:20:52","modified_gmt":"2022-10-12T17:20:52","slug":"langelo-della-storia-sotterraneo","status":"publish","type":"post","link":"https:\/\/corteospitale.org\/site\/langelo-della-storia-sotterraneo\/","title":{"rendered":"L&#8217;angelo della storia, Sotterraneo"},"content":{"rendered":"<h1>L&#8217;angelo della storia<\/h1>\n<p>&nbsp;<\/p>\n<p>creazione <strong>Sotterraneo<br \/>\n<\/strong>ideazione e regia <strong>Sara Bonaventura, Claudio Cirri, Daniele Villa<br \/>\n<\/strong>in scena <strong>Sara Bonaventura, Claudio Cirri, Lorenza Guerrini, Daniele Pennati, Giulio Santolini<br \/>\n<\/strong>scrittura <strong>Daniele Villa<br \/>\n<\/strong>luci <strong>Marco Santambrogio<br \/>\n<\/strong>costumi <strong>Ettore Lombardi<br \/>\n<\/strong>suoni <strong>Simone Arganini<br \/>\n<\/strong>montaggio danze <strong>Giulio Santolini<br \/>\n<\/strong>responsabile produzione <strong>Eleonora Cavallo<br \/>\n<\/strong>assistente produzione <strong>Daniele Pennati<br \/>\n<\/strong>responsabile amministrativa <strong>Federica Giuliano<br \/>\n<\/strong>promozione internazionale <strong>Laura Artoni<br \/>\n<\/strong>produzione <strong>Sotterraneo<br \/>\n<\/strong>coproduzione <strong>Marche Teatro, Associazione Teatrale Pistoiese, CSS Teatro stabile di innovazione del FVG, Teatro Nacional D. Maria II<br \/>\n<\/strong>contributo <strong>Centrale Fies, La Corte Ospitale, Armunia<br \/>\n<\/strong>col supporto di <strong>Mic, Regione Toscana, Fondazione Cassa di Risparmio di Firenze<br \/>\n<\/strong>residenze artistiche <strong>Centrale Fies_art work space, La Corte Ospitale, Dialoghi \u2013 Residenze delle arti performative a Villa Manin, Armunia, Elsinor\/Teatro Cantiere Florida, Associazione Teatrale Pistoiese<\/strong><\/p>\n<p>&nbsp;<\/p>\n<p style=\"text-align: right;\"><em>&nbsp;<\/em><em>Non \u00e8 che il passato getti la sua luce sul presente o il presente la sua luce sul passato: l&#8217;immagine \u00e8 ci\u00f2 in cui quel che \u00e8 stato si unisce fulmineamente con l&#8217;adesso in una costellazione<\/em>&nbsp; &nbsp; &nbsp; &nbsp; &nbsp; &nbsp; &nbsp; &nbsp; &nbsp; &nbsp; &nbsp; &nbsp; &nbsp; &nbsp; &nbsp; &nbsp; &nbsp; &nbsp; &nbsp; &nbsp; &nbsp; &nbsp; &nbsp; &nbsp; &nbsp; &nbsp; &nbsp; &nbsp; &nbsp; &nbsp; &nbsp; &nbsp; &nbsp; &nbsp; &nbsp; &nbsp; &nbsp; &nbsp; &nbsp; &nbsp; &nbsp; &nbsp; &nbsp; &nbsp; &nbsp; &nbsp; &nbsp; &nbsp; &nbsp;<\/p>\n<p style=\"text-align: right;\">(Walter Benjamin)<\/p>\n<p>&nbsp;<\/p>\n<p>Nel suo ultimo lavoro il filosofo Walter Benjamin descrive un angelo che vola con lo sguardo rivolto al passato, dando le spalle al futuro: le macerie di edifici e ideologie si accumulano davanti ai suoi occhi [strumenti musicali in fondo all\u2019oceano, radar malfunzionanti, balene spiaggiate] e l\u2019angelo vorrebbe fermarsi a ricomporre i detriti [neonati morti, statue in Antartide, conigli fluorescenti], ma una tempesta gonfia le sue ali e lo trascina inesorabilmente in avanti [danze isteriche di massa, paracaduti inceppati, gatti milionari]: questa tempesta \u00e8 ci\u00f2 che chiamiamo progresso. Per quanto l\u2019angelo osservi il susseguirsi degli eventi [mani sui tasti di un pianoforte, funghi atomici, cartoline nella giungla] e cerchi di resistere alla tempesta, non pu\u00f2 fermarsi e intervenire, non pu\u00f2 rincollare i pezzi e rifondare una realt\u00e0 condivisa, non pu\u00f2 fare assolutamente nulla per aiutarci \u2013 se non altro perch\u00e9 gli angeli non esistono [cocktail al cianuro, numeri irrazionali, racconti intorno al fuoco]. Quale altro essere senziente potrebbe provare a ricomporre l\u2019infranto, smontare le narrazioni e \u2013 volando o meno \u2013 finalmente girarsi per proiettare lo sguardo in avanti?<\/p>\n<p><em>L\u2019Angelo della Storia<\/em>&nbsp;assembla aneddoti storici di secoli e geografie differenti, gesti che raccontano le contraddizioni di intere epoche, azioni che suscitano spaesamento o commozione, momenti che in una parola potremmo definire&nbsp;<em>paradossali<\/em>. Ispirandoci a quelle che il filosofo Walter Benjamin chiamava&nbsp;<em>costellazioni svelate<\/em>, proviamo a raccontare questi episodi mettendoli in risonanza col presente, componendo una nostra personale mappa del paradosso fatta di microstorie, istanti sospesi, momenti fatali di persone illustri o sconosciute: fatti e pensieri lontani fra loro ma uniti da quella tela di narrazioni, credenze, miti e ideologie che secondo lo storico Yuval Noah Harari compongono la materia stessa di cui \u00e8 fatta la Storia. Oggi che la complessit\u00e0 ci richiede immaginari inediti e nuovi processi cognitivi, ci piace pensare che a teatro si possano recuperare narrazioni e circostanze a cui Sapiens ha aderito nei millenni, smontarle, ricombinarle, prenderne distanza allontanandoci nel tempo e cercare almeno un po\u2019 di quella vertigine che coglie un astronauta quando osserva la Terra allontanandosi nello spazio.<\/p>\n<p>&nbsp;<\/p>\n","protected":false},"excerpt":{"rendered":"<p>L&#8217;angelo della storia &nbsp; creazione Sotterraneo ideazione e regia Sara Bonaventura, Claudio Cirri, Daniele Villa in scena Sara Bonaventura, Claudio Cirri, Lorenza Guerrini, Daniele Pennati, Giulio Santolini scrittura Daniele Villa luci Marco Santambrogio costumi Ettore Lombardi suoni Simone Arganini montaggio &hellip;<\/p>\n","protected":false},"author":2,"featured_media":7269,"comment_status":"closed","ping_status":"closed","sticky":false,"template":"","format":"standard","meta":{"_acf_changed":false,"ngg_post_thumbnail":0,"footnotes":"","_links_to":"","_links_to_target":""},"categories":[296],"tags":[],"class_list":["post-7268","post","type-post","status-publish","format-standard","has-post-thumbnail","hentry","category-stagione-di-prosa-2022-23"],"acf":[],"yoast_head":"<!-- This site is optimized with the Yoast SEO plugin v24.7 - https:\/\/yoast.com\/wordpress\/plugins\/seo\/ -->\n<title>L&#039;angelo della storia, Sotterraneo - LA CORTE OSPITALE<\/title>\n<meta name=\"description\" content=\"L\u2019Angelo della Storia\u00a0assembla aneddoti storici di secoli e geografie differenti, gesti che raccontano le contraddizioni di intere epoche, azioni che suscitano spaesamento o commozione, momenti che in una parola potremmo definire\u00a0paradossali.\" \/>\n<meta name=\"robots\" content=\"index, follow, max-snippet:-1, max-image-preview:large, max-video-preview:-1\" \/>\n<link rel=\"canonical\" href=\"https:\/\/corteospitale.org\/site\/langelo-della-storia-sotterraneo\/\" \/>\n<meta property=\"og:locale\" content=\"it_IT\" \/>\n<meta property=\"og:type\" content=\"article\" \/>\n<meta property=\"og:title\" content=\"L&#039;angelo della storia, Sotterraneo - LA CORTE OSPITALE\" \/>\n<meta property=\"og:description\" content=\"L\u2019Angelo della Storia\u00a0assembla aneddoti storici di secoli e geografie differenti, gesti che raccontano le contraddizioni di intere epoche, azioni che suscitano spaesamento o commozione, momenti che in una parola potremmo definire\u00a0paradossali.\" \/>\n<meta property=\"og:url\" content=\"https:\/\/corteospitale.org\/site\/langelo-della-storia-sotterraneo\/\" \/>\n<meta property=\"og:site_name\" content=\"LA CORTE OSPITALE\" \/>\n<meta property=\"article:publisher\" content=\"https:\/\/www.facebook.com\/corteospitale\" \/>\n<meta property=\"article:published_time\" content=\"2022-10-12T17:20:00+00:00\" \/>\n<meta property=\"article:modified_time\" content=\"2022-10-12T17:20:52+00:00\" \/>\n<meta property=\"og:image\" content=\"https:\/\/corteospitale.org\/site\/wp-content\/uploads\/2022\/10\/LAngelo-della-Storia-by-Sotterraneo-ph.-Giulia-di-Vitantonio_courtesy-Inteatro-festival1-scaled-e1665582302664.jpg\" \/>\n\t<meta property=\"og:image:width\" content=\"2278\" \/>\n\t<meta property=\"og:image:height\" content=\"1708\" \/>\n\t<meta property=\"og:image:type\" content=\"image\/jpeg\" \/>\n<meta name=\"author\" content=\"Manuela\" \/>\n<meta name=\"twitter:card\" content=\"summary_large_image\" \/>\n<meta name=\"twitter:label1\" content=\"Scritto da\" \/>\n\t<meta name=\"twitter:data1\" content=\"Manuela\" \/>\n\t<meta name=\"twitter:label2\" content=\"Tempo di lettura stimato\" \/>\n\t<meta name=\"twitter:data2\" content=\"3 minuti\" \/>\n<script type=\"application\/ld+json\" class=\"yoast-schema-graph\">{\"@context\":\"https:\/\/schema.org\",\"@graph\":[{\"@type\":\"Article\",\"@id\":\"https:\/\/corteospitale.org\/site\/langelo-della-storia-sotterraneo\/#article\",\"isPartOf\":{\"@id\":\"https:\/\/corteospitale.org\/site\/langelo-della-storia-sotterraneo\/\"},\"author\":{\"name\":\"Manuela\",\"@id\":\"https:\/\/corteospitale.org\/site\/#\/schema\/person\/2e6c7771de31d29fa1f09440dc741ce0\"},\"headline\":\"L&#8217;angelo della storia, Sotterraneo\",\"datePublished\":\"2022-10-12T17:20:00+00:00\",\"dateModified\":\"2022-10-12T17:20:52+00:00\",\"mainEntityOfPage\":{\"@id\":\"https:\/\/corteospitale.org\/site\/langelo-della-storia-sotterraneo\/\"},\"wordCount\":562,\"publisher\":{\"@id\":\"https:\/\/corteospitale.org\/site\/#organization\"},\"image\":{\"@id\":\"https:\/\/corteospitale.org\/site\/langelo-della-storia-sotterraneo\/#primaryimage\"},\"thumbnailUrl\":\"https:\/\/corteospitale.org\/site\/wp-content\/uploads\/2022\/10\/LAngelo-della-Storia-by-Sotterraneo-ph.-Giulia-di-Vitantonio_courtesy-Inteatro-festival1-scaled-e1665582302664.jpg\",\"articleSection\":[\"Stagione di prosa 2022\/23\"],\"inLanguage\":\"it-IT\"},{\"@type\":\"WebPage\",\"@id\":\"https:\/\/corteospitale.org\/site\/langelo-della-storia-sotterraneo\/\",\"url\":\"https:\/\/corteospitale.org\/site\/langelo-della-storia-sotterraneo\/\",\"name\":\"L'angelo della storia, Sotterraneo - LA CORTE OSPITALE\",\"isPartOf\":{\"@id\":\"https:\/\/corteospitale.org\/site\/#website\"},\"primaryImageOfPage\":{\"@id\":\"https:\/\/corteospitale.org\/site\/langelo-della-storia-sotterraneo\/#primaryimage\"},\"image\":{\"@id\":\"https:\/\/corteospitale.org\/site\/langelo-della-storia-sotterraneo\/#primaryimage\"},\"thumbnailUrl\":\"https:\/\/corteospitale.org\/site\/wp-content\/uploads\/2022\/10\/LAngelo-della-Storia-by-Sotterraneo-ph.-Giulia-di-Vitantonio_courtesy-Inteatro-festival1-scaled-e1665582302664.jpg\",\"datePublished\":\"2022-10-12T17:20:00+00:00\",\"dateModified\":\"2022-10-12T17:20:52+00:00\",\"description\":\"L\u2019Angelo della Storia\u00a0assembla aneddoti storici di secoli e geografie differenti, gesti che raccontano le contraddizioni di intere epoche, azioni che suscitano spaesamento o commozione, momenti che in una parola potremmo definire\u00a0paradossali.\",\"breadcrumb\":{\"@id\":\"https:\/\/corteospitale.org\/site\/langelo-della-storia-sotterraneo\/#breadcrumb\"},\"inLanguage\":\"it-IT\",\"potentialAction\":[{\"@type\":\"ReadAction\",\"target\":[\"https:\/\/corteospitale.org\/site\/langelo-della-storia-sotterraneo\/\"]}]},{\"@type\":\"ImageObject\",\"inLanguage\":\"it-IT\",\"@id\":\"https:\/\/corteospitale.org\/site\/langelo-della-storia-sotterraneo\/#primaryimage\",\"url\":\"https:\/\/corteospitale.org\/site\/wp-content\/uploads\/2022\/10\/LAngelo-della-Storia-by-Sotterraneo-ph.-Giulia-di-Vitantonio_courtesy-Inteatro-festival1-scaled-e1665582302664.jpg\",\"contentUrl\":\"https:\/\/corteospitale.org\/site\/wp-content\/uploads\/2022\/10\/LAngelo-della-Storia-by-Sotterraneo-ph.-Giulia-di-Vitantonio_courtesy-Inteatro-festival1-scaled-e1665582302664.jpg\",\"width\":2278,\"height\":1708,\"caption\":\"Sotterraneo L\u2019Angelo della Storia concept e regia Sotterraneo in scena Sara Bonaventura, Claudio Cirri, Lorenza Guerrini, Daniele Pennati, Giulio Santolini scrittura Daniele Villa luci Marco Santambrogio costumi Ettore Lombardi suoni Simone Arganini produzione Sotterraneo coproduzione Marche Teatro, Associazione Teatrale Pistoiese, CSS Teatro stabile di innovazione del FVG, Teatro Nacional D. Maria II contributo Centrale Fies, La Corte Ospitale, Armunia col supporto di Mic, Regione Toscana, Fondazione Cassa di Risparmio di Firenze residenze artistiche Centrale Fies_art work space, La Corte Ospitale, Dialoghi \u2013 Residenze delle arti performative a Villa Manin, Armunia, Elsinor\/Teatro Cantiere Florida, Associazione Teatrale Pistoiese Sotterraneo fa parte del progetto Fies Factory, \u00e8 residente presso Associazione Teatrale Pistoiese ed \u00e8 artista associato al Piccolo Teatro di Milano Non \u00e8 che il passato getti la sua luce sul presente o il presente la sua luce sul passato: l\u2019immagine \u00e8 ci\u00f2 in cui quel che \u00e8 stato si unisce fulmineamente con l\u2019adesso in una costellazione Walter Benjamin) Nel suo ultimo lavoro il filosofo Walter Benjamin descrive un angelo che vola con lo sguardo rivolto al passato, dando le spalle al futuro: le macerie di edifici e ideologie si accumulano davanti ai suoi occhi [strumenti musicali in fondo all\u2019oceano, radar malfunzionanti, balene spiaggiate] e l\u2019angelo vorrebbe fermarsi a ricomporre i detriti[neonati morti, statue in Antartide, conigli fluorescenti], ma una tempesta gonfia le sue ali e lo trascina inesorabilmente in avanti [danze isteriche di massa, paracaduti inceppati, gatti milionari]: questa tempesta \u00e8 ci\u00f2 che chiamiamo progresso. Per quanto l\u2019angelo osservi il susseguirsi degli eventi [mani sui tasti di un pianoforte, funghi atomici, cartoline nella giungla] e cerchi di resistere alla tempesta, non pu\u00f2 fermarsi e intervenire, non pu\u00f2 rincollare i pezzi e rifondare una realt\u00e0 condivisa, non pu\u00f2 fare assolut\"},{\"@type\":\"BreadcrumbList\",\"@id\":\"https:\/\/corteospitale.org\/site\/langelo-della-storia-sotterraneo\/#breadcrumb\",\"itemListElement\":[{\"@type\":\"ListItem\",\"position\":1,\"name\":\"Home\",\"item\":\"https:\/\/corteospitale.org\/site\/\"},{\"@type\":\"ListItem\",\"position\":2,\"name\":\"L&#8217;angelo della storia, Sotterraneo\"}]},{\"@type\":\"WebSite\",\"@id\":\"https:\/\/corteospitale.org\/site\/#website\",\"url\":\"https:\/\/corteospitale.org\/site\/\",\"name\":\"LA CORTE OSPITALE\",\"description\":\"\",\"publisher\":{\"@id\":\"https:\/\/corteospitale.org\/site\/#organization\"},\"potentialAction\":[{\"@type\":\"SearchAction\",\"target\":{\"@type\":\"EntryPoint\",\"urlTemplate\":\"https:\/\/corteospitale.org\/site\/?s={search_term_string}\"},\"query-input\":{\"@type\":\"PropertyValueSpecification\",\"valueRequired\":true,\"valueName\":\"search_term_string\"}}],\"inLanguage\":\"it-IT\"},{\"@type\":\"Organization\",\"@id\":\"https:\/\/corteospitale.org\/site\/#organization\",\"name\":\"Corte Ospitale\",\"url\":\"https:\/\/corteospitale.org\/site\/\",\"logo\":{\"@type\":\"ImageObject\",\"inLanguage\":\"it-IT\",\"@id\":\"https:\/\/corteospitale.org\/site\/#\/schema\/logo\/image\/\",\"url\":\"\",\"contentUrl\":\"\",\"caption\":\"Corte Ospitale\"},\"image\":{\"@id\":\"https:\/\/corteospitale.org\/site\/#\/schema\/logo\/image\/\"},\"sameAs\":[\"https:\/\/www.facebook.com\/corteospitale\",\"https:\/\/www.instagram.com\/corteospitale\/\",\"https:\/\/www.youtube.com\/user\/LaCorteOspitale1\"]},{\"@type\":\"Person\",\"@id\":\"https:\/\/corteospitale.org\/site\/#\/schema\/person\/2e6c7771de31d29fa1f09440dc741ce0\",\"name\":\"Manuela\",\"image\":{\"@type\":\"ImageObject\",\"inLanguage\":\"it-IT\",\"@id\":\"https:\/\/corteospitale.org\/site\/#\/schema\/person\/image\/\",\"url\":\"https:\/\/secure.gravatar.com\/avatar\/ac6dcb2697d112cdbed0c3c486cf1a2150a160d7ea8f53aee6865d6c70612228?s=96&r=g\",\"contentUrl\":\"https:\/\/secure.gravatar.com\/avatar\/ac6dcb2697d112cdbed0c3c486cf1a2150a160d7ea8f53aee6865d6c70612228?s=96&r=g\",\"caption\":\"Manuela\"}}]}<\/script>\n<!-- \/ Yoast SEO plugin. -->","yoast_head_json":{"title":"L'angelo della storia, Sotterraneo - LA CORTE OSPITALE","description":"L\u2019Angelo della Storia\u00a0assembla aneddoti storici di secoli e geografie differenti, gesti che raccontano le contraddizioni di intere epoche, azioni che suscitano spaesamento o commozione, momenti che in una parola potremmo definire\u00a0paradossali.","robots":{"index":"index","follow":"follow","max-snippet":"max-snippet:-1","max-image-preview":"max-image-preview:large","max-video-preview":"max-video-preview:-1"},"canonical":"https:\/\/corteospitale.org\/site\/langelo-della-storia-sotterraneo\/","og_locale":"it_IT","og_type":"article","og_title":"L'angelo della storia, Sotterraneo - LA CORTE OSPITALE","og_description":"L\u2019Angelo della Storia\u00a0assembla aneddoti storici di secoli e geografie differenti, gesti che raccontano le contraddizioni di intere epoche, azioni che suscitano spaesamento o commozione, momenti che in una parola potremmo definire\u00a0paradossali.","og_url":"https:\/\/corteospitale.org\/site\/langelo-della-storia-sotterraneo\/","og_site_name":"LA CORTE OSPITALE","article_publisher":"https:\/\/www.facebook.com\/corteospitale","article_published_time":"2022-10-12T17:20:00+00:00","article_modified_time":"2022-10-12T17:20:52+00:00","og_image":[{"width":2278,"height":1708,"url":"https:\/\/corteospitale.org\/site\/wp-content\/uploads\/2022\/10\/LAngelo-della-Storia-by-Sotterraneo-ph.-Giulia-di-Vitantonio_courtesy-Inteatro-festival1-scaled-e1665582302664.jpg","type":"image\/jpeg"}],"author":"Manuela","twitter_card":"summary_large_image","twitter_misc":{"Scritto da":"Manuela","Tempo di lettura stimato":"3 minuti"},"schema":{"@context":"https:\/\/schema.org","@graph":[{"@type":"Article","@id":"https:\/\/corteospitale.org\/site\/langelo-della-storia-sotterraneo\/#article","isPartOf":{"@id":"https:\/\/corteospitale.org\/site\/langelo-della-storia-sotterraneo\/"},"author":{"name":"Manuela","@id":"https:\/\/corteospitale.org\/site\/#\/schema\/person\/2e6c7771de31d29fa1f09440dc741ce0"},"headline":"L&#8217;angelo della storia, Sotterraneo","datePublished":"2022-10-12T17:20:00+00:00","dateModified":"2022-10-12T17:20:52+00:00","mainEntityOfPage":{"@id":"https:\/\/corteospitale.org\/site\/langelo-della-storia-sotterraneo\/"},"wordCount":562,"publisher":{"@id":"https:\/\/corteospitale.org\/site\/#organization"},"image":{"@id":"https:\/\/corteospitale.org\/site\/langelo-della-storia-sotterraneo\/#primaryimage"},"thumbnailUrl":"https:\/\/corteospitale.org\/site\/wp-content\/uploads\/2022\/10\/LAngelo-della-Storia-by-Sotterraneo-ph.-Giulia-di-Vitantonio_courtesy-Inteatro-festival1-scaled-e1665582302664.jpg","articleSection":["Stagione di prosa 2022\/23"],"inLanguage":"it-IT"},{"@type":"WebPage","@id":"https:\/\/corteospitale.org\/site\/langelo-della-storia-sotterraneo\/","url":"https:\/\/corteospitale.org\/site\/langelo-della-storia-sotterraneo\/","name":"L'angelo della storia, Sotterraneo - LA CORTE OSPITALE","isPartOf":{"@id":"https:\/\/corteospitale.org\/site\/#website"},"primaryImageOfPage":{"@id":"https:\/\/corteospitale.org\/site\/langelo-della-storia-sotterraneo\/#primaryimage"},"image":{"@id":"https:\/\/corteospitale.org\/site\/langelo-della-storia-sotterraneo\/#primaryimage"},"thumbnailUrl":"https:\/\/corteospitale.org\/site\/wp-content\/uploads\/2022\/10\/LAngelo-della-Storia-by-Sotterraneo-ph.-Giulia-di-Vitantonio_courtesy-Inteatro-festival1-scaled-e1665582302664.jpg","datePublished":"2022-10-12T17:20:00+00:00","dateModified":"2022-10-12T17:20:52+00:00","description":"L\u2019Angelo della Storia\u00a0assembla aneddoti storici di secoli e geografie differenti, gesti che raccontano le contraddizioni di intere epoche, azioni che suscitano spaesamento o commozione, momenti che in una parola potremmo definire\u00a0paradossali.","breadcrumb":{"@id":"https:\/\/corteospitale.org\/site\/langelo-della-storia-sotterraneo\/#breadcrumb"},"inLanguage":"it-IT","potentialAction":[{"@type":"ReadAction","target":["https:\/\/corteospitale.org\/site\/langelo-della-storia-sotterraneo\/"]}]},{"@type":"ImageObject","inLanguage":"it-IT","@id":"https:\/\/corteospitale.org\/site\/langelo-della-storia-sotterraneo\/#primaryimage","url":"https:\/\/corteospitale.org\/site\/wp-content\/uploads\/2022\/10\/LAngelo-della-Storia-by-Sotterraneo-ph.-Giulia-di-Vitantonio_courtesy-Inteatro-festival1-scaled-e1665582302664.jpg","contentUrl":"https:\/\/corteospitale.org\/site\/wp-content\/uploads\/2022\/10\/LAngelo-della-Storia-by-Sotterraneo-ph.-Giulia-di-Vitantonio_courtesy-Inteatro-festival1-scaled-e1665582302664.jpg","width":2278,"height":1708,"caption":"Sotterraneo L\u2019Angelo della Storia concept e regia Sotterraneo in scena Sara Bonaventura, Claudio Cirri, Lorenza Guerrini, Daniele Pennati, Giulio Santolini scrittura Daniele Villa luci Marco Santambrogio costumi Ettore Lombardi suoni Simone Arganini produzione Sotterraneo coproduzione Marche Teatro, Associazione Teatrale Pistoiese, CSS Teatro stabile di innovazione del FVG, Teatro Nacional D. Maria II contributo Centrale Fies, La Corte Ospitale, Armunia col supporto di Mic, Regione Toscana, Fondazione Cassa di Risparmio di Firenze residenze artistiche Centrale Fies_art work space, La Corte Ospitale, Dialoghi \u2013 Residenze delle arti performative a Villa Manin, Armunia, Elsinor\/Teatro Cantiere Florida, Associazione Teatrale Pistoiese Sotterraneo fa parte del progetto Fies Factory, \u00e8 residente presso Associazione Teatrale Pistoiese ed \u00e8 artista associato al Piccolo Teatro di Milano Non \u00e8 che il passato getti la sua luce sul presente o il presente la sua luce sul passato: l\u2019immagine \u00e8 ci\u00f2 in cui quel che \u00e8 stato si unisce fulmineamente con l\u2019adesso in una costellazione Walter Benjamin) Nel suo ultimo lavoro il filosofo Walter Benjamin descrive un angelo che vola con lo sguardo rivolto al passato, dando le spalle al futuro: le macerie di edifici e ideologie si accumulano davanti ai suoi occhi [strumenti musicali in fondo all\u2019oceano, radar malfunzionanti, balene spiaggiate] e l\u2019angelo vorrebbe fermarsi a ricomporre i detriti[neonati morti, statue in Antartide, conigli fluorescenti], ma una tempesta gonfia le sue ali e lo trascina inesorabilmente in avanti [danze isteriche di massa, paracaduti inceppati, gatti milionari]: questa tempesta \u00e8 ci\u00f2 che chiamiamo progresso. Per quanto l\u2019angelo osservi il susseguirsi degli eventi [mani sui tasti di un pianoforte, funghi atomici, cartoline nella giungla] e cerchi di resistere alla tempesta, non pu\u00f2 fermarsi e intervenire, non pu\u00f2 rincollare i pezzi e rifondare una realt\u00e0 condivisa, non pu\u00f2 fare assolut"},{"@type":"BreadcrumbList","@id":"https:\/\/corteospitale.org\/site\/langelo-della-storia-sotterraneo\/#breadcrumb","itemListElement":[{"@type":"ListItem","position":1,"name":"Home","item":"https:\/\/corteospitale.org\/site\/"},{"@type":"ListItem","position":2,"name":"L&#8217;angelo della storia, Sotterraneo"}]},{"@type":"WebSite","@id":"https:\/\/corteospitale.org\/site\/#website","url":"https:\/\/corteospitale.org\/site\/","name":"LA CORTE OSPITALE","description":"","publisher":{"@id":"https:\/\/corteospitale.org\/site\/#organization"},"potentialAction":[{"@type":"SearchAction","target":{"@type":"EntryPoint","urlTemplate":"https:\/\/corteospitale.org\/site\/?s={search_term_string}"},"query-input":{"@type":"PropertyValueSpecification","valueRequired":true,"valueName":"search_term_string"}}],"inLanguage":"it-IT"},{"@type":"Organization","@id":"https:\/\/corteospitale.org\/site\/#organization","name":"Corte Ospitale","url":"https:\/\/corteospitale.org\/site\/","logo":{"@type":"ImageObject","inLanguage":"it-IT","@id":"https:\/\/corteospitale.org\/site\/#\/schema\/logo\/image\/","url":"","contentUrl":"","caption":"Corte Ospitale"},"image":{"@id":"https:\/\/corteospitale.org\/site\/#\/schema\/logo\/image\/"},"sameAs":["https:\/\/www.facebook.com\/corteospitale","https:\/\/www.instagram.com\/corteospitale\/","https:\/\/www.youtube.com\/user\/LaCorteOspitale1"]},{"@type":"Person","@id":"https:\/\/corteospitale.org\/site\/#\/schema\/person\/2e6c7771de31d29fa1f09440dc741ce0","name":"Manuela","image":{"@type":"ImageObject","inLanguage":"it-IT","@id":"https:\/\/corteospitale.org\/site\/#\/schema\/person\/image\/","url":"https:\/\/secure.gravatar.com\/avatar\/ac6dcb2697d112cdbed0c3c486cf1a2150a160d7ea8f53aee6865d6c70612228?s=96&r=g","contentUrl":"https:\/\/secure.gravatar.com\/avatar\/ac6dcb2697d112cdbed0c3c486cf1a2150a160d7ea8f53aee6865d6c70612228?s=96&r=g","caption":"Manuela"}}]}},"_links":{"self":[{"href":"https:\/\/corteospitale.org\/site\/wp-json\/wp\/v2\/posts\/7268","targetHints":{"allow":["GET"]}}],"collection":[{"href":"https:\/\/corteospitale.org\/site\/wp-json\/wp\/v2\/posts"}],"about":[{"href":"https:\/\/corteospitale.org\/site\/wp-json\/wp\/v2\/types\/post"}],"author":[{"embeddable":true,"href":"https:\/\/corteospitale.org\/site\/wp-json\/wp\/v2\/users\/2"}],"replies":[{"embeddable":true,"href":"https:\/\/corteospitale.org\/site\/wp-json\/wp\/v2\/comments?post=7268"}],"version-history":[{"count":4,"href":"https:\/\/corteospitale.org\/site\/wp-json\/wp\/v2\/posts\/7268\/revisions"}],"predecessor-version":[{"id":7288,"href":"https:\/\/corteospitale.org\/site\/wp-json\/wp\/v2\/posts\/7268\/revisions\/7288"}],"wp:featuredmedia":[{"embeddable":true,"href":"https:\/\/corteospitale.org\/site\/wp-json\/wp\/v2\/media\/7269"}],"wp:attachment":[{"href":"https:\/\/corteospitale.org\/site\/wp-json\/wp\/v2\/media?parent=7268"}],"wp:term":[{"taxonomy":"category","embeddable":true,"href":"https:\/\/corteospitale.org\/site\/wp-json\/wp\/v2\/categories?post=7268"},{"taxonomy":"post_tag","embeddable":true,"href":"https:\/\/corteospitale.org\/site\/wp-json\/wp\/v2\/tags?post=7268"}],"curies":[{"name":"wp","href":"https:\/\/api.w.org\/{rel}","templated":true}]}}