{"id":7272,"date":"2022-12-21T16:19:34","date_gmt":"2022-10-12T17:21:53","guid":{"rendered":"https:\/\/corteospitale.org\/site\/?p=7272"},"modified":"2022-10-12T19:22:33","modified_gmt":"2022-10-12T17:22:33","slug":"best-regards-marco-dagostin","status":"publish","type":"post","link":"https:\/\/corteospitale.org\/site\/best-regards-marco-dagostin\/","title":{"rendered":"Best Regards, Marco D&#8217;Agostin"},"content":{"rendered":"<h1>Best Regards<\/h1>\n<p>&nbsp;<\/p>\n<p>di <strong>Marco D\u2019Agostin<br \/>\n<\/strong>con<strong> Marco D\u2019Agostin<br \/>\n<\/strong>suono, grafiche&nbsp;<strong>LSKA<br \/>\n<\/strong>testi<strong> Chiara Bersani, Marco D\u2019Agostin, Azzurra D\u2019Agostino, Wendy Houstoun<br \/>\n<\/strong>luci&nbsp;<strong>Giulia Pastore<br \/>\n<\/strong>produzione <strong>VAN<br \/>\n<\/strong>coproduzione<strong> KLAP Maison pour la danse \u00e0 Marseille, Rencontres chor\u00e9graphiques,&nbsp;<\/strong><strong>internationales de Seine-Saint-Denis, CCN2-Centre chor\u00e9graphique national de Grenoble, ERT &#8211; Emilia Romagna Fondazione<\/strong><\/p>\n<div class=\"page\" title=\"Page 3\">\n<div class=\"layoutArea\">\n<div class=\"column\">\n<p>&nbsp;<\/p>\n<p>DEAR N,<br \/>\nYOU WERE TOO MUCH. TOO FUNNY. NOT JUST PLAIN FUNNY BUT, YOU KNOW: SILLY FUNNY, WITTY FUNNY, BITING FUNNY, CUTTING FUNNY, FEROCIOUS FUNNY, DESPONDENT FUNNY, FRIGHTENING FUNNY.<br \/>\nAND PHYSICAL TOO. YES TOO PHYSICAL BY HALF. TOO BODY, BODY. TOO BODILY BODY TO BE THEATRE AND TOO ENTERTAINING TO BE SERIOUS.<\/p>\n<p>Wendy Houstoun, Letter to Nigel Charnock<\/p>\n<p>Con queste parole Wendy Houstoun salutava l\u2019amico e collega Nigel Charnock, a pochi giorni dalla sua morte, nell\u2019agosto del 2012. Nigel era stato uno dei fondatori dei DV8 &#8211; Physical Theatre negli anni \u201980; aveva poi proseguito in solitaria come performer e coreografo, dando vita a una formidabile serie di assoli. Per chi lo ha conosciuto egli era, esattamente come nelle parole di Wendy, \u201ctoo much\u201d.<\/p>\n<p>Con i suoi spettacoli, esplosioni ipercinetiche in cui il canto, la danza, il grido, la messinscena, la finzione e la realt\u00e0 palpabile della performance venivano cucite attorno ad un vuoto abissale, ha allargato le maglie del genere \u201cdanza contemporanea\u201d ed \u00e8 sembrato incarnare alla perfezione quella possibilit\u00e0 dell\u2019arte che David Foster Wallace ha provato a definire \u201cintrattenimento fallito\u201d (\u201cfailed entertainement\u201d). In lui tutto era energia, desiderio, volont\u00e0. Eppure, come disperatamente ripete nel suo solo One Dixon Road, \u201cthere\u2019s nothing else, it\u2019s nothing, nothing\u201d*: non c\u2019\u00e8 niente, niente, niente ha senso.<\/p>\n<div class=\"page\" title=\"Page 3\">\n<div class=\"layoutArea\">\n<div class=\"column\">\n<p>&#8220;Ho conosciuto e lavorato con Nigel Charnock nel 2010. Questo incontro ha segnato una linea netta nel mio modo di pensare la performance. Dopo di lui, la possibilit\u00e0 di una danza \u00e8 per me l&#8217;orizzonte entro il quale tutto in scena pu\u00f2 accadere.<br \/>\nBEST REGARDS \u00e8 la lettera che scrivo, con 8 anni di ritardo, a qualcuno che non risponder\u00e0 mai. \u00c8 un modo per dire: \u201cDear N, I wanted to be too much too\u201d (\u201cCaro N, anch\u2019io volevo essere troppo\u201d). \u00c9 l\u2019invito a partecipare a un tributo laico e pop: cantiamo assieme di una nostalgia che ci riguarda tutti, noi che non siamo arrivati in tempo per dire quello che volevamo. All\u2019ombra del tempo scaduto, e sotto la luce che Nigel continua a proiettare sulla scena di chi oggi danza, facciamo risuonare un ritornello martellante, spieghiamo di fronte ai nostri occhi un foglio bianco e chiediamoci: come la cominciamo, questa lettera impossibile?&#8221;<\/p>\n<p>M. D&#8217;Agostin<\/p>\n<p>* rubbish, shit, there is no now&#8230; all there is is this, there\u2019s nothing else, it\u2019s nothing, and what does this mean, nothing&#8230;.It\u2019s absolutely, totally, beauti- fully, divinely, amazingly meaningless, right, I\u2019m glad we got that sorted now<\/p>\n<\/div>\n<\/div>\n<\/div>\n<\/div>\n<\/div>\n<\/div>\n<p>&nbsp;<\/p>\n","protected":false},"excerpt":{"rendered":"<p>Best Regards &nbsp; di Marco D\u2019Agostin con Marco D\u2019Agostin suono, grafiche&nbsp;LSKA testi Chiara Bersani, Marco D\u2019Agostin, Azzurra D\u2019Agostino, Wendy Houstoun luci&nbsp;Giulia Pastore produzione VAN coproduzione KLAP Maison pour la danse \u00e0 Marseille, Rencontres chor\u00e9graphiques,&nbsp;internationales de Seine-Saint-Denis, CCN2-Centre chor\u00e9graphique national de &hellip;<\/p>\n","protected":false},"author":2,"featured_media":7273,"comment_status":"closed","ping_status":"closed","sticky":false,"template":"","format":"standard","meta":{"_acf_changed":false,"ngg_post_thumbnail":0,"footnotes":"","_links_to":"","_links_to_target":""},"categories":[296],"tags":[],"class_list":["post-7272","post","type-post","status-publish","format-standard","has-post-thumbnail","hentry","category-stagione-di-prosa-2022-23"],"acf":[],"yoast_head":"<!-- This site is optimized with the Yoast SEO plugin v24.7 - https:\/\/yoast.com\/wordpress\/plugins\/seo\/ -->\n<title>Best Regards, Marco D&#039;Agostin - LA CORTE OSPITALE<\/title>\n<meta name=\"description\" content=\"Ho conosciuto e lavorato con Nigel Charnock nel 2010. Questo incontro ha segnato una linea netta nel mio modo di pensare la performance. Dopo di lui, la possibilit\u00e0 di una danza \u00e8 per me l&#039;orizzonte entro il quale tutto in scena pu\u00f2 accadere.BEST REGARDS \u00e8 la lettera che scrivo, con 8 anni di ritardo, a qualcuno che non risponder\u00e0 mai. M.D&#039;Agostin\" \/>\n<meta name=\"robots\" content=\"index, follow, max-snippet:-1, max-image-preview:large, max-video-preview:-1\" \/>\n<link rel=\"canonical\" href=\"https:\/\/corteospitale.org\/site\/best-regards-marco-dagostin\/\" \/>\n<meta property=\"og:locale\" content=\"it_IT\" \/>\n<meta property=\"og:type\" content=\"article\" \/>\n<meta property=\"og:title\" content=\"Best Regards, Marco D&#039;Agostin - LA CORTE OSPITALE\" \/>\n<meta property=\"og:description\" content=\"Ho conosciuto e lavorato con Nigel Charnock nel 2010. Questo incontro ha segnato una linea netta nel mio modo di pensare la performance. Dopo di lui, la possibilit\u00e0 di una danza \u00e8 per me l&#039;orizzonte entro il quale tutto in scena pu\u00f2 accadere.BEST REGARDS \u00e8 la lettera che scrivo, con 8 anni di ritardo, a qualcuno che non risponder\u00e0 mai. M.D&#039;Agostin\" \/>\n<meta property=\"og:url\" content=\"https:\/\/corteospitale.org\/site\/best-regards-marco-dagostin\/\" \/>\n<meta property=\"og:site_name\" content=\"LA CORTE OSPITALE\" \/>\n<meta property=\"article:publisher\" content=\"https:\/\/www.facebook.com\/corteospitale\" \/>\n<meta property=\"article:published_time\" content=\"2022-10-12T17:21:53+00:00\" \/>\n<meta property=\"article:modified_time\" content=\"2022-10-12T17:22:33+00:00\" \/>\n<meta property=\"og:image\" content=\"https:\/\/corteospitale.org\/site\/wp-content\/uploads\/2022\/10\/WhatsApp-Image-2022-09-29-at-14.03.58-e1665582893529.jpeg\" \/>\n\t<meta property=\"og:image:width\" content=\"1424\" \/>\n\t<meta property=\"og:image:height\" content=\"1068\" \/>\n\t<meta property=\"og:image:type\" content=\"image\/jpeg\" \/>\n<meta name=\"author\" content=\"Manuela\" \/>\n<meta name=\"twitter:card\" content=\"summary_large_image\" \/>\n<meta name=\"twitter:label1\" content=\"Scritto da\" \/>\n\t<meta name=\"twitter:data1\" content=\"Manuela\" \/>\n\t<meta name=\"twitter:label2\" content=\"Tempo di lettura stimato\" \/>\n\t<meta name=\"twitter:data2\" content=\"2 minuti\" \/>\n<script type=\"application\/ld+json\" class=\"yoast-schema-graph\">{\"@context\":\"https:\/\/schema.org\",\"@graph\":[{\"@type\":\"Article\",\"@id\":\"https:\/\/corteospitale.org\/site\/best-regards-marco-dagostin\/#article\",\"isPartOf\":{\"@id\":\"https:\/\/corteospitale.org\/site\/best-regards-marco-dagostin\/\"},\"author\":{\"name\":\"Manuela\",\"@id\":\"https:\/\/corteospitale.org\/site\/#\/schema\/person\/2e6c7771de31d29fa1f09440dc741ce0\"},\"headline\":\"Best Regards, Marco D&#8217;Agostin\",\"datePublished\":\"2022-10-12T17:21:53+00:00\",\"dateModified\":\"2022-10-12T17:22:33+00:00\",\"mainEntityOfPage\":{\"@id\":\"https:\/\/corteospitale.org\/site\/best-regards-marco-dagostin\/\"},\"wordCount\":474,\"publisher\":{\"@id\":\"https:\/\/corteospitale.org\/site\/#organization\"},\"image\":{\"@id\":\"https:\/\/corteospitale.org\/site\/best-regards-marco-dagostin\/#primaryimage\"},\"thumbnailUrl\":\"https:\/\/corteospitale.org\/site\/wp-content\/uploads\/2022\/10\/WhatsApp-Image-2022-09-29-at-14.03.58-e1665582893529.jpeg\",\"articleSection\":[\"Stagione di prosa 2022\/23\"],\"inLanguage\":\"it-IT\"},{\"@type\":\"WebPage\",\"@id\":\"https:\/\/corteospitale.org\/site\/best-regards-marco-dagostin\/\",\"url\":\"https:\/\/corteospitale.org\/site\/best-regards-marco-dagostin\/\",\"name\":\"Best Regards, Marco D'Agostin - LA CORTE OSPITALE\",\"isPartOf\":{\"@id\":\"https:\/\/corteospitale.org\/site\/#website\"},\"primaryImageOfPage\":{\"@id\":\"https:\/\/corteospitale.org\/site\/best-regards-marco-dagostin\/#primaryimage\"},\"image\":{\"@id\":\"https:\/\/corteospitale.org\/site\/best-regards-marco-dagostin\/#primaryimage\"},\"thumbnailUrl\":\"https:\/\/corteospitale.org\/site\/wp-content\/uploads\/2022\/10\/WhatsApp-Image-2022-09-29-at-14.03.58-e1665582893529.jpeg\",\"datePublished\":\"2022-10-12T17:21:53+00:00\",\"dateModified\":\"2022-10-12T17:22:33+00:00\",\"description\":\"Ho conosciuto e lavorato con Nigel Charnock nel 2010. Questo incontro ha segnato una linea netta nel mio modo di pensare la performance. Dopo di lui, la possibilit\u00e0 di una danza \u00e8 per me l'orizzonte entro il quale tutto in scena pu\u00f2 accadere.BEST REGARDS \u00e8 la lettera che scrivo, con 8 anni di ritardo, a qualcuno che non risponder\u00e0 mai. M.D'Agostin\",\"breadcrumb\":{\"@id\":\"https:\/\/corteospitale.org\/site\/best-regards-marco-dagostin\/#breadcrumb\"},\"inLanguage\":\"it-IT\",\"potentialAction\":[{\"@type\":\"ReadAction\",\"target\":[\"https:\/\/corteospitale.org\/site\/best-regards-marco-dagostin\/\"]}]},{\"@type\":\"ImageObject\",\"inLanguage\":\"it-IT\",\"@id\":\"https:\/\/corteospitale.org\/site\/best-regards-marco-dagostin\/#primaryimage\",\"url\":\"https:\/\/corteospitale.org\/site\/wp-content\/uploads\/2022\/10\/WhatsApp-Image-2022-09-29-at-14.03.58-e1665582893529.jpeg\",\"contentUrl\":\"https:\/\/corteospitale.org\/site\/wp-content\/uploads\/2022\/10\/WhatsApp-Image-2022-09-29-at-14.03.58-e1665582893529.jpeg\",\"width\":1424,\"height\":1068},{\"@type\":\"BreadcrumbList\",\"@id\":\"https:\/\/corteospitale.org\/site\/best-regards-marco-dagostin\/#breadcrumb\",\"itemListElement\":[{\"@type\":\"ListItem\",\"position\":1,\"name\":\"Home\",\"item\":\"https:\/\/corteospitale.org\/site\/\"},{\"@type\":\"ListItem\",\"position\":2,\"name\":\"Best Regards, Marco D&#8217;Agostin\"}]},{\"@type\":\"WebSite\",\"@id\":\"https:\/\/corteospitale.org\/site\/#website\",\"url\":\"https:\/\/corteospitale.org\/site\/\",\"name\":\"LA CORTE OSPITALE\",\"description\":\"\",\"publisher\":{\"@id\":\"https:\/\/corteospitale.org\/site\/#organization\"},\"potentialAction\":[{\"@type\":\"SearchAction\",\"target\":{\"@type\":\"EntryPoint\",\"urlTemplate\":\"https:\/\/corteospitale.org\/site\/?s={search_term_string}\"},\"query-input\":{\"@type\":\"PropertyValueSpecification\",\"valueRequired\":true,\"valueName\":\"search_term_string\"}}],\"inLanguage\":\"it-IT\"},{\"@type\":\"Organization\",\"@id\":\"https:\/\/corteospitale.org\/site\/#organization\",\"name\":\"Corte Ospitale\",\"url\":\"https:\/\/corteospitale.org\/site\/\",\"logo\":{\"@type\":\"ImageObject\",\"inLanguage\":\"it-IT\",\"@id\":\"https:\/\/corteospitale.org\/site\/#\/schema\/logo\/image\/\",\"url\":\"\",\"contentUrl\":\"\",\"caption\":\"Corte Ospitale\"},\"image\":{\"@id\":\"https:\/\/corteospitale.org\/site\/#\/schema\/logo\/image\/\"},\"sameAs\":[\"https:\/\/www.facebook.com\/corteospitale\",\"https:\/\/www.instagram.com\/corteospitale\/\",\"https:\/\/www.youtube.com\/user\/LaCorteOspitale1\"]},{\"@type\":\"Person\",\"@id\":\"https:\/\/corteospitale.org\/site\/#\/schema\/person\/2e6c7771de31d29fa1f09440dc741ce0\",\"name\":\"Manuela\",\"image\":{\"@type\":\"ImageObject\",\"inLanguage\":\"it-IT\",\"@id\":\"https:\/\/corteospitale.org\/site\/#\/schema\/person\/image\/\",\"url\":\"https:\/\/secure.gravatar.com\/avatar\/ac6dcb2697d112cdbed0c3c486cf1a2150a160d7ea8f53aee6865d6c70612228?s=96&r=g\",\"contentUrl\":\"https:\/\/secure.gravatar.com\/avatar\/ac6dcb2697d112cdbed0c3c486cf1a2150a160d7ea8f53aee6865d6c70612228?s=96&r=g\",\"caption\":\"Manuela\"}}]}<\/script>\n<!-- \/ Yoast SEO plugin. -->","yoast_head_json":{"title":"Best Regards, Marco D'Agostin - LA CORTE OSPITALE","description":"Ho conosciuto e lavorato con Nigel Charnock nel 2010. Questo incontro ha segnato una linea netta nel mio modo di pensare la performance. Dopo di lui, la possibilit\u00e0 di una danza \u00e8 per me l'orizzonte entro il quale tutto in scena pu\u00f2 accadere.BEST REGARDS \u00e8 la lettera che scrivo, con 8 anni di ritardo, a qualcuno che non risponder\u00e0 mai. M.D'Agostin","robots":{"index":"index","follow":"follow","max-snippet":"max-snippet:-1","max-image-preview":"max-image-preview:large","max-video-preview":"max-video-preview:-1"},"canonical":"https:\/\/corteospitale.org\/site\/best-regards-marco-dagostin\/","og_locale":"it_IT","og_type":"article","og_title":"Best Regards, Marco D'Agostin - LA CORTE OSPITALE","og_description":"Ho conosciuto e lavorato con Nigel Charnock nel 2010. Questo incontro ha segnato una linea netta nel mio modo di pensare la performance. Dopo di lui, la possibilit\u00e0 di una danza \u00e8 per me l'orizzonte entro il quale tutto in scena pu\u00f2 accadere.BEST REGARDS \u00e8 la lettera che scrivo, con 8 anni di ritardo, a qualcuno che non risponder\u00e0 mai. M.D'Agostin","og_url":"https:\/\/corteospitale.org\/site\/best-regards-marco-dagostin\/","og_site_name":"LA CORTE OSPITALE","article_publisher":"https:\/\/www.facebook.com\/corteospitale","article_published_time":"2022-10-12T17:21:53+00:00","article_modified_time":"2022-10-12T17:22:33+00:00","og_image":[{"width":1424,"height":1068,"url":"https:\/\/corteospitale.org\/site\/wp-content\/uploads\/2022\/10\/WhatsApp-Image-2022-09-29-at-14.03.58-e1665582893529.jpeg","type":"image\/jpeg"}],"author":"Manuela","twitter_card":"summary_large_image","twitter_misc":{"Scritto da":"Manuela","Tempo di lettura stimato":"2 minuti"},"schema":{"@context":"https:\/\/schema.org","@graph":[{"@type":"Article","@id":"https:\/\/corteospitale.org\/site\/best-regards-marco-dagostin\/#article","isPartOf":{"@id":"https:\/\/corteospitale.org\/site\/best-regards-marco-dagostin\/"},"author":{"name":"Manuela","@id":"https:\/\/corteospitale.org\/site\/#\/schema\/person\/2e6c7771de31d29fa1f09440dc741ce0"},"headline":"Best Regards, Marco D&#8217;Agostin","datePublished":"2022-10-12T17:21:53+00:00","dateModified":"2022-10-12T17:22:33+00:00","mainEntityOfPage":{"@id":"https:\/\/corteospitale.org\/site\/best-regards-marco-dagostin\/"},"wordCount":474,"publisher":{"@id":"https:\/\/corteospitale.org\/site\/#organization"},"image":{"@id":"https:\/\/corteospitale.org\/site\/best-regards-marco-dagostin\/#primaryimage"},"thumbnailUrl":"https:\/\/corteospitale.org\/site\/wp-content\/uploads\/2022\/10\/WhatsApp-Image-2022-09-29-at-14.03.58-e1665582893529.jpeg","articleSection":["Stagione di prosa 2022\/23"],"inLanguage":"it-IT"},{"@type":"WebPage","@id":"https:\/\/corteospitale.org\/site\/best-regards-marco-dagostin\/","url":"https:\/\/corteospitale.org\/site\/best-regards-marco-dagostin\/","name":"Best Regards, Marco D'Agostin - LA CORTE OSPITALE","isPartOf":{"@id":"https:\/\/corteospitale.org\/site\/#website"},"primaryImageOfPage":{"@id":"https:\/\/corteospitale.org\/site\/best-regards-marco-dagostin\/#primaryimage"},"image":{"@id":"https:\/\/corteospitale.org\/site\/best-regards-marco-dagostin\/#primaryimage"},"thumbnailUrl":"https:\/\/corteospitale.org\/site\/wp-content\/uploads\/2022\/10\/WhatsApp-Image-2022-09-29-at-14.03.58-e1665582893529.jpeg","datePublished":"2022-10-12T17:21:53+00:00","dateModified":"2022-10-12T17:22:33+00:00","description":"Ho conosciuto e lavorato con Nigel Charnock nel 2010. Questo incontro ha segnato una linea netta nel mio modo di pensare la performance. Dopo di lui, la possibilit\u00e0 di una danza \u00e8 per me l'orizzonte entro il quale tutto in scena pu\u00f2 accadere.BEST REGARDS \u00e8 la lettera che scrivo, con 8 anni di ritardo, a qualcuno che non risponder\u00e0 mai. M.D'Agostin","breadcrumb":{"@id":"https:\/\/corteospitale.org\/site\/best-regards-marco-dagostin\/#breadcrumb"},"inLanguage":"it-IT","potentialAction":[{"@type":"ReadAction","target":["https:\/\/corteospitale.org\/site\/best-regards-marco-dagostin\/"]}]},{"@type":"ImageObject","inLanguage":"it-IT","@id":"https:\/\/corteospitale.org\/site\/best-regards-marco-dagostin\/#primaryimage","url":"https:\/\/corteospitale.org\/site\/wp-content\/uploads\/2022\/10\/WhatsApp-Image-2022-09-29-at-14.03.58-e1665582893529.jpeg","contentUrl":"https:\/\/corteospitale.org\/site\/wp-content\/uploads\/2022\/10\/WhatsApp-Image-2022-09-29-at-14.03.58-e1665582893529.jpeg","width":1424,"height":1068},{"@type":"BreadcrumbList","@id":"https:\/\/corteospitale.org\/site\/best-regards-marco-dagostin\/#breadcrumb","itemListElement":[{"@type":"ListItem","position":1,"name":"Home","item":"https:\/\/corteospitale.org\/site\/"},{"@type":"ListItem","position":2,"name":"Best Regards, Marco D&#8217;Agostin"}]},{"@type":"WebSite","@id":"https:\/\/corteospitale.org\/site\/#website","url":"https:\/\/corteospitale.org\/site\/","name":"LA CORTE OSPITALE","description":"","publisher":{"@id":"https:\/\/corteospitale.org\/site\/#organization"},"potentialAction":[{"@type":"SearchAction","target":{"@type":"EntryPoint","urlTemplate":"https:\/\/corteospitale.org\/site\/?s={search_term_string}"},"query-input":{"@type":"PropertyValueSpecification","valueRequired":true,"valueName":"search_term_string"}}],"inLanguage":"it-IT"},{"@type":"Organization","@id":"https:\/\/corteospitale.org\/site\/#organization","name":"Corte Ospitale","url":"https:\/\/corteospitale.org\/site\/","logo":{"@type":"ImageObject","inLanguage":"it-IT","@id":"https:\/\/corteospitale.org\/site\/#\/schema\/logo\/image\/","url":"","contentUrl":"","caption":"Corte Ospitale"},"image":{"@id":"https:\/\/corteospitale.org\/site\/#\/schema\/logo\/image\/"},"sameAs":["https:\/\/www.facebook.com\/corteospitale","https:\/\/www.instagram.com\/corteospitale\/","https:\/\/www.youtube.com\/user\/LaCorteOspitale1"]},{"@type":"Person","@id":"https:\/\/corteospitale.org\/site\/#\/schema\/person\/2e6c7771de31d29fa1f09440dc741ce0","name":"Manuela","image":{"@type":"ImageObject","inLanguage":"it-IT","@id":"https:\/\/corteospitale.org\/site\/#\/schema\/person\/image\/","url":"https:\/\/secure.gravatar.com\/avatar\/ac6dcb2697d112cdbed0c3c486cf1a2150a160d7ea8f53aee6865d6c70612228?s=96&r=g","contentUrl":"https:\/\/secure.gravatar.com\/avatar\/ac6dcb2697d112cdbed0c3c486cf1a2150a160d7ea8f53aee6865d6c70612228?s=96&r=g","caption":"Manuela"}}]}},"_links":{"self":[{"href":"https:\/\/corteospitale.org\/site\/wp-json\/wp\/v2\/posts\/7272","targetHints":{"allow":["GET"]}}],"collection":[{"href":"https:\/\/corteospitale.org\/site\/wp-json\/wp\/v2\/posts"}],"about":[{"href":"https:\/\/corteospitale.org\/site\/wp-json\/wp\/v2\/types\/post"}],"author":[{"embeddable":true,"href":"https:\/\/corteospitale.org\/site\/wp-json\/wp\/v2\/users\/2"}],"replies":[{"embeddable":true,"href":"https:\/\/corteospitale.org\/site\/wp-json\/wp\/v2\/comments?post=7272"}],"version-history":[{"count":3,"href":"https:\/\/corteospitale.org\/site\/wp-json\/wp\/v2\/posts\/7272\/revisions"}],"predecessor-version":[{"id":7291,"href":"https:\/\/corteospitale.org\/site\/wp-json\/wp\/v2\/posts\/7272\/revisions\/7291"}],"wp:featuredmedia":[{"embeddable":true,"href":"https:\/\/corteospitale.org\/site\/wp-json\/wp\/v2\/media\/7273"}],"wp:attachment":[{"href":"https:\/\/corteospitale.org\/site\/wp-json\/wp\/v2\/media?parent=7272"}],"wp:term":[{"taxonomy":"category","embeddable":true,"href":"https:\/\/corteospitale.org\/site\/wp-json\/wp\/v2\/categories?post=7272"},{"taxonomy":"post_tag","embeddable":true,"href":"https:\/\/corteospitale.org\/site\/wp-json\/wp\/v2\/tags?post=7272"}],"curies":[{"name":"wp","href":"https:\/\/api.w.org\/{rel}","templated":true}]}}