{"id":7350,"date":"2022-10-25T16:17:03","date_gmt":"2022-10-25T14:17:03","guid":{"rendered":"https:\/\/corteospitale.org\/site\/?p=7350"},"modified":"2022-10-25T16:19:27","modified_gmt":"2022-10-25T14:19:27","slug":"penelope-martina-badiluzzi","status":"publish","type":"post","link":"https:\/\/corteospitale.org\/site\/penelope-martina-badiluzzi\/","title":{"rendered":"Penelope &#8211; Martina Badiluzzi"},"content":{"rendered":"<h1>PENELOPE<\/h1>\n<p>&nbsp;<\/p>\n<div class=\"wpb_text_column wpb_content_element \">\n<div class=\"wpb_wrapper\">\n<h6>scritto e diretto da_<strong>MARTINA BADILUZZI<\/strong><\/h6>\n<h6>con_FEDERICA CARRUBA TOSCANO<\/h6>\n<h6>progetto sonoro dal vivo_SAMUELE CESTOLA<\/h6>\n<h6>disegno luci e scene_FABRIZIO CICERO<\/h6>\n<h6>costumi_ROSSANA GEA CAVALLO<\/h6>\n<h6>consulenza artistica_GIORGIA BUTTARAZZI<\/h6>\n<h6>aiuto regia_ARIANNA POZZOLI<\/h6>\n<h6>curatore del progetto_CORRADO RUSSO<\/h6>\n<h6>produttore e organizzatore generale_PIETRO MONTEVERDI<\/h6>\n<h6>ufficio stampa_MARTA SCANDORZA<\/h6>\n<h6>una produzione_OSCENICA<\/h6>\n<h6>in coproduzione con_ROMAEUROPA FESTIVAL (IT) | PRIMAVERA DEI TEATRI (IT) | SCENA VERTICALE (IT) | PERGINE FESTIVAL (IT)<\/h6>\n<h6>con il sostegno di_LA CORTE OSPITALE (IT) | TEATRO BIBLIOTECA QUARTICCIOLO (IT) | CARROZZERIE N.O.T. (IT) | TEATRO DEL GRILLO (IT)<\/h6>\n<h6>anteprime e debutti nazionali<br \/>\nROMAEUROPA FESTIVAL (IT 12.11.2022)<\/h6>\n<\/div>\n<\/div>\n<div class=\"vc_empty_space\">&nbsp;<\/div>\n<h4>SINOSSI<\/h4>\n<div class=\"wpb_text_column wpb_content_element \">\n<div class=\"wpb_wrapper\">\n<p>Penelope \u00e8 una donna sottoposta alle intemperie del tempo, conosce la propria intelligenza, ormai conosce se stessa, la saggezza che l\u2019ha portata ad essere un\u2019eroina di resistenza e determinazione. Conosce il suo corpo, conosce la sua lingua, sa parlare e ora parla riempiendo il suo deserto emotivo di parole che sono una prima persona singolare, un monologo. La bocca \u00e8 la porta del corpo e della mente che d\u00e0 sul mondo esterno. \u00c8 il luogo da cui entra il cibo, da cui escono le parole. \u00c8 frontiera, \u00e8 limite. Ed \u00e8 sulle labbra di un\u2019attrice che prende corpo questa voce, questa donna, questo canto.<\/p>\n<\/div>\n<\/div>\n<h4>NOTE DI REGIA<\/h4>\n<div class=\"wpb_text_column wpb_content_element \">\n<div class=\"wpb_wrapper\">\n<p>Su quale tipo di storia abbiamo formato la nostra cultura? Ulisse il re dell\u2019ingegno, l\u2019astuto, il furbo, colui che, emblema dell\u2019umanita\u0300 curiosa e votato all\u2019intelletto, usa la sua intelligenza per dominare la realta\u0300. Penelope, invece, e\u0300 una giovane donna, il suo apprendistato e\u0300 lungo. L\u2019attesa di Penelope, la sua resistenza non violenta di cosa ci parla? Perche\u0301 ci parla in questo momento? Cosa le sta insegnando la compagnia di se stessa? Penelope non \u00e8 la fotografia al negativo dell\u2019eroico Ulisse, c\u2019\u00e8 nella sua resistenza qualcosa di vitale e profondo, la sua Odissea \u00e8 smarrirsi, non in mare ma nel suo inconscio, un\u2019immersione spaventosa nelle sue paure e nei suoi ricordi, un viaggio che le restituir\u00e0 una donna matura, in contatto coi propri desideri e sentimenti. Penelope e\u0300 una donna che \u00e8 stata sottoposta alle intemperie del tempo, ormai conosce se stessa, conosce la propria intelligenza fine che l\u2019ha portata ad essere un\u2019eroina di resistenza e determinazione. Conosce il suo corpo, conosce la sua lingua, sa parlare e ora parla riempiendo il suo deserto emotivo di parole che sono una prima persona singolare, un monologo. La sensibilita\u0300 di Federica Carruba Toscano e il suo straordinario talento sono il corpo e la voce perfetti per impersonare una donna cosi\u0300 antica eppure dalle istanze modernissime. La bocca e\u0300 la porta del corpo e della mente che da\u0300 sul mondo esterno. E\u0300 il luogo da cui entra il cibo, da cui escono le parole. E\u0300 frontiera, e\u0300 limite. Ed e\u0300 sulle labbra di un\u2019attrice che prende corpo questa voce, questa donna, questo canto. L\u2019allestimento, in dialogo con il disegno luci, sara\u0300 un\u2019installazione dell\u2019artista Fabrizio Cicero. Il silenzio dello spazio vuoto e\u0300 il preludio all\u2019eco che una voce solitaria puo\u0300 generare. La rifrazione e la ripetizione sono i concetti attorno cui costruire Penelope. Il vuoto al quale desideriamo dare corpo e\u0300 diverso da quello dell\u2019attesa, e\u0300 la solitudine di chi prende coscienza, di chi non subisce piu\u0300 lo scorrere del tempo. In questo deserto, la voce di Penelope riecheggia nello spazio scenico. Il design del suono sara\u0300 curato da Samuele Cestola, attraverso piastre e microfoni che potranno amplificare e articolare le possibilita\u0300 di ripetizione ed eco della voce. Come se fosse la performer stessa a creare un coro di voci, a generare un dialogo che a tratti potra\u0300 sembrare il frutto della sua immaginazione ma che, invece, interpella e riguarda tutte le donne. Uno sparpagliarsi di voce e dei pensieri che e\u0300 necessario alla protagonista per potersi ascoltare in terza persona, per oggettivare il racconto e non naufragarci dentro.<\/p>\n<\/div>\n<\/div>\n<div class=\"vc_empty_space\">&nbsp;<\/div>\n<h4><strong>MARTINA BADILUZZI<\/strong><\/h4>\n<p>Regista, autrice e attrice classe 1988, vive e lavora a Roma. Negli ultimi anni si \u00e8 dedicata allo studio dei linguaggi performativi, alla ricerca di un dialogo possibile tra la scrittura, l\u2019interprete e la scena. Vincitrice del bando Registi Under30 della Biennale di Venezia 2019 per la direzione di Antonio Latella, realizza la regia dello spettacolo The making Anastasia.<br \/>\nNel 2020 debutta al Roma Europa Festival la performance-concerto Rumori. Il progetto, nato durante la quarantena, \u00e8 un\u2019ibridazione tra la musica sperimentale del compositore Samuele Cestola e una raccolta di racconti ispirata dalla periferia di Roma scritta dalla stessa Badiluzzi.<br \/>\nDall\u2019autunno del 2021 \u00e8 interprete del progetto teatrale di Daria Deflorian e Antonio Tagliarini \u201cAvremo ancora l\u2019occasione di ballare insieme\u201d.<\/p>\n<div class=\"wpb_text_column wpb_content_element \">\n<div class=\"wpb_wrapper\">&nbsp;<\/div>\n<\/div>\n","protected":false},"excerpt":{"rendered":"<p>PENELOPE &nbsp; scritto e diretto da_MARTINA BADILUZZI con_FEDERICA CARRUBA TOSCANO progetto sonoro dal vivo_SAMUELE CESTOLA disegno luci e scene_FABRIZIO CICERO costumi_ROSSANA GEA CAVALLO consulenza artistica_GIORGIA BUTTARAZZI aiuto regia_ARIANNA POZZOLI curatore del progetto_CORRADO RUSSO produttore e organizzatore generale_PIETRO MONTEVERDI ufficio stampa_MARTA &hellip;<\/p>\n","protected":false},"author":2,"featured_media":7351,"comment_status":"closed","ping_status":"closed","sticky":false,"template":"","format":"standard","meta":{"_acf_changed":false,"ngg_post_thumbnail":0,"footnotes":"","_links_to":"","_links_to_target":""},"categories":[293],"tags":[],"class_list":["post-7350","post","type-post","status-publish","format-standard","has-post-thumbnail","hentry","category-residenze-artistiche-2022"],"acf":[],"yoast_head":"<!-- This site is optimized with the Yoast SEO plugin v24.7 - https:\/\/yoast.com\/wordpress\/plugins\/seo\/ -->\n<title>Penelope - Martina Badiluzzi - LA CORTE OSPITALE<\/title>\n<meta name=\"description\" content=\"Martina Badiluzzi Penelope residenze artistiche la corte ospitale.\" \/>\n<meta name=\"robots\" content=\"index, follow, max-snippet:-1, max-image-preview:large, max-video-preview:-1\" \/>\n<link rel=\"canonical\" href=\"https:\/\/corteospitale.org\/site\/penelope-martina-badiluzzi\/\" \/>\n<meta property=\"og:locale\" content=\"it_IT\" \/>\n<meta property=\"og:type\" content=\"article\" \/>\n<meta property=\"og:title\" content=\"Penelope - Martina Badiluzzi - LA CORTE OSPITALE\" \/>\n<meta property=\"og:description\" content=\"Martina Badiluzzi Penelope residenze artistiche la corte ospitale.\" \/>\n<meta property=\"og:url\" content=\"https:\/\/corteospitale.org\/site\/penelope-martina-badiluzzi\/\" \/>\n<meta property=\"og:site_name\" content=\"LA CORTE OSPITALE\" \/>\n<meta property=\"article:publisher\" content=\"https:\/\/www.facebook.com\/corteospitale\" \/>\n<meta property=\"article:published_time\" content=\"2022-10-25T14:17:03+00:00\" \/>\n<meta property=\"article:modified_time\" content=\"2022-10-25T14:19:27+00:00\" \/>\n<meta property=\"og:image\" content=\"https:\/\/corteospitale.org\/site\/wp-content\/uploads\/2022\/10\/PENELOPE_INVITO_FRONTE-1536x1024-1-e1666707248723.jpeg\" \/>\n\t<meta property=\"og:image:width\" content=\"725\" \/>\n\t<meta property=\"og:image:height\" content=\"725\" \/>\n\t<meta property=\"og:image:type\" content=\"image\/jpeg\" \/>\n<meta name=\"author\" content=\"Manuela\" \/>\n<meta name=\"twitter:card\" content=\"summary_large_image\" \/>\n<meta name=\"twitter:label1\" content=\"Scritto da\" \/>\n\t<meta name=\"twitter:data1\" content=\"Manuela\" \/>\n\t<meta name=\"twitter:label2\" content=\"Tempo di lettura stimato\" \/>\n\t<meta name=\"twitter:data2\" content=\"4 minuti\" \/>\n<script type=\"application\/ld+json\" class=\"yoast-schema-graph\">{\"@context\":\"https:\/\/schema.org\",\"@graph\":[{\"@type\":\"Article\",\"@id\":\"https:\/\/corteospitale.org\/site\/penelope-martina-badiluzzi\/#article\",\"isPartOf\":{\"@id\":\"https:\/\/corteospitale.org\/site\/penelope-martina-badiluzzi\/\"},\"author\":{\"name\":\"Manuela\",\"@id\":\"https:\/\/corteospitale.org\/site\/#\/schema\/person\/2e6c7771de31d29fa1f09440dc741ce0\"},\"headline\":\"Penelope &#8211; Martina Badiluzzi\",\"datePublished\":\"2022-10-25T14:17:03+00:00\",\"dateModified\":\"2022-10-25T14:19:27+00:00\",\"mainEntityOfPage\":{\"@id\":\"https:\/\/corteospitale.org\/site\/penelope-martina-badiluzzi\/\"},\"wordCount\":764,\"publisher\":{\"@id\":\"https:\/\/corteospitale.org\/site\/#organization\"},\"image\":{\"@id\":\"https:\/\/corteospitale.org\/site\/penelope-martina-badiluzzi\/#primaryimage\"},\"thumbnailUrl\":\"https:\/\/corteospitale.org\/site\/wp-content\/uploads\/2022\/10\/PENELOPE_INVITO_FRONTE-1536x1024-1-e1666707248723.jpeg\",\"articleSection\":[\"Residenze 2022\"],\"inLanguage\":\"it-IT\"},{\"@type\":\"WebPage\",\"@id\":\"https:\/\/corteospitale.org\/site\/penelope-martina-badiluzzi\/\",\"url\":\"https:\/\/corteospitale.org\/site\/penelope-martina-badiluzzi\/\",\"name\":\"Penelope - Martina Badiluzzi - LA CORTE OSPITALE\",\"isPartOf\":{\"@id\":\"https:\/\/corteospitale.org\/site\/#website\"},\"primaryImageOfPage\":{\"@id\":\"https:\/\/corteospitale.org\/site\/penelope-martina-badiluzzi\/#primaryimage\"},\"image\":{\"@id\":\"https:\/\/corteospitale.org\/site\/penelope-martina-badiluzzi\/#primaryimage\"},\"thumbnailUrl\":\"https:\/\/corteospitale.org\/site\/wp-content\/uploads\/2022\/10\/PENELOPE_INVITO_FRONTE-1536x1024-1-e1666707248723.jpeg\",\"datePublished\":\"2022-10-25T14:17:03+00:00\",\"dateModified\":\"2022-10-25T14:19:27+00:00\",\"description\":\"Martina Badiluzzi Penelope residenze artistiche la corte ospitale.\",\"breadcrumb\":{\"@id\":\"https:\/\/corteospitale.org\/site\/penelope-martina-badiluzzi\/#breadcrumb\"},\"inLanguage\":\"it-IT\",\"potentialAction\":[{\"@type\":\"ReadAction\",\"target\":[\"https:\/\/corteospitale.org\/site\/penelope-martina-badiluzzi\/\"]}]},{\"@type\":\"ImageObject\",\"inLanguage\":\"it-IT\",\"@id\":\"https:\/\/corteospitale.org\/site\/penelope-martina-badiluzzi\/#primaryimage\",\"url\":\"https:\/\/corteospitale.org\/site\/wp-content\/uploads\/2022\/10\/PENELOPE_INVITO_FRONTE-1536x1024-1-e1666707248723.jpeg\",\"contentUrl\":\"https:\/\/corteospitale.org\/site\/wp-content\/uploads\/2022\/10\/PENELOPE_INVITO_FRONTE-1536x1024-1-e1666707248723.jpeg\",\"width\":725,\"height\":725},{\"@type\":\"BreadcrumbList\",\"@id\":\"https:\/\/corteospitale.org\/site\/penelope-martina-badiluzzi\/#breadcrumb\",\"itemListElement\":[{\"@type\":\"ListItem\",\"position\":1,\"name\":\"Home\",\"item\":\"https:\/\/corteospitale.org\/site\/\"},{\"@type\":\"ListItem\",\"position\":2,\"name\":\"Penelope &#8211; Martina Badiluzzi\"}]},{\"@type\":\"WebSite\",\"@id\":\"https:\/\/corteospitale.org\/site\/#website\",\"url\":\"https:\/\/corteospitale.org\/site\/\",\"name\":\"LA CORTE OSPITALE\",\"description\":\"\",\"publisher\":{\"@id\":\"https:\/\/corteospitale.org\/site\/#organization\"},\"potentialAction\":[{\"@type\":\"SearchAction\",\"target\":{\"@type\":\"EntryPoint\",\"urlTemplate\":\"https:\/\/corteospitale.org\/site\/?s={search_term_string}\"},\"query-input\":{\"@type\":\"PropertyValueSpecification\",\"valueRequired\":true,\"valueName\":\"search_term_string\"}}],\"inLanguage\":\"it-IT\"},{\"@type\":\"Organization\",\"@id\":\"https:\/\/corteospitale.org\/site\/#organization\",\"name\":\"Corte Ospitale\",\"url\":\"https:\/\/corteospitale.org\/site\/\",\"logo\":{\"@type\":\"ImageObject\",\"inLanguage\":\"it-IT\",\"@id\":\"https:\/\/corteospitale.org\/site\/#\/schema\/logo\/image\/\",\"url\":\"\",\"contentUrl\":\"\",\"caption\":\"Corte Ospitale\"},\"image\":{\"@id\":\"https:\/\/corteospitale.org\/site\/#\/schema\/logo\/image\/\"},\"sameAs\":[\"https:\/\/www.facebook.com\/corteospitale\",\"https:\/\/www.instagram.com\/corteospitale\/\",\"https:\/\/www.youtube.com\/user\/LaCorteOspitale1\"]},{\"@type\":\"Person\",\"@id\":\"https:\/\/corteospitale.org\/site\/#\/schema\/person\/2e6c7771de31d29fa1f09440dc741ce0\",\"name\":\"Manuela\",\"image\":{\"@type\":\"ImageObject\",\"inLanguage\":\"it-IT\",\"@id\":\"https:\/\/corteospitale.org\/site\/#\/schema\/person\/image\/\",\"url\":\"https:\/\/secure.gravatar.com\/avatar\/ac6dcb2697d112cdbed0c3c486cf1a2150a160d7ea8f53aee6865d6c70612228?s=96&r=g\",\"contentUrl\":\"https:\/\/secure.gravatar.com\/avatar\/ac6dcb2697d112cdbed0c3c486cf1a2150a160d7ea8f53aee6865d6c70612228?s=96&r=g\",\"caption\":\"Manuela\"}}]}<\/script>\n<!-- \/ Yoast SEO plugin. -->","yoast_head_json":{"title":"Penelope - Martina Badiluzzi - LA CORTE OSPITALE","description":"Martina Badiluzzi Penelope residenze artistiche la corte ospitale.","robots":{"index":"index","follow":"follow","max-snippet":"max-snippet:-1","max-image-preview":"max-image-preview:large","max-video-preview":"max-video-preview:-1"},"canonical":"https:\/\/corteospitale.org\/site\/penelope-martina-badiluzzi\/","og_locale":"it_IT","og_type":"article","og_title":"Penelope - Martina Badiluzzi - LA CORTE OSPITALE","og_description":"Martina Badiluzzi Penelope residenze artistiche la corte ospitale.","og_url":"https:\/\/corteospitale.org\/site\/penelope-martina-badiluzzi\/","og_site_name":"LA CORTE OSPITALE","article_publisher":"https:\/\/www.facebook.com\/corteospitale","article_published_time":"2022-10-25T14:17:03+00:00","article_modified_time":"2022-10-25T14:19:27+00:00","og_image":[{"width":725,"height":725,"url":"https:\/\/corteospitale.org\/site\/wp-content\/uploads\/2022\/10\/PENELOPE_INVITO_FRONTE-1536x1024-1-e1666707248723.jpeg","type":"image\/jpeg"}],"author":"Manuela","twitter_card":"summary_large_image","twitter_misc":{"Scritto da":"Manuela","Tempo di lettura stimato":"4 minuti"},"schema":{"@context":"https:\/\/schema.org","@graph":[{"@type":"Article","@id":"https:\/\/corteospitale.org\/site\/penelope-martina-badiluzzi\/#article","isPartOf":{"@id":"https:\/\/corteospitale.org\/site\/penelope-martina-badiluzzi\/"},"author":{"name":"Manuela","@id":"https:\/\/corteospitale.org\/site\/#\/schema\/person\/2e6c7771de31d29fa1f09440dc741ce0"},"headline":"Penelope &#8211; Martina Badiluzzi","datePublished":"2022-10-25T14:17:03+00:00","dateModified":"2022-10-25T14:19:27+00:00","mainEntityOfPage":{"@id":"https:\/\/corteospitale.org\/site\/penelope-martina-badiluzzi\/"},"wordCount":764,"publisher":{"@id":"https:\/\/corteospitale.org\/site\/#organization"},"image":{"@id":"https:\/\/corteospitale.org\/site\/penelope-martina-badiluzzi\/#primaryimage"},"thumbnailUrl":"https:\/\/corteospitale.org\/site\/wp-content\/uploads\/2022\/10\/PENELOPE_INVITO_FRONTE-1536x1024-1-e1666707248723.jpeg","articleSection":["Residenze 2022"],"inLanguage":"it-IT"},{"@type":"WebPage","@id":"https:\/\/corteospitale.org\/site\/penelope-martina-badiluzzi\/","url":"https:\/\/corteospitale.org\/site\/penelope-martina-badiluzzi\/","name":"Penelope - Martina Badiluzzi - LA CORTE OSPITALE","isPartOf":{"@id":"https:\/\/corteospitale.org\/site\/#website"},"primaryImageOfPage":{"@id":"https:\/\/corteospitale.org\/site\/penelope-martina-badiluzzi\/#primaryimage"},"image":{"@id":"https:\/\/corteospitale.org\/site\/penelope-martina-badiluzzi\/#primaryimage"},"thumbnailUrl":"https:\/\/corteospitale.org\/site\/wp-content\/uploads\/2022\/10\/PENELOPE_INVITO_FRONTE-1536x1024-1-e1666707248723.jpeg","datePublished":"2022-10-25T14:17:03+00:00","dateModified":"2022-10-25T14:19:27+00:00","description":"Martina Badiluzzi Penelope residenze artistiche la corte ospitale.","breadcrumb":{"@id":"https:\/\/corteospitale.org\/site\/penelope-martina-badiluzzi\/#breadcrumb"},"inLanguage":"it-IT","potentialAction":[{"@type":"ReadAction","target":["https:\/\/corteospitale.org\/site\/penelope-martina-badiluzzi\/"]}]},{"@type":"ImageObject","inLanguage":"it-IT","@id":"https:\/\/corteospitale.org\/site\/penelope-martina-badiluzzi\/#primaryimage","url":"https:\/\/corteospitale.org\/site\/wp-content\/uploads\/2022\/10\/PENELOPE_INVITO_FRONTE-1536x1024-1-e1666707248723.jpeg","contentUrl":"https:\/\/corteospitale.org\/site\/wp-content\/uploads\/2022\/10\/PENELOPE_INVITO_FRONTE-1536x1024-1-e1666707248723.jpeg","width":725,"height":725},{"@type":"BreadcrumbList","@id":"https:\/\/corteospitale.org\/site\/penelope-martina-badiluzzi\/#breadcrumb","itemListElement":[{"@type":"ListItem","position":1,"name":"Home","item":"https:\/\/corteospitale.org\/site\/"},{"@type":"ListItem","position":2,"name":"Penelope &#8211; Martina Badiluzzi"}]},{"@type":"WebSite","@id":"https:\/\/corteospitale.org\/site\/#website","url":"https:\/\/corteospitale.org\/site\/","name":"LA CORTE OSPITALE","description":"","publisher":{"@id":"https:\/\/corteospitale.org\/site\/#organization"},"potentialAction":[{"@type":"SearchAction","target":{"@type":"EntryPoint","urlTemplate":"https:\/\/corteospitale.org\/site\/?s={search_term_string}"},"query-input":{"@type":"PropertyValueSpecification","valueRequired":true,"valueName":"search_term_string"}}],"inLanguage":"it-IT"},{"@type":"Organization","@id":"https:\/\/corteospitale.org\/site\/#organization","name":"Corte Ospitale","url":"https:\/\/corteospitale.org\/site\/","logo":{"@type":"ImageObject","inLanguage":"it-IT","@id":"https:\/\/corteospitale.org\/site\/#\/schema\/logo\/image\/","url":"","contentUrl":"","caption":"Corte Ospitale"},"image":{"@id":"https:\/\/corteospitale.org\/site\/#\/schema\/logo\/image\/"},"sameAs":["https:\/\/www.facebook.com\/corteospitale","https:\/\/www.instagram.com\/corteospitale\/","https:\/\/www.youtube.com\/user\/LaCorteOspitale1"]},{"@type":"Person","@id":"https:\/\/corteospitale.org\/site\/#\/schema\/person\/2e6c7771de31d29fa1f09440dc741ce0","name":"Manuela","image":{"@type":"ImageObject","inLanguage":"it-IT","@id":"https:\/\/corteospitale.org\/site\/#\/schema\/person\/image\/","url":"https:\/\/secure.gravatar.com\/avatar\/ac6dcb2697d112cdbed0c3c486cf1a2150a160d7ea8f53aee6865d6c70612228?s=96&r=g","contentUrl":"https:\/\/secure.gravatar.com\/avatar\/ac6dcb2697d112cdbed0c3c486cf1a2150a160d7ea8f53aee6865d6c70612228?s=96&r=g","caption":"Manuela"}}]}},"_links":{"self":[{"href":"https:\/\/corteospitale.org\/site\/wp-json\/wp\/v2\/posts\/7350","targetHints":{"allow":["GET"]}}],"collection":[{"href":"https:\/\/corteospitale.org\/site\/wp-json\/wp\/v2\/posts"}],"about":[{"href":"https:\/\/corteospitale.org\/site\/wp-json\/wp\/v2\/types\/post"}],"author":[{"embeddable":true,"href":"https:\/\/corteospitale.org\/site\/wp-json\/wp\/v2\/users\/2"}],"replies":[{"embeddable":true,"href":"https:\/\/corteospitale.org\/site\/wp-json\/wp\/v2\/comments?post=7350"}],"version-history":[{"count":2,"href":"https:\/\/corteospitale.org\/site\/wp-json\/wp\/v2\/posts\/7350\/revisions"}],"predecessor-version":[{"id":7354,"href":"https:\/\/corteospitale.org\/site\/wp-json\/wp\/v2\/posts\/7350\/revisions\/7354"}],"wp:featuredmedia":[{"embeddable":true,"href":"https:\/\/corteospitale.org\/site\/wp-json\/wp\/v2\/media\/7351"}],"wp:attachment":[{"href":"https:\/\/corteospitale.org\/site\/wp-json\/wp\/v2\/media?parent=7350"}],"wp:term":[{"taxonomy":"category","embeddable":true,"href":"https:\/\/corteospitale.org\/site\/wp-json\/wp\/v2\/categories?post=7350"},{"taxonomy":"post_tag","embeddable":true,"href":"https:\/\/corteospitale.org\/site\/wp-json\/wp\/v2\/tags?post=7350"}],"curies":[{"name":"wp","href":"https:\/\/api.w.org\/{rel}","templated":true}]}}