{"id":7504,"date":"2022-12-21T16:06:59","date_gmt":"2022-12-21T14:06:59","guid":{"rendered":"https:\/\/corteospitale.org\/site\/?p=7504"},"modified":"2023-01-10T14:38:39","modified_gmt":"2023-01-10T12:38:39","slug":"il-malato-immaginario-lultimo-viaggio-stivalaccio-teatro","status":"publish","type":"post","link":"https:\/\/corteospitale.org\/site\/il-malato-immaginario-lultimo-viaggio-stivalaccio-teatro\/","title":{"rendered":"Il malato immaginario &#8211; L&#8217;ultimo viaggio, Stivalaccio Teatro"},"content":{"rendered":"<h1>Il malato immaginario &#8211; L&#8217;ultimo viaggio<\/h1>\n<div class=\"page\" title=\"Page 1\">\n<div class=\"section\">\n<div class=\"layoutArea\">\n<div class=\"column\">\n<p>&nbsp;<\/p>\n<p>soggetto originale e regia <strong>Marco Zoppello<\/strong><br \/>\ncon <strong>Sara Allevi, Anna De Franceschi, Michele Mori, Stefano Rota, Marco Zoppello<\/strong> scenografia <strong>Alberto Nonnato<\/strong><br \/>\ncostumi <strong>Lauretta Salvagnin<\/strong><br \/>\nmaschere <strong>Roberto Maria Macchi<\/strong><br \/>\ndisegno luci <strong>Paolo Pollo Rodighiero<br \/>\n<\/strong>datore luci <strong>Matteo Pozzobon<\/strong><br \/>\ncostumi realizzati da <strong>Antonia Munaretti<\/strong><br \/>\nassistente alla regia <strong>Giulio Canestrelli<\/strong><br \/>\nproduzione <strong>StivalaccioTeatro \/ Teatro Stabile del Veneto<\/strong> realizzato con il sostegno di 70\u00b0 Ciclo di Spettacoli Classici debutto Teatro Olimpico di Vicenza \u2013 27 settembre 2017<\/p>\n<div class=\"page\" title=\"Page 1\">\n<div class=\"layoutArea\">\n<div class=\"column\">\n<p>Durata: 1h e 40&#8242; circa<\/p>\n<\/div>\n<\/div>\n<\/div>\n<\/div>\n<\/div>\n<\/div>\n<\/div>\n<div class=\"page\" title=\"Page 1\">\n<div class=\"section\">\n<div class=\"layoutArea\">\n<div class=\"column\">&nbsp;<\/div>\n<div class=\"column\">\n<div class=\"page\" title=\"Page 1\">\n<div class=\"section\">\n<div class=\"layoutArea\">\n<div class=\"column\">\n<p>7 febbraio 1673. La quarta recita de Il malato immaginario \u00e8 a rischio, tra i lavoratori del Palais Royal si parla di annullare lo spettacolo, il Maestro non \u00e8 dell\u2019umore per andare in scena e gli attori della compagnia se ne tornano a casa.<\/p>\n<p>Tocca a Pasquati il disperato tentativo di portare a termine la serata ricorrendo nientemeno che&nbsp;ai vecchi compagni dello Stivale, pregandoli&nbsp;di quest\u2019Ultimo Viaggio. L\u2019insistenza dei tre commedianti \u00e8 inarrestabile, Moli\u00e8re \u00e8 costretto a cedere: lo spettacolo deve continuare!<br \/>\nA complicare la situazione un ritorno inaspettato: Madeleine Poquelin, figlia di Moli\u00e8re, fuggita dal convento dove era rinchiusa. Prende il via la celebre ed esilarante storia del Malato Argante, vecchio ipocondriaco che, tra purghe e salassi, va dissipando la propria fortuna. Tra le astuzie della serva Tonina si intessono e si cantano gli amori ostacolati della dolce Angelica con il giovane Cleante, il tutto sotto l\u2019occhio di Belinda, seconda moglie di Argante, intenta ad accaparrarsi la fortuna del vecchio marito. \u00c8 una recita particolare, quella che si rappresenta al Palais Royal quella sera, tra i lazzi, le improvvisazioni e le maschere grottesche dei Commedianti le ombre si allungano sui fondali dipinti, i bagliori delle candele si affievoliscono rischiando di spegnersi al primo soffiare del vento. Il Malato Immaginario \u00e8 una farsa perfetta. Moli\u00e8re, da veterano della risata, costruisce nell\u2019ultima sua opera una macchina teatrale inattaccabile, tratteggiando personaggi classici e moderni allo stesso tempo.<\/p>\n<p>Egli mette in scena la forza e vitalit\u00e0 dell\u2019amore giovanile contrapposta con la pi\u00f9 grande paura dell\u2019umano: il passare del tempo. Un ultimo viaggio, ancora una volta, tra la polvere del palcoscenico, le corde, i tiri e i contrappesi. Un inno alla vita, alla risata e alla bellezza, cantato dai saltimbanchi, condito di una farsa feroce, intrisa di amore per il pubblico.<\/p>\n<div class=\"page\" title=\"Page 1\">\n<div class=\"section\">\n<div class=\"layoutArea\">\n<div class=\"column\">\n<p>I testi diventano, nuovamente, pre-testi, condizioni di partenza per spiccare il salto nell\u2019universo molieriano, giocandoci, improvvisandolo, cantandolo, mimandolo nel gioco pi\u00f9 totale del teatro, che deve essere vivo, estemporaneo e tangibile quanto la Commedia, specchio incrinato dell\u2019umano. Vivo \u00e8 il teatro, dunque, quando viva \u00e8 la Commedia.<\/p>\n<\/div>\n<\/div>\n<\/div>\n<\/div>\n<p>&nbsp;<\/p>\n<\/div>\n<\/div>\n<\/div>\n<\/div>\n<\/div>\n<\/div>\n<\/div>\n<\/div>\n","protected":false},"excerpt":{"rendered":"<p>Il malato immaginario &#8211; L&#8217;ultimo viaggio &nbsp; soggetto originale e regia Marco Zoppello con Sara Allevi, Anna De Franceschi, Michele Mori, Stefano Rota, Marco Zoppello scenografia Alberto Nonnato costumi Lauretta Salvagnin maschere Roberto Maria Macchi disegno luci Paolo Pollo Rodighiero &hellip;<\/p>\n","protected":false},"author":2,"featured_media":7505,"comment_status":"closed","ping_status":"closed","sticky":false,"template":"","format":"standard","meta":{"_acf_changed":false,"ngg_post_thumbnail":0,"footnotes":"","_links_to":"","_links_to_target":""},"categories":[296,1],"tags":[],"class_list":["post-7504","post","type-post","status-publish","format-standard","has-post-thumbnail","hentry","category-stagione-di-prosa-2022-23","category-uncategorized"],"acf":[],"yoast_head":"<!-- This site is optimized with the Yoast SEO plugin v24.7 - https:\/\/yoast.com\/wordpress\/plugins\/seo\/ -->\n<title>Il malato immaginario - L&#039;ultimo viaggio, Stivalaccio Teatro - LA CORTE OSPITALE<\/title>\n<meta name=\"description\" content=\"7 febbraio 1673. La quarta recita de Il malato immaginario \u00e8 a rischio, tra i lavoratori del Palais Royal si parla di annullare lo spettacolo, il Maestro non \u00e8 dell\u2019umore per andare in scena e gli attori della compagnia se ne tornano a casa.\" \/>\n<meta name=\"robots\" content=\"index, follow, max-snippet:-1, max-image-preview:large, max-video-preview:-1\" \/>\n<link rel=\"canonical\" href=\"https:\/\/corteospitale.org\/site\/il-malato-immaginario-lultimo-viaggio-stivalaccio-teatro\/\" \/>\n<meta property=\"og:locale\" content=\"it_IT\" \/>\n<meta property=\"og:type\" content=\"article\" \/>\n<meta property=\"og:title\" content=\"Il malato immaginario - L&#039;ultimo viaggio, Stivalaccio Teatro - LA CORTE OSPITALE\" \/>\n<meta property=\"og:description\" content=\"7 febbraio 1673. La quarta recita de Il malato immaginario \u00e8 a rischio, tra i lavoratori del Palais Royal si parla di annullare lo spettacolo, il Maestro non \u00e8 dell\u2019umore per andare in scena e gli attori della compagnia se ne tornano a casa.\" \/>\n<meta property=\"og:url\" content=\"https:\/\/corteospitale.org\/site\/il-malato-immaginario-lultimo-viaggio-stivalaccio-teatro\/\" \/>\n<meta property=\"og:site_name\" content=\"LA CORTE OSPITALE\" \/>\n<meta property=\"article:publisher\" content=\"https:\/\/www.facebook.com\/corteospitale\" \/>\n<meta property=\"article:published_time\" content=\"2022-12-21T14:06:59+00:00\" \/>\n<meta property=\"article:modified_time\" content=\"2023-01-10T12:38:39+00:00\" \/>\n<meta property=\"og:image\" content=\"https:\/\/corteospitale.org\/site\/wp-content\/uploads\/2022\/12\/WhatsApp-Image-2022-12-21-at-15.04.15-e1671631581299.jpeg\" \/>\n\t<meta property=\"og:image:width\" content=\"1068\" \/>\n\t<meta property=\"og:image:height\" content=\"804\" \/>\n\t<meta property=\"og:image:type\" content=\"image\/jpeg\" \/>\n<meta name=\"author\" content=\"Manuela\" \/>\n<meta name=\"twitter:card\" content=\"summary_large_image\" \/>\n<meta name=\"twitter:label1\" content=\"Scritto da\" \/>\n\t<meta name=\"twitter:data1\" content=\"Manuela\" \/>\n\t<meta name=\"twitter:label2\" content=\"Tempo di lettura stimato\" \/>\n\t<meta name=\"twitter:data2\" content=\"2 minuti\" \/>\n<script type=\"application\/ld+json\" class=\"yoast-schema-graph\">{\"@context\":\"https:\/\/schema.org\",\"@graph\":[{\"@type\":\"Article\",\"@id\":\"https:\/\/corteospitale.org\/site\/il-malato-immaginario-lultimo-viaggio-stivalaccio-teatro\/#article\",\"isPartOf\":{\"@id\":\"https:\/\/corteospitale.org\/site\/il-malato-immaginario-lultimo-viaggio-stivalaccio-teatro\/\"},\"author\":{\"name\":\"Manuela\",\"@id\":\"https:\/\/corteospitale.org\/site\/#\/schema\/person\/2e6c7771de31d29fa1f09440dc741ce0\"},\"headline\":\"Il malato immaginario &#8211; L&#8217;ultimo viaggio, Stivalaccio Teatro\",\"datePublished\":\"2022-12-21T14:06:59+00:00\",\"dateModified\":\"2023-01-10T12:38:39+00:00\",\"mainEntityOfPage\":{\"@id\":\"https:\/\/corteospitale.org\/site\/il-malato-immaginario-lultimo-viaggio-stivalaccio-teatro\/\"},\"wordCount\":439,\"publisher\":{\"@id\":\"https:\/\/corteospitale.org\/site\/#organization\"},\"image\":{\"@id\":\"https:\/\/corteospitale.org\/site\/il-malato-immaginario-lultimo-viaggio-stivalaccio-teatro\/#primaryimage\"},\"thumbnailUrl\":\"https:\/\/corteospitale.org\/site\/wp-content\/uploads\/2022\/12\/WhatsApp-Image-2022-12-21-at-15.04.15-e1671631581299.jpeg\",\"articleSection\":[\"Stagione di prosa 2022\/23\",\"Uncategorized\"],\"inLanguage\":\"it-IT\"},{\"@type\":\"WebPage\",\"@id\":\"https:\/\/corteospitale.org\/site\/il-malato-immaginario-lultimo-viaggio-stivalaccio-teatro\/\",\"url\":\"https:\/\/corteospitale.org\/site\/il-malato-immaginario-lultimo-viaggio-stivalaccio-teatro\/\",\"name\":\"Il malato immaginario - L'ultimo viaggio, Stivalaccio Teatro - LA CORTE OSPITALE\",\"isPartOf\":{\"@id\":\"https:\/\/corteospitale.org\/site\/#website\"},\"primaryImageOfPage\":{\"@id\":\"https:\/\/corteospitale.org\/site\/il-malato-immaginario-lultimo-viaggio-stivalaccio-teatro\/#primaryimage\"},\"image\":{\"@id\":\"https:\/\/corteospitale.org\/site\/il-malato-immaginario-lultimo-viaggio-stivalaccio-teatro\/#primaryimage\"},\"thumbnailUrl\":\"https:\/\/corteospitale.org\/site\/wp-content\/uploads\/2022\/12\/WhatsApp-Image-2022-12-21-at-15.04.15-e1671631581299.jpeg\",\"datePublished\":\"2022-12-21T14:06:59+00:00\",\"dateModified\":\"2023-01-10T12:38:39+00:00\",\"description\":\"7 febbraio 1673. La quarta recita de Il malato immaginario \u00e8 a rischio, tra i lavoratori del Palais Royal si parla di annullare lo spettacolo, il Maestro non \u00e8 dell\u2019umore per andare in scena e gli attori della compagnia se ne tornano a casa.\",\"breadcrumb\":{\"@id\":\"https:\/\/corteospitale.org\/site\/il-malato-immaginario-lultimo-viaggio-stivalaccio-teatro\/#breadcrumb\"},\"inLanguage\":\"it-IT\",\"potentialAction\":[{\"@type\":\"ReadAction\",\"target\":[\"https:\/\/corteospitale.org\/site\/il-malato-immaginario-lultimo-viaggio-stivalaccio-teatro\/\"]}]},{\"@type\":\"ImageObject\",\"inLanguage\":\"it-IT\",\"@id\":\"https:\/\/corteospitale.org\/site\/il-malato-immaginario-lultimo-viaggio-stivalaccio-teatro\/#primaryimage\",\"url\":\"https:\/\/corteospitale.org\/site\/wp-content\/uploads\/2022\/12\/WhatsApp-Image-2022-12-21-at-15.04.15-e1671631581299.jpeg\",\"contentUrl\":\"https:\/\/corteospitale.org\/site\/wp-content\/uploads\/2022\/12\/WhatsApp-Image-2022-12-21-at-15.04.15-e1671631581299.jpeg\",\"width\":1068,\"height\":804},{\"@type\":\"BreadcrumbList\",\"@id\":\"https:\/\/corteospitale.org\/site\/il-malato-immaginario-lultimo-viaggio-stivalaccio-teatro\/#breadcrumb\",\"itemListElement\":[{\"@type\":\"ListItem\",\"position\":1,\"name\":\"Home\",\"item\":\"https:\/\/corteospitale.org\/site\/\"},{\"@type\":\"ListItem\",\"position\":2,\"name\":\"Il malato immaginario &#8211; L&#8217;ultimo viaggio, Stivalaccio Teatro\"}]},{\"@type\":\"WebSite\",\"@id\":\"https:\/\/corteospitale.org\/site\/#website\",\"url\":\"https:\/\/corteospitale.org\/site\/\",\"name\":\"LA CORTE OSPITALE\",\"description\":\"\",\"publisher\":{\"@id\":\"https:\/\/corteospitale.org\/site\/#organization\"},\"potentialAction\":[{\"@type\":\"SearchAction\",\"target\":{\"@type\":\"EntryPoint\",\"urlTemplate\":\"https:\/\/corteospitale.org\/site\/?s={search_term_string}\"},\"query-input\":{\"@type\":\"PropertyValueSpecification\",\"valueRequired\":true,\"valueName\":\"search_term_string\"}}],\"inLanguage\":\"it-IT\"},{\"@type\":\"Organization\",\"@id\":\"https:\/\/corteospitale.org\/site\/#organization\",\"name\":\"Corte Ospitale\",\"url\":\"https:\/\/corteospitale.org\/site\/\",\"logo\":{\"@type\":\"ImageObject\",\"inLanguage\":\"it-IT\",\"@id\":\"https:\/\/corteospitale.org\/site\/#\/schema\/logo\/image\/\",\"url\":\"\",\"contentUrl\":\"\",\"caption\":\"Corte Ospitale\"},\"image\":{\"@id\":\"https:\/\/corteospitale.org\/site\/#\/schema\/logo\/image\/\"},\"sameAs\":[\"https:\/\/www.facebook.com\/corteospitale\",\"https:\/\/www.instagram.com\/corteospitale\/\",\"https:\/\/www.youtube.com\/user\/LaCorteOspitale1\"]},{\"@type\":\"Person\",\"@id\":\"https:\/\/corteospitale.org\/site\/#\/schema\/person\/2e6c7771de31d29fa1f09440dc741ce0\",\"name\":\"Manuela\",\"image\":{\"@type\":\"ImageObject\",\"inLanguage\":\"it-IT\",\"@id\":\"https:\/\/corteospitale.org\/site\/#\/schema\/person\/image\/\",\"url\":\"https:\/\/secure.gravatar.com\/avatar\/ac6dcb2697d112cdbed0c3c486cf1a2150a160d7ea8f53aee6865d6c70612228?s=96&r=g\",\"contentUrl\":\"https:\/\/secure.gravatar.com\/avatar\/ac6dcb2697d112cdbed0c3c486cf1a2150a160d7ea8f53aee6865d6c70612228?s=96&r=g\",\"caption\":\"Manuela\"}}]}<\/script>\n<!-- \/ Yoast SEO plugin. -->","yoast_head_json":{"title":"Il malato immaginario - L'ultimo viaggio, Stivalaccio Teatro - LA CORTE OSPITALE","description":"7 febbraio 1673. La quarta recita de Il malato immaginario \u00e8 a rischio, tra i lavoratori del Palais Royal si parla di annullare lo spettacolo, il Maestro non \u00e8 dell\u2019umore per andare in scena e gli attori della compagnia se ne tornano a casa.","robots":{"index":"index","follow":"follow","max-snippet":"max-snippet:-1","max-image-preview":"max-image-preview:large","max-video-preview":"max-video-preview:-1"},"canonical":"https:\/\/corteospitale.org\/site\/il-malato-immaginario-lultimo-viaggio-stivalaccio-teatro\/","og_locale":"it_IT","og_type":"article","og_title":"Il malato immaginario - L'ultimo viaggio, Stivalaccio Teatro - LA CORTE OSPITALE","og_description":"7 febbraio 1673. La quarta recita de Il malato immaginario \u00e8 a rischio, tra i lavoratori del Palais Royal si parla di annullare lo spettacolo, il Maestro non \u00e8 dell\u2019umore per andare in scena e gli attori della compagnia se ne tornano a casa.","og_url":"https:\/\/corteospitale.org\/site\/il-malato-immaginario-lultimo-viaggio-stivalaccio-teatro\/","og_site_name":"LA CORTE OSPITALE","article_publisher":"https:\/\/www.facebook.com\/corteospitale","article_published_time":"2022-12-21T14:06:59+00:00","article_modified_time":"2023-01-10T12:38:39+00:00","og_image":[{"width":1068,"height":804,"url":"https:\/\/corteospitale.org\/site\/wp-content\/uploads\/2022\/12\/WhatsApp-Image-2022-12-21-at-15.04.15-e1671631581299.jpeg","type":"image\/jpeg"}],"author":"Manuela","twitter_card":"summary_large_image","twitter_misc":{"Scritto da":"Manuela","Tempo di lettura stimato":"2 minuti"},"schema":{"@context":"https:\/\/schema.org","@graph":[{"@type":"Article","@id":"https:\/\/corteospitale.org\/site\/il-malato-immaginario-lultimo-viaggio-stivalaccio-teatro\/#article","isPartOf":{"@id":"https:\/\/corteospitale.org\/site\/il-malato-immaginario-lultimo-viaggio-stivalaccio-teatro\/"},"author":{"name":"Manuela","@id":"https:\/\/corteospitale.org\/site\/#\/schema\/person\/2e6c7771de31d29fa1f09440dc741ce0"},"headline":"Il malato immaginario &#8211; L&#8217;ultimo viaggio, Stivalaccio Teatro","datePublished":"2022-12-21T14:06:59+00:00","dateModified":"2023-01-10T12:38:39+00:00","mainEntityOfPage":{"@id":"https:\/\/corteospitale.org\/site\/il-malato-immaginario-lultimo-viaggio-stivalaccio-teatro\/"},"wordCount":439,"publisher":{"@id":"https:\/\/corteospitale.org\/site\/#organization"},"image":{"@id":"https:\/\/corteospitale.org\/site\/il-malato-immaginario-lultimo-viaggio-stivalaccio-teatro\/#primaryimage"},"thumbnailUrl":"https:\/\/corteospitale.org\/site\/wp-content\/uploads\/2022\/12\/WhatsApp-Image-2022-12-21-at-15.04.15-e1671631581299.jpeg","articleSection":["Stagione di prosa 2022\/23","Uncategorized"],"inLanguage":"it-IT"},{"@type":"WebPage","@id":"https:\/\/corteospitale.org\/site\/il-malato-immaginario-lultimo-viaggio-stivalaccio-teatro\/","url":"https:\/\/corteospitale.org\/site\/il-malato-immaginario-lultimo-viaggio-stivalaccio-teatro\/","name":"Il malato immaginario - L'ultimo viaggio, Stivalaccio Teatro - LA CORTE OSPITALE","isPartOf":{"@id":"https:\/\/corteospitale.org\/site\/#website"},"primaryImageOfPage":{"@id":"https:\/\/corteospitale.org\/site\/il-malato-immaginario-lultimo-viaggio-stivalaccio-teatro\/#primaryimage"},"image":{"@id":"https:\/\/corteospitale.org\/site\/il-malato-immaginario-lultimo-viaggio-stivalaccio-teatro\/#primaryimage"},"thumbnailUrl":"https:\/\/corteospitale.org\/site\/wp-content\/uploads\/2022\/12\/WhatsApp-Image-2022-12-21-at-15.04.15-e1671631581299.jpeg","datePublished":"2022-12-21T14:06:59+00:00","dateModified":"2023-01-10T12:38:39+00:00","description":"7 febbraio 1673. La quarta recita de Il malato immaginario \u00e8 a rischio, tra i lavoratori del Palais Royal si parla di annullare lo spettacolo, il Maestro non \u00e8 dell\u2019umore per andare in scena e gli attori della compagnia se ne tornano a casa.","breadcrumb":{"@id":"https:\/\/corteospitale.org\/site\/il-malato-immaginario-lultimo-viaggio-stivalaccio-teatro\/#breadcrumb"},"inLanguage":"it-IT","potentialAction":[{"@type":"ReadAction","target":["https:\/\/corteospitale.org\/site\/il-malato-immaginario-lultimo-viaggio-stivalaccio-teatro\/"]}]},{"@type":"ImageObject","inLanguage":"it-IT","@id":"https:\/\/corteospitale.org\/site\/il-malato-immaginario-lultimo-viaggio-stivalaccio-teatro\/#primaryimage","url":"https:\/\/corteospitale.org\/site\/wp-content\/uploads\/2022\/12\/WhatsApp-Image-2022-12-21-at-15.04.15-e1671631581299.jpeg","contentUrl":"https:\/\/corteospitale.org\/site\/wp-content\/uploads\/2022\/12\/WhatsApp-Image-2022-12-21-at-15.04.15-e1671631581299.jpeg","width":1068,"height":804},{"@type":"BreadcrumbList","@id":"https:\/\/corteospitale.org\/site\/il-malato-immaginario-lultimo-viaggio-stivalaccio-teatro\/#breadcrumb","itemListElement":[{"@type":"ListItem","position":1,"name":"Home","item":"https:\/\/corteospitale.org\/site\/"},{"@type":"ListItem","position":2,"name":"Il malato immaginario &#8211; L&#8217;ultimo viaggio, Stivalaccio Teatro"}]},{"@type":"WebSite","@id":"https:\/\/corteospitale.org\/site\/#website","url":"https:\/\/corteospitale.org\/site\/","name":"LA CORTE OSPITALE","description":"","publisher":{"@id":"https:\/\/corteospitale.org\/site\/#organization"},"potentialAction":[{"@type":"SearchAction","target":{"@type":"EntryPoint","urlTemplate":"https:\/\/corteospitale.org\/site\/?s={search_term_string}"},"query-input":{"@type":"PropertyValueSpecification","valueRequired":true,"valueName":"search_term_string"}}],"inLanguage":"it-IT"},{"@type":"Organization","@id":"https:\/\/corteospitale.org\/site\/#organization","name":"Corte Ospitale","url":"https:\/\/corteospitale.org\/site\/","logo":{"@type":"ImageObject","inLanguage":"it-IT","@id":"https:\/\/corteospitale.org\/site\/#\/schema\/logo\/image\/","url":"","contentUrl":"","caption":"Corte Ospitale"},"image":{"@id":"https:\/\/corteospitale.org\/site\/#\/schema\/logo\/image\/"},"sameAs":["https:\/\/www.facebook.com\/corteospitale","https:\/\/www.instagram.com\/corteospitale\/","https:\/\/www.youtube.com\/user\/LaCorteOspitale1"]},{"@type":"Person","@id":"https:\/\/corteospitale.org\/site\/#\/schema\/person\/2e6c7771de31d29fa1f09440dc741ce0","name":"Manuela","image":{"@type":"ImageObject","inLanguage":"it-IT","@id":"https:\/\/corteospitale.org\/site\/#\/schema\/person\/image\/","url":"https:\/\/secure.gravatar.com\/avatar\/ac6dcb2697d112cdbed0c3c486cf1a2150a160d7ea8f53aee6865d6c70612228?s=96&r=g","contentUrl":"https:\/\/secure.gravatar.com\/avatar\/ac6dcb2697d112cdbed0c3c486cf1a2150a160d7ea8f53aee6865d6c70612228?s=96&r=g","caption":"Manuela"}}]}},"_links":{"self":[{"href":"https:\/\/corteospitale.org\/site\/wp-json\/wp\/v2\/posts\/7504","targetHints":{"allow":["GET"]}}],"collection":[{"href":"https:\/\/corteospitale.org\/site\/wp-json\/wp\/v2\/posts"}],"about":[{"href":"https:\/\/corteospitale.org\/site\/wp-json\/wp\/v2\/types\/post"}],"author":[{"embeddable":true,"href":"https:\/\/corteospitale.org\/site\/wp-json\/wp\/v2\/users\/2"}],"replies":[{"embeddable":true,"href":"https:\/\/corteospitale.org\/site\/wp-json\/wp\/v2\/comments?post=7504"}],"version-history":[{"count":5,"href":"https:\/\/corteospitale.org\/site\/wp-json\/wp\/v2\/posts\/7504\/revisions"}],"predecessor-version":[{"id":7571,"href":"https:\/\/corteospitale.org\/site\/wp-json\/wp\/v2\/posts\/7504\/revisions\/7571"}],"wp:featuredmedia":[{"embeddable":true,"href":"https:\/\/corteospitale.org\/site\/wp-json\/wp\/v2\/media\/7505"}],"wp:attachment":[{"href":"https:\/\/corteospitale.org\/site\/wp-json\/wp\/v2\/media?parent=7504"}],"wp:term":[{"taxonomy":"category","embeddable":true,"href":"https:\/\/corteospitale.org\/site\/wp-json\/wp\/v2\/categories?post=7504"},{"taxonomy":"post_tag","embeddable":true,"href":"https:\/\/corteospitale.org\/site\/wp-json\/wp\/v2\/tags?post=7504"}],"curies":[{"name":"wp","href":"https:\/\/api.w.org\/{rel}","templated":true}]}}