{"id":7516,"date":"2022-10-12T19:20:00","date_gmt":"2022-12-22T10:57:17","guid":{"rendered":"https:\/\/corteospitale.org\/site\/?p=7516"},"modified":"2022-12-23T11:01:06","modified_gmt":"2022-12-23T09:01:06","slug":"non-tre-sorelle-%d0%bd%d0%b5-%d1%82%d1%80%d0%b8-%d1%81%d0%b5%d1%81%d1%82%d1%80%d0%b8-enrico-baraldi","status":"publish","type":"post","link":"https:\/\/corteospitale.org\/site\/non-tre-sorelle-%d0%bd%d0%b5-%d1%82%d1%80%d0%b8-%d1%81%d0%b5%d1%81%d1%82%d1%80%d0%b8-enrico-baraldi\/","title":{"rendered":"NON TRE SORELLE \/\u00a0\u041d\u0415 \u0422\u0420\u0418 \u0421\u0415\u0421\u0422\u0420\u0418, Enrico Baraldi"},"content":{"rendered":"<h1>NON TRE SORELLE \/&nbsp;\u041d\u0415 \u0422\u0420\u0418 \u0421\u0415\u0421\u0422\u0420\u0418<\/h1>\n<p><strong>Liberamente non ispirato a un\u2019opera di A. Cechov<\/strong><\/p>\n<p>&nbsp;<\/p>\n<p>con <strong>Susanna Acchiardi, Alice Conti, Anfisa Lazebna, Yuliia Mykhalchuk, Nataliia Mykhalchuk<br \/>\n<\/strong>regia <strong>Enrico Baraldi<br \/>\n<\/strong>drammaturgia <strong>Francesco Alberici, Enrico Baraldi<br \/>\n<\/strong>dramaturg <strong>Ermelinda Nasuto<br \/>\n<\/strong>luci<strong> Massimo Galardini<br \/>\n<\/strong>assistente alla regia <strong>Uliana Samoliuk<br \/>\n<\/strong>produzione <strong>Teatro Metastasio di Prato<br \/>\n<\/strong>con il contributo di<strong> Fondazione Cassa di Risparmio di Prato<br \/>\n<\/strong>progetto <strong>Davanti al pubblico 2020<\/strong><br \/>\n<strong>Teatro Metastasio di Prato<\/strong><br \/>\ncon <strong>Fondazione Toscana Spettacolo Onlus \/ Centro di Residenza della Toscana (Armunia &#8211; CapoTrave\/Kilowatt)<\/strong><\/p>\n<p>Durata: 1 ora e 10&#8242;&nbsp;<\/p>\n<p><em>Spettacolo in quattro lingue: italiano, inglese, ucraino e russo, con sopratitoli in italiano e ucraino<\/em><\/p>\n<p><strong>&nbsp;<\/strong><\/p>\n<p>Nel 2020 iniziamo le prove per un adattamento di <em>Tre Sorelle<\/em> di Cechov, dal titolo <em>Non Tre Sorelle<\/em>. A causa della pandemia abbiamo rimandato il debutto per due anni. Il 24 febbraio 2022, proprio mentre ricominciamo a provare, veniamo svegliati dalle immagini dei carri armati russi che entrano in Ucraina. Da un giorno all\u2019altro Mosca cambia il suo volto. Improvvisamente nulla sembra avere pi\u00f9 un senso: cosa \u00e8 possibile fare, come Europei, come cittadini e infine come artisti, a fronte delle immagini di una guerra che sembra coinvolgerci pi\u00f9 di altre? Qual \u00e8 il ruolo della cultura in tutto questo? Che senso ha fare teatro, mettere in scena uno spettacolo, in questo momento storico? Cosa c\u2019entra Cechov, ora?<\/p>\n<p>Per uscire dalla paralisi di queste domande abbiamo incontrato un gruppo di attrici di Kyiv giunte in Italia grazie al progetto di accoglienza Stage4Ukraine. Abbiamo domandato loro cosa ne pensassero di Masa, Irina e Olga, le tre protagoniste del testo. Abbiamo cos\u00ec scoperto che <em>\u201cA Mosca! A Mosca! A Mosca!\u201d<\/em>, una delle pi\u00f9 celebri battute del teatro mondiale, acquisisce oggi un significato inaspettato, controverso, problematico e per certi versi pericoloso. Abbiamo scoperto che, oggi, mettere in scena un testo di Cechov, non \u00e8 pi\u00f9 una scelta neutrale, che lo si voglia o no. Abbiamo quindi deciso di non mettere pi\u00f9 in scena <em>Tre Sorelle<\/em>, e nemmeno un adattamento, ma di interrogarci su che cosa significhi oggi portare in scena un testo simbolo della letteratura Russa. Che cosa \u00e8, per noi (e per loro) Mosca oggi? Questo si domandava Cechov nel 1901, inaugurando il secolo con una delle opere pi\u00f9 rappresentate del suo teatro, le Tre Sorelle. C<em>ome sar\u00e0 la vita dopo di noi? <\/em>E tutto questo soffrire, <em>che senso ha? <\/em>Abbiamo chiesto a tre di loro, tre attrici ucraine, di prendere parola e raccontarlo in scena insieme a noi.<\/p>\n","protected":false},"excerpt":{"rendered":"<p>NON TRE SORELLE \/&nbsp;\u041d\u0415 \u0422\u0420\u0418 \u0421\u0415\u0421\u0422\u0420\u0418 Liberamente non ispirato a un\u2019opera di A. Cechov &nbsp; con Susanna Acchiardi, Alice Conti, Anfisa Lazebna, Yuliia Mykhalchuk, Nataliia Mykhalchuk regia Enrico Baraldi drammaturgia Francesco Alberici, Enrico Baraldi dramaturg Ermelinda Nasuto luci Massimo Galardini &hellip;<\/p>\n","protected":false},"author":2,"featured_media":7519,"comment_status":"closed","ping_status":"closed","sticky":false,"template":"","format":"standard","meta":{"_acf_changed":false,"ngg_post_thumbnail":0,"footnotes":"","_links_to":"","_links_to_target":""},"categories":[296,1],"tags":[],"class_list":["post-7516","post","type-post","status-publish","format-standard","has-post-thumbnail","hentry","category-stagione-di-prosa-2022-23","category-uncategorized"],"acf":[],"yoast_head":"<!-- This site is optimized with the Yoast SEO plugin v24.7 - https:\/\/yoast.com\/wordpress\/plugins\/seo\/ -->\n<title>NON TRE SORELLE \/\u00a0\u041d\u0415 \u0422\u0420\u0418 \u0421\u0415\u0421\u0422\u0420\u0418, Enrico Baraldi - LA CORTE OSPITALE<\/title>\n<meta name=\"description\" content=\"Da un giorno all\u2019altro Mosca cambia il suo volto. Improvvisamente nulla sembra avere pi\u00f9 un senso: cosa \u00e8 possibile fare, come Europei, come cittadini e infine come artisti, a fronte delle immagini di una guerra che sembra coinvolgerci pi\u00f9 di altre? Qual \u00e8 il ruolo della cultura in tutto questo? Che senso ha fare teatro, mettere in scena uno spettacolo, in questo momento storico? Cosa c\u2019entra Cechov, ora?\" \/>\n<meta name=\"robots\" content=\"index, follow, max-snippet:-1, max-image-preview:large, max-video-preview:-1\" \/>\n<link rel=\"canonical\" href=\"https:\/\/corteospitale.org\/site\/non-tre-sorelle-\u043d\u0435-\u0442\u0440\u0438-\u0441\u0435\u0441\u0442\u0440\u0438-enrico-baraldi\/\" \/>\n<meta property=\"og:locale\" content=\"it_IT\" \/>\n<meta property=\"og:type\" content=\"article\" \/>\n<meta property=\"og:title\" content=\"NON TRE SORELLE \/\u00a0\u041d\u0415 \u0422\u0420\u0418 \u0421\u0415\u0421\u0422\u0420\u0418, Enrico Baraldi - LA CORTE OSPITALE\" \/>\n<meta property=\"og:description\" content=\"Da un giorno all\u2019altro Mosca cambia il suo volto. Improvvisamente nulla sembra avere pi\u00f9 un senso: cosa \u00e8 possibile fare, come Europei, come cittadini e infine come artisti, a fronte delle immagini di una guerra che sembra coinvolgerci pi\u00f9 di altre? Qual \u00e8 il ruolo della cultura in tutto questo? Che senso ha fare teatro, mettere in scena uno spettacolo, in questo momento storico? Cosa c\u2019entra Cechov, ora?\" \/>\n<meta property=\"og:url\" content=\"https:\/\/corteospitale.org\/site\/non-tre-sorelle-\u043d\u0435-\u0442\u0440\u0438-\u0441\u0435\u0441\u0442\u0440\u0438-enrico-baraldi\/\" \/>\n<meta property=\"og:site_name\" content=\"LA CORTE OSPITALE\" \/>\n<meta property=\"article:publisher\" content=\"https:\/\/www.facebook.com\/corteospitale\" \/>\n<meta property=\"article:published_time\" content=\"2022-12-22T10:57:17+00:00\" \/>\n<meta property=\"article:modified_time\" content=\"2022-12-23T09:01:06+00:00\" \/>\n<meta property=\"og:image\" content=\"https:\/\/corteospitale.org\/site\/wp-content\/uploads\/2022\/12\/Non-tre-sorelle-e1671633341612.jpg\" \/>\n\t<meta property=\"og:image:width\" content=\"1068\" \/>\n\t<meta property=\"og:image:height\" content=\"801\" \/>\n\t<meta property=\"og:image:type\" content=\"image\/jpeg\" \/>\n<meta name=\"author\" content=\"Manuela\" \/>\n<meta name=\"twitter:card\" content=\"summary_large_image\" \/>\n<meta name=\"twitter:label1\" content=\"Scritto da\" \/>\n\t<meta name=\"twitter:data1\" content=\"Manuela\" \/>\n\t<meta name=\"twitter:label2\" content=\"Tempo di lettura stimato\" \/>\n\t<meta name=\"twitter:data2\" content=\"2 minuti\" \/>\n<script type=\"application\/ld+json\" class=\"yoast-schema-graph\">{\"@context\":\"https:\/\/schema.org\",\"@graph\":[{\"@type\":\"Article\",\"@id\":\"https:\/\/corteospitale.org\/site\/non-tre-sorelle-%d0%bd%d0%b5-%d1%82%d1%80%d0%b8-%d1%81%d0%b5%d1%81%d1%82%d1%80%d0%b8-enrico-baraldi\/#article\",\"isPartOf\":{\"@id\":\"https:\/\/corteospitale.org\/site\/non-tre-sorelle-%d0%bd%d0%b5-%d1%82%d1%80%d0%b8-%d1%81%d0%b5%d1%81%d1%82%d1%80%d0%b8-enrico-baraldi\/\"},\"author\":{\"name\":\"Manuela\",\"@id\":\"https:\/\/corteospitale.org\/site\/#\/schema\/person\/2e6c7771de31d29fa1f09440dc741ce0\"},\"headline\":\"NON TRE SORELLE \/\u00a0\u041d\u0415 \u0422\u0420\u0418 \u0421\u0415\u0421\u0422\u0420\u0418, Enrico Baraldi\",\"datePublished\":\"2022-12-22T10:57:17+00:00\",\"dateModified\":\"2022-12-23T09:01:06+00:00\",\"mainEntityOfPage\":{\"@id\":\"https:\/\/corteospitale.org\/site\/non-tre-sorelle-%d0%bd%d0%b5-%d1%82%d1%80%d0%b8-%d1%81%d0%b5%d1%81%d1%82%d1%80%d0%b8-enrico-baraldi\/\"},\"wordCount\":415,\"publisher\":{\"@id\":\"https:\/\/corteospitale.org\/site\/#organization\"},\"image\":{\"@id\":\"https:\/\/corteospitale.org\/site\/non-tre-sorelle-%d0%bd%d0%b5-%d1%82%d1%80%d0%b8-%d1%81%d0%b5%d1%81%d1%82%d1%80%d0%b8-enrico-baraldi\/#primaryimage\"},\"thumbnailUrl\":\"https:\/\/corteospitale.org\/site\/wp-content\/uploads\/2022\/12\/Non-tre-sorelle-e1671633341612.jpg\",\"articleSection\":[\"Stagione di prosa 2022\/23\",\"Uncategorized\"],\"inLanguage\":\"it-IT\"},{\"@type\":\"WebPage\",\"@id\":\"https:\/\/corteospitale.org\/site\/non-tre-sorelle-%d0%bd%d0%b5-%d1%82%d1%80%d0%b8-%d1%81%d0%b5%d1%81%d1%82%d1%80%d0%b8-enrico-baraldi\/\",\"url\":\"https:\/\/corteospitale.org\/site\/non-tre-sorelle-%d0%bd%d0%b5-%d1%82%d1%80%d0%b8-%d1%81%d0%b5%d1%81%d1%82%d1%80%d0%b8-enrico-baraldi\/\",\"name\":\"NON TRE SORELLE \/\u00a0\u041d\u0415 \u0422\u0420\u0418 \u0421\u0415\u0421\u0422\u0420\u0418, Enrico Baraldi - LA CORTE OSPITALE\",\"isPartOf\":{\"@id\":\"https:\/\/corteospitale.org\/site\/#website\"},\"primaryImageOfPage\":{\"@id\":\"https:\/\/corteospitale.org\/site\/non-tre-sorelle-%d0%bd%d0%b5-%d1%82%d1%80%d0%b8-%d1%81%d0%b5%d1%81%d1%82%d1%80%d0%b8-enrico-baraldi\/#primaryimage\"},\"image\":{\"@id\":\"https:\/\/corteospitale.org\/site\/non-tre-sorelle-%d0%bd%d0%b5-%d1%82%d1%80%d0%b8-%d1%81%d0%b5%d1%81%d1%82%d1%80%d0%b8-enrico-baraldi\/#primaryimage\"},\"thumbnailUrl\":\"https:\/\/corteospitale.org\/site\/wp-content\/uploads\/2022\/12\/Non-tre-sorelle-e1671633341612.jpg\",\"datePublished\":\"2022-12-22T10:57:17+00:00\",\"dateModified\":\"2022-12-23T09:01:06+00:00\",\"description\":\"Da un giorno all\u2019altro Mosca cambia il suo volto. Improvvisamente nulla sembra avere pi\u00f9 un senso: cosa \u00e8 possibile fare, come Europei, come cittadini e infine come artisti, a fronte delle immagini di una guerra che sembra coinvolgerci pi\u00f9 di altre? Qual \u00e8 il ruolo della cultura in tutto questo? Che senso ha fare teatro, mettere in scena uno spettacolo, in questo momento storico? Cosa c\u2019entra Cechov, ora?\",\"breadcrumb\":{\"@id\":\"https:\/\/corteospitale.org\/site\/non-tre-sorelle-%d0%bd%d0%b5-%d1%82%d1%80%d0%b8-%d1%81%d0%b5%d1%81%d1%82%d1%80%d0%b8-enrico-baraldi\/#breadcrumb\"},\"inLanguage\":\"it-IT\",\"potentialAction\":[{\"@type\":\"ReadAction\",\"target\":[\"https:\/\/corteospitale.org\/site\/non-tre-sorelle-%d0%bd%d0%b5-%d1%82%d1%80%d0%b8-%d1%81%d0%b5%d1%81%d1%82%d1%80%d0%b8-enrico-baraldi\/\"]}]},{\"@type\":\"ImageObject\",\"inLanguage\":\"it-IT\",\"@id\":\"https:\/\/corteospitale.org\/site\/non-tre-sorelle-%d0%bd%d0%b5-%d1%82%d1%80%d0%b8-%d1%81%d0%b5%d1%81%d1%82%d1%80%d0%b8-enrico-baraldi\/#primaryimage\",\"url\":\"https:\/\/corteospitale.org\/site\/wp-content\/uploads\/2022\/12\/Non-tre-sorelle-e1671633341612.jpg\",\"contentUrl\":\"https:\/\/corteospitale.org\/site\/wp-content\/uploads\/2022\/12\/Non-tre-sorelle-e1671633341612.jpg\",\"width\":1068,\"height\":801},{\"@type\":\"BreadcrumbList\",\"@id\":\"https:\/\/corteospitale.org\/site\/non-tre-sorelle-%d0%bd%d0%b5-%d1%82%d1%80%d0%b8-%d1%81%d0%b5%d1%81%d1%82%d1%80%d0%b8-enrico-baraldi\/#breadcrumb\",\"itemListElement\":[{\"@type\":\"ListItem\",\"position\":1,\"name\":\"Home\",\"item\":\"https:\/\/corteospitale.org\/site\/\"},{\"@type\":\"ListItem\",\"position\":2,\"name\":\"NON TRE SORELLE \/\u00a0\u041d\u0415 \u0422\u0420\u0418 \u0421\u0415\u0421\u0422\u0420\u0418, Enrico Baraldi\"}]},{\"@type\":\"WebSite\",\"@id\":\"https:\/\/corteospitale.org\/site\/#website\",\"url\":\"https:\/\/corteospitale.org\/site\/\",\"name\":\"LA CORTE OSPITALE\",\"description\":\"\",\"publisher\":{\"@id\":\"https:\/\/corteospitale.org\/site\/#organization\"},\"potentialAction\":[{\"@type\":\"SearchAction\",\"target\":{\"@type\":\"EntryPoint\",\"urlTemplate\":\"https:\/\/corteospitale.org\/site\/?s={search_term_string}\"},\"query-input\":{\"@type\":\"PropertyValueSpecification\",\"valueRequired\":true,\"valueName\":\"search_term_string\"}}],\"inLanguage\":\"it-IT\"},{\"@type\":\"Organization\",\"@id\":\"https:\/\/corteospitale.org\/site\/#organization\",\"name\":\"Corte Ospitale\",\"url\":\"https:\/\/corteospitale.org\/site\/\",\"logo\":{\"@type\":\"ImageObject\",\"inLanguage\":\"it-IT\",\"@id\":\"https:\/\/corteospitale.org\/site\/#\/schema\/logo\/image\/\",\"url\":\"\",\"contentUrl\":\"\",\"caption\":\"Corte Ospitale\"},\"image\":{\"@id\":\"https:\/\/corteospitale.org\/site\/#\/schema\/logo\/image\/\"},\"sameAs\":[\"https:\/\/www.facebook.com\/corteospitale\",\"https:\/\/www.instagram.com\/corteospitale\/\",\"https:\/\/www.youtube.com\/user\/LaCorteOspitale1\"]},{\"@type\":\"Person\",\"@id\":\"https:\/\/corteospitale.org\/site\/#\/schema\/person\/2e6c7771de31d29fa1f09440dc741ce0\",\"name\":\"Manuela\",\"image\":{\"@type\":\"ImageObject\",\"inLanguage\":\"it-IT\",\"@id\":\"https:\/\/corteospitale.org\/site\/#\/schema\/person\/image\/\",\"url\":\"https:\/\/secure.gravatar.com\/avatar\/ac6dcb2697d112cdbed0c3c486cf1a2150a160d7ea8f53aee6865d6c70612228?s=96&r=g\",\"contentUrl\":\"https:\/\/secure.gravatar.com\/avatar\/ac6dcb2697d112cdbed0c3c486cf1a2150a160d7ea8f53aee6865d6c70612228?s=96&r=g\",\"caption\":\"Manuela\"}}]}<\/script>\n<!-- \/ Yoast SEO plugin. -->","yoast_head_json":{"title":"NON TRE SORELLE \/\u00a0\u041d\u0415 \u0422\u0420\u0418 \u0421\u0415\u0421\u0422\u0420\u0418, Enrico Baraldi - LA CORTE OSPITALE","description":"Da un giorno all\u2019altro Mosca cambia il suo volto. Improvvisamente nulla sembra avere pi\u00f9 un senso: cosa \u00e8 possibile fare, come Europei, come cittadini e infine come artisti, a fronte delle immagini di una guerra che sembra coinvolgerci pi\u00f9 di altre? Qual \u00e8 il ruolo della cultura in tutto questo? Che senso ha fare teatro, mettere in scena uno spettacolo, in questo momento storico? Cosa c\u2019entra Cechov, ora?","robots":{"index":"index","follow":"follow","max-snippet":"max-snippet:-1","max-image-preview":"max-image-preview:large","max-video-preview":"max-video-preview:-1"},"canonical":"https:\/\/corteospitale.org\/site\/non-tre-sorelle-\u043d\u0435-\u0442\u0440\u0438-\u0441\u0435\u0441\u0442\u0440\u0438-enrico-baraldi\/","og_locale":"it_IT","og_type":"article","og_title":"NON TRE SORELLE \/\u00a0\u041d\u0415 \u0422\u0420\u0418 \u0421\u0415\u0421\u0422\u0420\u0418, Enrico Baraldi - LA CORTE OSPITALE","og_description":"Da un giorno all\u2019altro Mosca cambia il suo volto. Improvvisamente nulla sembra avere pi\u00f9 un senso: cosa \u00e8 possibile fare, come Europei, come cittadini e infine come artisti, a fronte delle immagini di una guerra che sembra coinvolgerci pi\u00f9 di altre? Qual \u00e8 il ruolo della cultura in tutto questo? Che senso ha fare teatro, mettere in scena uno spettacolo, in questo momento storico? Cosa c\u2019entra Cechov, ora?","og_url":"https:\/\/corteospitale.org\/site\/non-tre-sorelle-\u043d\u0435-\u0442\u0440\u0438-\u0441\u0435\u0441\u0442\u0440\u0438-enrico-baraldi\/","og_site_name":"LA CORTE OSPITALE","article_publisher":"https:\/\/www.facebook.com\/corteospitale","article_published_time":"2022-12-22T10:57:17+00:00","article_modified_time":"2022-12-23T09:01:06+00:00","og_image":[{"width":1068,"height":801,"url":"https:\/\/corteospitale.org\/site\/wp-content\/uploads\/2022\/12\/Non-tre-sorelle-e1671633341612.jpg","type":"image\/jpeg"}],"author":"Manuela","twitter_card":"summary_large_image","twitter_misc":{"Scritto da":"Manuela","Tempo di lettura stimato":"2 minuti"},"schema":{"@context":"https:\/\/schema.org","@graph":[{"@type":"Article","@id":"https:\/\/corteospitale.org\/site\/non-tre-sorelle-%d0%bd%d0%b5-%d1%82%d1%80%d0%b8-%d1%81%d0%b5%d1%81%d1%82%d1%80%d0%b8-enrico-baraldi\/#article","isPartOf":{"@id":"https:\/\/corteospitale.org\/site\/non-tre-sorelle-%d0%bd%d0%b5-%d1%82%d1%80%d0%b8-%d1%81%d0%b5%d1%81%d1%82%d1%80%d0%b8-enrico-baraldi\/"},"author":{"name":"Manuela","@id":"https:\/\/corteospitale.org\/site\/#\/schema\/person\/2e6c7771de31d29fa1f09440dc741ce0"},"headline":"NON TRE SORELLE \/\u00a0\u041d\u0415 \u0422\u0420\u0418 \u0421\u0415\u0421\u0422\u0420\u0418, Enrico Baraldi","datePublished":"2022-12-22T10:57:17+00:00","dateModified":"2022-12-23T09:01:06+00:00","mainEntityOfPage":{"@id":"https:\/\/corteospitale.org\/site\/non-tre-sorelle-%d0%bd%d0%b5-%d1%82%d1%80%d0%b8-%d1%81%d0%b5%d1%81%d1%82%d1%80%d0%b8-enrico-baraldi\/"},"wordCount":415,"publisher":{"@id":"https:\/\/corteospitale.org\/site\/#organization"},"image":{"@id":"https:\/\/corteospitale.org\/site\/non-tre-sorelle-%d0%bd%d0%b5-%d1%82%d1%80%d0%b8-%d1%81%d0%b5%d1%81%d1%82%d1%80%d0%b8-enrico-baraldi\/#primaryimage"},"thumbnailUrl":"https:\/\/corteospitale.org\/site\/wp-content\/uploads\/2022\/12\/Non-tre-sorelle-e1671633341612.jpg","articleSection":["Stagione di prosa 2022\/23","Uncategorized"],"inLanguage":"it-IT"},{"@type":"WebPage","@id":"https:\/\/corteospitale.org\/site\/non-tre-sorelle-%d0%bd%d0%b5-%d1%82%d1%80%d0%b8-%d1%81%d0%b5%d1%81%d1%82%d1%80%d0%b8-enrico-baraldi\/","url":"https:\/\/corteospitale.org\/site\/non-tre-sorelle-%d0%bd%d0%b5-%d1%82%d1%80%d0%b8-%d1%81%d0%b5%d1%81%d1%82%d1%80%d0%b8-enrico-baraldi\/","name":"NON TRE SORELLE \/\u00a0\u041d\u0415 \u0422\u0420\u0418 \u0421\u0415\u0421\u0422\u0420\u0418, Enrico Baraldi - LA CORTE OSPITALE","isPartOf":{"@id":"https:\/\/corteospitale.org\/site\/#website"},"primaryImageOfPage":{"@id":"https:\/\/corteospitale.org\/site\/non-tre-sorelle-%d0%bd%d0%b5-%d1%82%d1%80%d0%b8-%d1%81%d0%b5%d1%81%d1%82%d1%80%d0%b8-enrico-baraldi\/#primaryimage"},"image":{"@id":"https:\/\/corteospitale.org\/site\/non-tre-sorelle-%d0%bd%d0%b5-%d1%82%d1%80%d0%b8-%d1%81%d0%b5%d1%81%d1%82%d1%80%d0%b8-enrico-baraldi\/#primaryimage"},"thumbnailUrl":"https:\/\/corteospitale.org\/site\/wp-content\/uploads\/2022\/12\/Non-tre-sorelle-e1671633341612.jpg","datePublished":"2022-12-22T10:57:17+00:00","dateModified":"2022-12-23T09:01:06+00:00","description":"Da un giorno all\u2019altro Mosca cambia il suo volto. Improvvisamente nulla sembra avere pi\u00f9 un senso: cosa \u00e8 possibile fare, come Europei, come cittadini e infine come artisti, a fronte delle immagini di una guerra che sembra coinvolgerci pi\u00f9 di altre? Qual \u00e8 il ruolo della cultura in tutto questo? Che senso ha fare teatro, mettere in scena uno spettacolo, in questo momento storico? Cosa c\u2019entra Cechov, ora?","breadcrumb":{"@id":"https:\/\/corteospitale.org\/site\/non-tre-sorelle-%d0%bd%d0%b5-%d1%82%d1%80%d0%b8-%d1%81%d0%b5%d1%81%d1%82%d1%80%d0%b8-enrico-baraldi\/#breadcrumb"},"inLanguage":"it-IT","potentialAction":[{"@type":"ReadAction","target":["https:\/\/corteospitale.org\/site\/non-tre-sorelle-%d0%bd%d0%b5-%d1%82%d1%80%d0%b8-%d1%81%d0%b5%d1%81%d1%82%d1%80%d0%b8-enrico-baraldi\/"]}]},{"@type":"ImageObject","inLanguage":"it-IT","@id":"https:\/\/corteospitale.org\/site\/non-tre-sorelle-%d0%bd%d0%b5-%d1%82%d1%80%d0%b8-%d1%81%d0%b5%d1%81%d1%82%d1%80%d0%b8-enrico-baraldi\/#primaryimage","url":"https:\/\/corteospitale.org\/site\/wp-content\/uploads\/2022\/12\/Non-tre-sorelle-e1671633341612.jpg","contentUrl":"https:\/\/corteospitale.org\/site\/wp-content\/uploads\/2022\/12\/Non-tre-sorelle-e1671633341612.jpg","width":1068,"height":801},{"@type":"BreadcrumbList","@id":"https:\/\/corteospitale.org\/site\/non-tre-sorelle-%d0%bd%d0%b5-%d1%82%d1%80%d0%b8-%d1%81%d0%b5%d1%81%d1%82%d1%80%d0%b8-enrico-baraldi\/#breadcrumb","itemListElement":[{"@type":"ListItem","position":1,"name":"Home","item":"https:\/\/corteospitale.org\/site\/"},{"@type":"ListItem","position":2,"name":"NON TRE SORELLE \/\u00a0\u041d\u0415 \u0422\u0420\u0418 \u0421\u0415\u0421\u0422\u0420\u0418, Enrico Baraldi"}]},{"@type":"WebSite","@id":"https:\/\/corteospitale.org\/site\/#website","url":"https:\/\/corteospitale.org\/site\/","name":"LA CORTE OSPITALE","description":"","publisher":{"@id":"https:\/\/corteospitale.org\/site\/#organization"},"potentialAction":[{"@type":"SearchAction","target":{"@type":"EntryPoint","urlTemplate":"https:\/\/corteospitale.org\/site\/?s={search_term_string}"},"query-input":{"@type":"PropertyValueSpecification","valueRequired":true,"valueName":"search_term_string"}}],"inLanguage":"it-IT"},{"@type":"Organization","@id":"https:\/\/corteospitale.org\/site\/#organization","name":"Corte Ospitale","url":"https:\/\/corteospitale.org\/site\/","logo":{"@type":"ImageObject","inLanguage":"it-IT","@id":"https:\/\/corteospitale.org\/site\/#\/schema\/logo\/image\/","url":"","contentUrl":"","caption":"Corte Ospitale"},"image":{"@id":"https:\/\/corteospitale.org\/site\/#\/schema\/logo\/image\/"},"sameAs":["https:\/\/www.facebook.com\/corteospitale","https:\/\/www.instagram.com\/corteospitale\/","https:\/\/www.youtube.com\/user\/LaCorteOspitale1"]},{"@type":"Person","@id":"https:\/\/corteospitale.org\/site\/#\/schema\/person\/2e6c7771de31d29fa1f09440dc741ce0","name":"Manuela","image":{"@type":"ImageObject","inLanguage":"it-IT","@id":"https:\/\/corteospitale.org\/site\/#\/schema\/person\/image\/","url":"https:\/\/secure.gravatar.com\/avatar\/ac6dcb2697d112cdbed0c3c486cf1a2150a160d7ea8f53aee6865d6c70612228?s=96&r=g","contentUrl":"https:\/\/secure.gravatar.com\/avatar\/ac6dcb2697d112cdbed0c3c486cf1a2150a160d7ea8f53aee6865d6c70612228?s=96&r=g","caption":"Manuela"}}]}},"_links":{"self":[{"href":"https:\/\/corteospitale.org\/site\/wp-json\/wp\/v2\/posts\/7516","targetHints":{"allow":["GET"]}}],"collection":[{"href":"https:\/\/corteospitale.org\/site\/wp-json\/wp\/v2\/posts"}],"about":[{"href":"https:\/\/corteospitale.org\/site\/wp-json\/wp\/v2\/types\/post"}],"author":[{"embeddable":true,"href":"https:\/\/corteospitale.org\/site\/wp-json\/wp\/v2\/users\/2"}],"replies":[{"embeddable":true,"href":"https:\/\/corteospitale.org\/site\/wp-json\/wp\/v2\/comments?post=7516"}],"version-history":[{"count":5,"href":"https:\/\/corteospitale.org\/site\/wp-json\/wp\/v2\/posts\/7516\/revisions"}],"predecessor-version":[{"id":7567,"href":"https:\/\/corteospitale.org\/site\/wp-json\/wp\/v2\/posts\/7516\/revisions\/7567"}],"wp:featuredmedia":[{"embeddable":true,"href":"https:\/\/corteospitale.org\/site\/wp-json\/wp\/v2\/media\/7519"}],"wp:attachment":[{"href":"https:\/\/corteospitale.org\/site\/wp-json\/wp\/v2\/media?parent=7516"}],"wp:term":[{"taxonomy":"category","embeddable":true,"href":"https:\/\/corteospitale.org\/site\/wp-json\/wp\/v2\/categories?post=7516"},{"taxonomy":"post_tag","embeddable":true,"href":"https:\/\/corteospitale.org\/site\/wp-json\/wp\/v2\/tags?post=7516"}],"curies":[{"name":"wp","href":"https:\/\/api.w.org\/{rel}","templated":true}]}}