{"id":7525,"date":"2022-10-12T19:16:13","date_gmt":"2022-12-22T10:59:54","guid":{"rendered":"https:\/\/corteospitale.org\/site\/?p=7525"},"modified":"2022-12-23T11:04:44","modified_gmt":"2022-12-23T09:04:44","slug":"cattivo-tommaso-banfi-giuliana-musso","status":"publish","type":"post","link":"https:\/\/corteospitale.org\/site\/cattivo-tommaso-banfi-giuliana-musso\/","title":{"rendered":"Cattivo, Tommaso Banfi, Giuliana Musso"},"content":{"rendered":"<div class=\"page\" title=\"Page 1\">\n<div class=\"layoutArea\">\n<div class=\"column\">\n<h1>Cattivo<\/h1>\n<p>&nbsp;<\/p>\n<p>con <strong>Tommaso Banfi<\/strong><br \/>\nregia <strong>Giuliana Musso<\/strong><br \/>\nproduzione <strong>ariaTeatro<\/strong> e <strong>La Piccionaia<\/strong><br \/>\nadattamento testo <strong>Tommaso Banfi<\/strong><br \/>\ndispositivo scenico <strong>Francesco Fassone<\/strong> Musiche e luci <strong>Claudio Parrino<\/strong><br \/>\nsarta <strong>Chiara Venturini<\/strong><br \/>\nresidenza artistica <strong>Olinda\/TeatroLaCucina<\/strong><br \/>\nuna co-produzione <strong>Compagnia ariaTeatro<\/strong> e <strong>La Piccionaia Centro di Produzione Teatrale<\/strong><\/p>\n<\/div>\n<\/div>\n<\/div>\n<div class=\"page\" title=\"Page 2\">\n<div class=\"layoutArea\">\n<div class=\"column\">\n<p>Durata: 1 ora e 20&#8242;&nbsp;<\/p>\n<p style=\"text-align: right;\">&#8220;Ho paura. Mi vergogno a dirlo. Non lo dicessi, per\u00f2, mi vergognerei di pi\u00f9. Ho paura perch\u00e9 ho speranza. Perch\u00e9, assurdamente, sento di avere ancora qualcosa da perdere.\u201d<\/p>\n<p>&nbsp;<\/p>\n<p>Il testo di questo monologo nasce dal romanzo di Maurizio Torchio, Cattivi, edito da Einaudi nel 2015. Secondo romanzo dell&#8217;autore, ha per protagonista un detenuto condannato all&#8217;ergastolo e \u201cdimenticato\u201d nella cella di isolamento di un carcere-isola.<\/p>\n<p>Una scrittura tesa e sospesa, una voce che ascolta mentre dice, che a volte abdica senza resistenza al silenzio e che diventa gesto, sospiro, sguardo. Un racconto a tratti lirico, come quando osserva dall\u2019alto il mondo-carcere o il tempo immobile dell\u2019isolamento, a tratti essenziale e semplice come l\u2019umanit\u00e0 resiliente del protagonista. La vita prima, la vita dopo, l\u2019istante del crimine che segna l\u2019intera esistenza, la nudit\u00e0 della propria colpa, la violenza dell\u2019istituzione, infine, anche,&nbsp;una vittima in un colpevole. La poesia si annida nei dettagli degli eventi, nei particolari dove la vita del carcere si raccoglie. La forza perturbante di questo monologo sta anche nella recitazione di Tommaso Banfi: sorprendentemente organica, umida, rotta, arresa, cos\u00ec tecnicamente sofisticata da far scomparire l\u2019attore e dimenticare ogni teatralit\u00e0.<\/p>\n<p>O forse chiss\u00e0&#8230; la pi\u00f9 dolce poesia&nbsp;sar\u00e0 ci\u00f2 che avverr\u00e0 alla fine dello spettacolo: quello che noi, dopo&nbsp;essere stati vicini a questo cattivo&nbsp;uomo, scopriremo nei nostri cuori.<br \/>\n&#8220;La voce narrante di Cattivi si illudeva&nbsp;di essere astratta, universale, con la lucidit\u00e0 un po&#8217; folle di chi gira a vuoto perch\u00e9 non ha pi\u00f9 un mondo. Che bello invece incontrarla cos\u00ec: sdentata, dialettale, stanca, finalmente incarnata in quel corpo che sapeva di avere, ma si ostinava a negare.\u201d Maurizio Torchio.<\/p>\n<\/div>\n<\/div>\n<\/div>\n<div class=\"page\" title=\"Page 3\">\n<div class=\"section\">\n<div class=\"layoutArea\">\n<div class=\"column\">\n<p>L\u2019incontro di Tommaso Banfi con Giuliana Musso avviene ai tempi della loro formazione artistica all\u2019Accademia &#8220;Paolo Grassi&#8221; di Milano e solo ora, dopo molti anni, si concretizza in una felice collaborazione professionale. Il desiderio di costruire un progetto artistico con- diviso nasce dalla lettura del romanzo di Maurizio Torchio, dalla sua voce narrante gi\u00e0 di per&nbsp;s\u00e9 molto teatrale, che ha folgorato entrambi. Una storia perfetta per quel \u201cteatro della compassione\u201d che pare essere il naturale sviluppo del teatro d\u2019indagine che Giuliana ha proposto in questi ultimi vent\u2019anni con le sue scritture: un teatro sia politico che poetico, che cerca il tratto universale nella testimonianza soggettiva, che insegue la poesia delle parole&nbsp;incarnate nell\u2019esperienza.<\/p>\n<p>Cattivo \u00e8 anche un testo che rientra nel&nbsp;codice del teatro civile: accende l\u2019attenzione sulla questione dell\u2019ergastolo ostativo, una pena \u201csenza fine\u201d e senza speranza di essere ridotta o convertita, di cui la nostra Corte Costituzionale ha recentemente stabilito l\u2019incostituzionalit\u00e0. La voce tremolante del protagonista, un uomo totalmente isolato dal resto del mondo, destinato al \u201cfine pena mai\u201d, ci racconta il suo profondo desiderio di vivere ancora e nel farlo ci ricorda che i nostri bisogni primari sono sempre essenziali e semplici, e sempre legati alla relazionalit\u00e0, alla dimensione sociale. Anche noi, nel nostro vivere quotidiano, abbiamo recentemente intercettato la radi- calit\u00e0 di questi bisogni primari, durante l\u2019iso- lamento dovuto alla pandemia&#8230; e non a caso l\u2019adatta- mento certosino di Tommaso Banfi, parola per parola, respiro dopo respiro, \u00e8 nato proprio in quelle circostanze, durante il primo lungo lockdown del 2020.<\/p>\n<\/div>\n<\/div>\n<\/div>\n<\/div>\n<p>&nbsp;<\/p>\n","protected":false},"excerpt":{"rendered":"<p>Cattivo &nbsp; con Tommaso Banfi regia Giuliana Musso produzione ariaTeatro e La Piccionaia adattamento testo Tommaso Banfi dispositivo scenico Francesco Fassone Musiche e luci Claudio Parrino sarta Chiara Venturini residenza artistica Olinda\/TeatroLaCucina una co-produzione Compagnia ariaTeatro e La Piccionaia Centro &hellip;<\/p>\n","protected":false},"author":2,"featured_media":7526,"comment_status":"closed","ping_status":"closed","sticky":false,"template":"","format":"standard","meta":{"_acf_changed":false,"ngg_post_thumbnail":0,"footnotes":"","_links_to":"","_links_to_target":""},"categories":[296,1],"tags":[],"class_list":["post-7525","post","type-post","status-publish","format-standard","has-post-thumbnail","hentry","category-stagione-di-prosa-2022-23","category-uncategorized"],"acf":[],"yoast_head":"<!-- This site is optimized with the Yoast SEO plugin v24.7 - https:\/\/yoast.com\/wordpress\/plugins\/seo\/ -->\n<title>Cattivo, Tommaso Banfi, Giuliana Musso - LA CORTE OSPITALE<\/title>\n<meta name=\"description\" content=\"Il testo di questo monologo nasce dal romanzo di Maurizio Torchio, Cattivi, edito da Einaudi nel 2015. Secondo romanzo dell&#039;autore, ha per protagonista un detenuto condannato all&#039;ergastolo e \u201cdimenticato\u201d nella cella di isolamento di un carcere-isola.\" \/>\n<meta name=\"robots\" content=\"index, follow, max-snippet:-1, max-image-preview:large, max-video-preview:-1\" \/>\n<link rel=\"canonical\" href=\"https:\/\/corteospitale.org\/site\/cattivo-tommaso-banfi-giuliana-musso\/\" \/>\n<meta property=\"og:locale\" content=\"it_IT\" \/>\n<meta property=\"og:type\" content=\"article\" \/>\n<meta property=\"og:title\" content=\"Cattivo, Tommaso Banfi, Giuliana Musso - LA CORTE OSPITALE\" \/>\n<meta property=\"og:description\" content=\"Il testo di questo monologo nasce dal romanzo di Maurizio Torchio, Cattivi, edito da Einaudi nel 2015. Secondo romanzo dell&#039;autore, ha per protagonista un detenuto condannato all&#039;ergastolo e \u201cdimenticato\u201d nella cella di isolamento di un carcere-isola.\" \/>\n<meta property=\"og:url\" content=\"https:\/\/corteospitale.org\/site\/cattivo-tommaso-banfi-giuliana-musso\/\" \/>\n<meta property=\"og:site_name\" content=\"LA CORTE OSPITALE\" \/>\n<meta property=\"article:publisher\" content=\"https:\/\/www.facebook.com\/corteospitale\" \/>\n<meta property=\"article:published_time\" content=\"2022-12-22T10:59:54+00:00\" \/>\n<meta property=\"article:modified_time\" content=\"2022-12-23T09:04:44+00:00\" \/>\n<meta property=\"og:image\" content=\"https:\/\/corteospitale.org\/site\/wp-content\/uploads\/2022\/12\/Cattivo2-e1671635060823.jpg\" \/>\n\t<meta property=\"og:image:width\" content=\"1655\" \/>\n\t<meta property=\"og:image:height\" content=\"1240\" \/>\n\t<meta property=\"og:image:type\" content=\"image\/jpeg\" \/>\n<meta name=\"author\" content=\"Manuela\" \/>\n<meta name=\"twitter:card\" content=\"summary_large_image\" \/>\n<meta name=\"twitter:label1\" content=\"Scritto da\" \/>\n\t<meta name=\"twitter:data1\" content=\"Manuela\" \/>\n\t<meta name=\"twitter:label2\" content=\"Tempo di lettura stimato\" \/>\n\t<meta name=\"twitter:data2\" content=\"3 minuti\" \/>\n<script type=\"application\/ld+json\" class=\"yoast-schema-graph\">{\"@context\":\"https:\/\/schema.org\",\"@graph\":[{\"@type\":\"Article\",\"@id\":\"https:\/\/corteospitale.org\/site\/cattivo-tommaso-banfi-giuliana-musso\/#article\",\"isPartOf\":{\"@id\":\"https:\/\/corteospitale.org\/site\/cattivo-tommaso-banfi-giuliana-musso\/\"},\"author\":{\"name\":\"Manuela\",\"@id\":\"https:\/\/corteospitale.org\/site\/#\/schema\/person\/2e6c7771de31d29fa1f09440dc741ce0\"},\"headline\":\"Cattivo, Tommaso Banfi, Giuliana Musso\",\"datePublished\":\"2022-12-22T10:59:54+00:00\",\"dateModified\":\"2022-12-23T09:04:44+00:00\",\"mainEntityOfPage\":{\"@id\":\"https:\/\/corteospitale.org\/site\/cattivo-tommaso-banfi-giuliana-musso\/\"},\"wordCount\":603,\"publisher\":{\"@id\":\"https:\/\/corteospitale.org\/site\/#organization\"},\"image\":{\"@id\":\"https:\/\/corteospitale.org\/site\/cattivo-tommaso-banfi-giuliana-musso\/#primaryimage\"},\"thumbnailUrl\":\"https:\/\/corteospitale.org\/site\/wp-content\/uploads\/2022\/12\/Cattivo2-e1671635060823.jpg\",\"articleSection\":[\"Stagione di prosa 2022\/23\",\"Uncategorized\"],\"inLanguage\":\"it-IT\"},{\"@type\":\"WebPage\",\"@id\":\"https:\/\/corteospitale.org\/site\/cattivo-tommaso-banfi-giuliana-musso\/\",\"url\":\"https:\/\/corteospitale.org\/site\/cattivo-tommaso-banfi-giuliana-musso\/\",\"name\":\"Cattivo, Tommaso Banfi, Giuliana Musso - LA CORTE OSPITALE\",\"isPartOf\":{\"@id\":\"https:\/\/corteospitale.org\/site\/#website\"},\"primaryImageOfPage\":{\"@id\":\"https:\/\/corteospitale.org\/site\/cattivo-tommaso-banfi-giuliana-musso\/#primaryimage\"},\"image\":{\"@id\":\"https:\/\/corteospitale.org\/site\/cattivo-tommaso-banfi-giuliana-musso\/#primaryimage\"},\"thumbnailUrl\":\"https:\/\/corteospitale.org\/site\/wp-content\/uploads\/2022\/12\/Cattivo2-e1671635060823.jpg\",\"datePublished\":\"2022-12-22T10:59:54+00:00\",\"dateModified\":\"2022-12-23T09:04:44+00:00\",\"description\":\"Il testo di questo monologo nasce dal romanzo di Maurizio Torchio, Cattivi, edito da Einaudi nel 2015. Secondo romanzo dell'autore, ha per protagonista un detenuto condannato all'ergastolo e \u201cdimenticato\u201d nella cella di isolamento di un carcere-isola.\",\"breadcrumb\":{\"@id\":\"https:\/\/corteospitale.org\/site\/cattivo-tommaso-banfi-giuliana-musso\/#breadcrumb\"},\"inLanguage\":\"it-IT\",\"potentialAction\":[{\"@type\":\"ReadAction\",\"target\":[\"https:\/\/corteospitale.org\/site\/cattivo-tommaso-banfi-giuliana-musso\/\"]}]},{\"@type\":\"ImageObject\",\"inLanguage\":\"it-IT\",\"@id\":\"https:\/\/corteospitale.org\/site\/cattivo-tommaso-banfi-giuliana-musso\/#primaryimage\",\"url\":\"https:\/\/corteospitale.org\/site\/wp-content\/uploads\/2022\/12\/Cattivo2-e1671635060823.jpg\",\"contentUrl\":\"https:\/\/corteospitale.org\/site\/wp-content\/uploads\/2022\/12\/Cattivo2-e1671635060823.jpg\",\"width\":1655,\"height\":1240},{\"@type\":\"BreadcrumbList\",\"@id\":\"https:\/\/corteospitale.org\/site\/cattivo-tommaso-banfi-giuliana-musso\/#breadcrumb\",\"itemListElement\":[{\"@type\":\"ListItem\",\"position\":1,\"name\":\"Home\",\"item\":\"https:\/\/corteospitale.org\/site\/\"},{\"@type\":\"ListItem\",\"position\":2,\"name\":\"Cattivo, Tommaso Banfi, Giuliana Musso\"}]},{\"@type\":\"WebSite\",\"@id\":\"https:\/\/corteospitale.org\/site\/#website\",\"url\":\"https:\/\/corteospitale.org\/site\/\",\"name\":\"LA CORTE OSPITALE\",\"description\":\"\",\"publisher\":{\"@id\":\"https:\/\/corteospitale.org\/site\/#organization\"},\"potentialAction\":[{\"@type\":\"SearchAction\",\"target\":{\"@type\":\"EntryPoint\",\"urlTemplate\":\"https:\/\/corteospitale.org\/site\/?s={search_term_string}\"},\"query-input\":{\"@type\":\"PropertyValueSpecification\",\"valueRequired\":true,\"valueName\":\"search_term_string\"}}],\"inLanguage\":\"it-IT\"},{\"@type\":\"Organization\",\"@id\":\"https:\/\/corteospitale.org\/site\/#organization\",\"name\":\"Corte Ospitale\",\"url\":\"https:\/\/corteospitale.org\/site\/\",\"logo\":{\"@type\":\"ImageObject\",\"inLanguage\":\"it-IT\",\"@id\":\"https:\/\/corteospitale.org\/site\/#\/schema\/logo\/image\/\",\"url\":\"\",\"contentUrl\":\"\",\"caption\":\"Corte Ospitale\"},\"image\":{\"@id\":\"https:\/\/corteospitale.org\/site\/#\/schema\/logo\/image\/\"},\"sameAs\":[\"https:\/\/www.facebook.com\/corteospitale\",\"https:\/\/www.instagram.com\/corteospitale\/\",\"https:\/\/www.youtube.com\/user\/LaCorteOspitale1\"]},{\"@type\":\"Person\",\"@id\":\"https:\/\/corteospitale.org\/site\/#\/schema\/person\/2e6c7771de31d29fa1f09440dc741ce0\",\"name\":\"Manuela\",\"image\":{\"@type\":\"ImageObject\",\"inLanguage\":\"it-IT\",\"@id\":\"https:\/\/corteospitale.org\/site\/#\/schema\/person\/image\/\",\"url\":\"https:\/\/secure.gravatar.com\/avatar\/ac6dcb2697d112cdbed0c3c486cf1a2150a160d7ea8f53aee6865d6c70612228?s=96&r=g\",\"contentUrl\":\"https:\/\/secure.gravatar.com\/avatar\/ac6dcb2697d112cdbed0c3c486cf1a2150a160d7ea8f53aee6865d6c70612228?s=96&r=g\",\"caption\":\"Manuela\"}}]}<\/script>\n<!-- \/ Yoast SEO plugin. -->","yoast_head_json":{"title":"Cattivo, Tommaso Banfi, Giuliana Musso - LA CORTE OSPITALE","description":"Il testo di questo monologo nasce dal romanzo di Maurizio Torchio, Cattivi, edito da Einaudi nel 2015. Secondo romanzo dell'autore, ha per protagonista un detenuto condannato all'ergastolo e \u201cdimenticato\u201d nella cella di isolamento di un carcere-isola.","robots":{"index":"index","follow":"follow","max-snippet":"max-snippet:-1","max-image-preview":"max-image-preview:large","max-video-preview":"max-video-preview:-1"},"canonical":"https:\/\/corteospitale.org\/site\/cattivo-tommaso-banfi-giuliana-musso\/","og_locale":"it_IT","og_type":"article","og_title":"Cattivo, Tommaso Banfi, Giuliana Musso - LA CORTE OSPITALE","og_description":"Il testo di questo monologo nasce dal romanzo di Maurizio Torchio, Cattivi, edito da Einaudi nel 2015. Secondo romanzo dell'autore, ha per protagonista un detenuto condannato all'ergastolo e \u201cdimenticato\u201d nella cella di isolamento di un carcere-isola.","og_url":"https:\/\/corteospitale.org\/site\/cattivo-tommaso-banfi-giuliana-musso\/","og_site_name":"LA CORTE OSPITALE","article_publisher":"https:\/\/www.facebook.com\/corteospitale","article_published_time":"2022-12-22T10:59:54+00:00","article_modified_time":"2022-12-23T09:04:44+00:00","og_image":[{"width":1655,"height":1240,"url":"https:\/\/corteospitale.org\/site\/wp-content\/uploads\/2022\/12\/Cattivo2-e1671635060823.jpg","type":"image\/jpeg"}],"author":"Manuela","twitter_card":"summary_large_image","twitter_misc":{"Scritto da":"Manuela","Tempo di lettura stimato":"3 minuti"},"schema":{"@context":"https:\/\/schema.org","@graph":[{"@type":"Article","@id":"https:\/\/corteospitale.org\/site\/cattivo-tommaso-banfi-giuliana-musso\/#article","isPartOf":{"@id":"https:\/\/corteospitale.org\/site\/cattivo-tommaso-banfi-giuliana-musso\/"},"author":{"name":"Manuela","@id":"https:\/\/corteospitale.org\/site\/#\/schema\/person\/2e6c7771de31d29fa1f09440dc741ce0"},"headline":"Cattivo, Tommaso Banfi, Giuliana Musso","datePublished":"2022-12-22T10:59:54+00:00","dateModified":"2022-12-23T09:04:44+00:00","mainEntityOfPage":{"@id":"https:\/\/corteospitale.org\/site\/cattivo-tommaso-banfi-giuliana-musso\/"},"wordCount":603,"publisher":{"@id":"https:\/\/corteospitale.org\/site\/#organization"},"image":{"@id":"https:\/\/corteospitale.org\/site\/cattivo-tommaso-banfi-giuliana-musso\/#primaryimage"},"thumbnailUrl":"https:\/\/corteospitale.org\/site\/wp-content\/uploads\/2022\/12\/Cattivo2-e1671635060823.jpg","articleSection":["Stagione di prosa 2022\/23","Uncategorized"],"inLanguage":"it-IT"},{"@type":"WebPage","@id":"https:\/\/corteospitale.org\/site\/cattivo-tommaso-banfi-giuliana-musso\/","url":"https:\/\/corteospitale.org\/site\/cattivo-tommaso-banfi-giuliana-musso\/","name":"Cattivo, Tommaso Banfi, Giuliana Musso - LA CORTE OSPITALE","isPartOf":{"@id":"https:\/\/corteospitale.org\/site\/#website"},"primaryImageOfPage":{"@id":"https:\/\/corteospitale.org\/site\/cattivo-tommaso-banfi-giuliana-musso\/#primaryimage"},"image":{"@id":"https:\/\/corteospitale.org\/site\/cattivo-tommaso-banfi-giuliana-musso\/#primaryimage"},"thumbnailUrl":"https:\/\/corteospitale.org\/site\/wp-content\/uploads\/2022\/12\/Cattivo2-e1671635060823.jpg","datePublished":"2022-12-22T10:59:54+00:00","dateModified":"2022-12-23T09:04:44+00:00","description":"Il testo di questo monologo nasce dal romanzo di Maurizio Torchio, Cattivi, edito da Einaudi nel 2015. Secondo romanzo dell'autore, ha per protagonista un detenuto condannato all'ergastolo e \u201cdimenticato\u201d nella cella di isolamento di un carcere-isola.","breadcrumb":{"@id":"https:\/\/corteospitale.org\/site\/cattivo-tommaso-banfi-giuliana-musso\/#breadcrumb"},"inLanguage":"it-IT","potentialAction":[{"@type":"ReadAction","target":["https:\/\/corteospitale.org\/site\/cattivo-tommaso-banfi-giuliana-musso\/"]}]},{"@type":"ImageObject","inLanguage":"it-IT","@id":"https:\/\/corteospitale.org\/site\/cattivo-tommaso-banfi-giuliana-musso\/#primaryimage","url":"https:\/\/corteospitale.org\/site\/wp-content\/uploads\/2022\/12\/Cattivo2-e1671635060823.jpg","contentUrl":"https:\/\/corteospitale.org\/site\/wp-content\/uploads\/2022\/12\/Cattivo2-e1671635060823.jpg","width":1655,"height":1240},{"@type":"BreadcrumbList","@id":"https:\/\/corteospitale.org\/site\/cattivo-tommaso-banfi-giuliana-musso\/#breadcrumb","itemListElement":[{"@type":"ListItem","position":1,"name":"Home","item":"https:\/\/corteospitale.org\/site\/"},{"@type":"ListItem","position":2,"name":"Cattivo, Tommaso Banfi, Giuliana Musso"}]},{"@type":"WebSite","@id":"https:\/\/corteospitale.org\/site\/#website","url":"https:\/\/corteospitale.org\/site\/","name":"LA CORTE OSPITALE","description":"","publisher":{"@id":"https:\/\/corteospitale.org\/site\/#organization"},"potentialAction":[{"@type":"SearchAction","target":{"@type":"EntryPoint","urlTemplate":"https:\/\/corteospitale.org\/site\/?s={search_term_string}"},"query-input":{"@type":"PropertyValueSpecification","valueRequired":true,"valueName":"search_term_string"}}],"inLanguage":"it-IT"},{"@type":"Organization","@id":"https:\/\/corteospitale.org\/site\/#organization","name":"Corte Ospitale","url":"https:\/\/corteospitale.org\/site\/","logo":{"@type":"ImageObject","inLanguage":"it-IT","@id":"https:\/\/corteospitale.org\/site\/#\/schema\/logo\/image\/","url":"","contentUrl":"","caption":"Corte Ospitale"},"image":{"@id":"https:\/\/corteospitale.org\/site\/#\/schema\/logo\/image\/"},"sameAs":["https:\/\/www.facebook.com\/corteospitale","https:\/\/www.instagram.com\/corteospitale\/","https:\/\/www.youtube.com\/user\/LaCorteOspitale1"]},{"@type":"Person","@id":"https:\/\/corteospitale.org\/site\/#\/schema\/person\/2e6c7771de31d29fa1f09440dc741ce0","name":"Manuela","image":{"@type":"ImageObject","inLanguage":"it-IT","@id":"https:\/\/corteospitale.org\/site\/#\/schema\/person\/image\/","url":"https:\/\/secure.gravatar.com\/avatar\/ac6dcb2697d112cdbed0c3c486cf1a2150a160d7ea8f53aee6865d6c70612228?s=96&r=g","contentUrl":"https:\/\/secure.gravatar.com\/avatar\/ac6dcb2697d112cdbed0c3c486cf1a2150a160d7ea8f53aee6865d6c70612228?s=96&r=g","caption":"Manuela"}}]}},"_links":{"self":[{"href":"https:\/\/corteospitale.org\/site\/wp-json\/wp\/v2\/posts\/7525","targetHints":{"allow":["GET"]}}],"collection":[{"href":"https:\/\/corteospitale.org\/site\/wp-json\/wp\/v2\/posts"}],"about":[{"href":"https:\/\/corteospitale.org\/site\/wp-json\/wp\/v2\/types\/post"}],"author":[{"embeddable":true,"href":"https:\/\/corteospitale.org\/site\/wp-json\/wp\/v2\/users\/2"}],"replies":[{"embeddable":true,"href":"https:\/\/corteospitale.org\/site\/wp-json\/wp\/v2\/comments?post=7525"}],"version-history":[{"count":8,"href":"https:\/\/corteospitale.org\/site\/wp-json\/wp\/v2\/posts\/7525\/revisions"}],"predecessor-version":[{"id":7569,"href":"https:\/\/corteospitale.org\/site\/wp-json\/wp\/v2\/posts\/7525\/revisions\/7569"}],"wp:featuredmedia":[{"embeddable":true,"href":"https:\/\/corteospitale.org\/site\/wp-json\/wp\/v2\/media\/7526"}],"wp:attachment":[{"href":"https:\/\/corteospitale.org\/site\/wp-json\/wp\/v2\/media?parent=7525"}],"wp:term":[{"taxonomy":"category","embeddable":true,"href":"https:\/\/corteospitale.org\/site\/wp-json\/wp\/v2\/categories?post=7525"},{"taxonomy":"post_tag","embeddable":true,"href":"https:\/\/corteospitale.org\/site\/wp-json\/wp\/v2\/tags?post=7525"}],"curies":[{"name":"wp","href":"https:\/\/api.w.org\/{rel}","templated":true}]}}