{"id":7672,"date":"2023-02-22T13:30:56","date_gmt":"2023-02-22T11:30:56","guid":{"rendered":"https:\/\/corteospitale.org\/site\/?p=7672"},"modified":"2023-02-22T14:08:11","modified_gmt":"2023-02-22T12:08:11","slug":"peradam-kronoteatro-francesca-foscarini","status":"publish","type":"post","link":"https:\/\/corteospitale.org\/site\/peradam-kronoteatro-francesca-foscarini\/","title":{"rendered":"Peradam &#8211; Kronoteatro + Francesca Foscarini"},"content":{"rendered":"<h1>Peradam &#8211; il prima possibile<\/h1>\n<p>&nbsp;<\/p>\n<p>&nbsp;<\/p>\n<p>Questo progetto, per complessit\u00e0 e delicatezza, \u00e8 come un organo tra i pi\u00f9 vitali.<br \/>\n\u00c8 complesso neII\u2019 architettura, nel funzionamento e nella relazione con gli altri sistemi con cui interagisce. Questa complessit\u00e0 risiede nella sua stessa sua origine.<\/p>\n<p>Il prima possibile nasce dalla relazione emotiva e creativa tra due compagini differenti per formazione, linguaggio e disciplina.<br \/>\nFrancesca Foscarini, danzatrice e coreografa, interseca il proprio percorso creativo con Kronoteatro.<\/p>\n<p>Insieme gli artisti affrontano il processo creativo mettendo in campo ciascuno le proprie competenze e specificit\u00e0, abbracciando l\u2019orizzontalit\u00e0 della relazione, portano sulla scena le domande e le visioni che forti stanno animando la loro ricerca.<br \/>\nI grandi temi dai quali Foscarini e Kronoteatro hanno iniziato a muovere i primi passi ruotano attorno al senso di smarrimento di questo tempo, al desiderio di tornare ad interrogarsi su concetti esistenziali quali: il Iibero arbitrio, la relazione tra individuo e societ\u00e0 come trama dentro la quale ci si muove protetti dentro le regole stabilite dal sistema, o fagocitati da esse si vive come fantasmi, il confronto inevitabile con quei luoghi del corpo e dell\u2019anima insondabili: della morte e della nascita, cos\u00ec come della vita dopo la morte, e della vita prima della vita.<\/p>\n<div class=\"page\" title=\"Page 5\">\n<div class=\"layoutArea\">\n<div class=\"column\">\n<div class=\"page\" title=\"Page 2\">\n<div class=\"layoutArea\">\n<div class=\"column\">\n<p>Partendo da questi presupposti, la ricerca porta sulla scena tre corpi che si muovono in un succedersi di azioni che per il Ioro incedere sacrale sembrano evocare un rito iniziatico o un rito di passaggio.<br \/>\nCome un dispiegarsi di quadri pittorici le diverse scene rivelano di volta in volta aspetti di queII\u2019umano che sembra essere appartenuto o appartenere a ciascuno di noi.<\/p>\n<p>L\u2019incontro non previsto con i quattro elementi naturali (aria, acqua, fuoco, terra) modificano il Ioro essere e il Ioro agire inaspettatamente. I quattro elementi diventano strumenti e metafore per indagare i temi della vita, morte, trasfigurazione, trascendenza e per comunicare un inevitabile senso di precariet\u00e0, dove nulla \u00e8 garantito e certo, dove nulla \u00e8 per sempre.<br \/>\nI tre corpi, completamente nudi e coperti solo da un velo bianco, vengono al mondo. Il soffio di vento li scopre e li rivela a chi li guarda, nel Ioro essere nudi e soli.<br \/>\nNell\u2019incontro con l\u2019acqua, inizia il Ioro percorso di vita e di relazione con gli altri corpi. Corpi senza volto, coperto da quel velo bianco che in un modo o nell\u2019altro non li abbandoner\u00e0 mai.<br \/>\nIl fuoco e la terra risvegliano la Ioro natura pi\u00f9 istintiva, come animali in gabbia l&#8217;incontro avviene ed \u00e8 di dominio, ma anche di cura e corteggiamento.<br \/>\nImpossibile sottrarsi alla potenza della natura, e all\u2019azione dei suoi principali elementi, l\u2019essere umano rimane in balia di una forza molto pi\u00f9 potente che da sempre cerca di comprendere e negli ultimi tempi, forse sfidare.<\/p>\n<\/div>\n<\/div>\n<p>&nbsp;<\/p>\n<p><strong>KRONOTEATRO <\/strong>nasce ad Albenga nel 2004.<br \/>\nDa allora ha prodotto 20 spettacoli che sono stati ospitati nei pi\u00f9 importanti festival e stagioni teatrali nazionali. Nel 2018 presenta una propria personale alla <em>46\u00ba Biennale Teatro di Venezia. <\/em>\u00c9 impresa di produzione riconosciuta dal MiC dal 2015.<br \/>\nSul territorio di Albenga organizza e dirige da tredici il festival multidisciplinare <em>Terreni Creativi, <\/em>oltre che numerosi laboratori e percorsi di formazione.<br \/>\n<a href=\"http:\/\/www.kronoteatro.it\/\">www.kronoteatro.it<\/a><\/p>\n<p><strong>FRANCESCA FOSCARINI<\/strong> nasce a Bassano del Grappa e vive da circa un anno in Salento. Il suo percorso autoriale inizia nel 2009 e ottiene numerosi riconoscimenti. Le sue ultime creazioni sono <em>Punk. Kiil me please <\/em>e <em>Greta on the Beach <\/em>(coreografia per cinque interpreti) che ha debuttato a Fabbrica Europa 2022.<br \/>\nFonda nel 2013 con <em>Marco <\/em><em>D\u2019Agostin <\/em>e <em>Giorgia <\/em><em>Ohanesian <\/em><em>Nardin, <\/em>l\u2019associazione Culturale Van con sede a Bologna, finanziata dal Ministero per i Beni e le Attivit\u00e0 Culturali e dalla Regione Emilia Romagna.<br \/>\n<a href=\"http:\/\/www.francescafoscarini.it\/\">www.francescafoscarini.it<\/a><\/p>\n<p>&nbsp;<\/p>\n<\/div>\n<\/div>\n<\/div>\n<\/div>\n","protected":false},"excerpt":{"rendered":"<p>Peradam &#8211; il prima possibile &nbsp; &nbsp; Questo progetto, per complessit\u00e0 e delicatezza, \u00e8 come un organo tra i pi\u00f9 vitali. \u00c8 complesso neII\u2019 architettura, nel funzionamento e nella relazione con gli altri sistemi con cui interagisce. Questa complessit\u00e0 risiede &hellip;<\/p>\n","protected":false},"author":2,"featured_media":7674,"comment_status":"closed","ping_status":"closed","sticky":false,"template":"","format":"standard","meta":{"_acf_changed":false,"ngg_post_thumbnail":0,"footnotes":"","_links_to":"","_links_to_target":""},"categories":[301],"tags":[],"class_list":["post-7672","post","type-post","status-publish","format-standard","has-post-thumbnail","hentry","category-residenze-artistiche-2023"],"acf":[],"yoast_head":"<!-- This site is optimized with the Yoast SEO plugin v24.7 - https:\/\/yoast.com\/wordpress\/plugins\/seo\/ -->\n<title>Peradam - Kronoteatro + Francesca Foscarini - LA CORTE OSPITALE<\/title>\n<meta name=\"description\" content=\"Residenza artistica in Corte Ospitale. Peradam, Kronoteatro + Francesca Foscarini\" \/>\n<meta name=\"robots\" content=\"index, follow, max-snippet:-1, max-image-preview:large, max-video-preview:-1\" \/>\n<link rel=\"canonical\" href=\"https:\/\/corteospitale.org\/site\/peradam-kronoteatro-francesca-foscarini\/\" \/>\n<meta property=\"og:locale\" content=\"it_IT\" \/>\n<meta property=\"og:type\" content=\"article\" \/>\n<meta property=\"og:title\" content=\"Peradam - Kronoteatro + Francesca Foscarini - LA CORTE OSPITALE\" \/>\n<meta property=\"og:description\" content=\"Residenza artistica in Corte Ospitale. Peradam, Kronoteatro + Francesca Foscarini\" \/>\n<meta property=\"og:url\" content=\"https:\/\/corteospitale.org\/site\/peradam-kronoteatro-francesca-foscarini\/\" \/>\n<meta property=\"og:site_name\" content=\"LA CORTE OSPITALE\" \/>\n<meta property=\"article:publisher\" content=\"https:\/\/www.facebook.com\/corteospitale\" \/>\n<meta property=\"article:published_time\" content=\"2023-02-22T11:30:56+00:00\" \/>\n<meta property=\"article:modified_time\" content=\"2023-02-22T12:08:11+00:00\" \/>\n<meta property=\"og:image\" content=\"https:\/\/corteospitale.org\/site\/wp-content\/uploads\/2023\/02\/Francesca-Foscarini-Tommaso-Bianco_-ph-Alex-Nesti-e1677065430739.jpeg\" \/>\n\t<meta property=\"og:image:width\" content=\"719\" \/>\n\t<meta property=\"og:image:height\" content=\"539\" \/>\n\t<meta property=\"og:image:type\" content=\"image\/jpeg\" \/>\n<meta name=\"author\" content=\"Manuela\" \/>\n<meta name=\"twitter:card\" content=\"summary_large_image\" \/>\n<meta name=\"twitter:label1\" content=\"Scritto da\" \/>\n\t<meta name=\"twitter:data1\" content=\"Manuela\" \/>\n\t<meta name=\"twitter:label2\" content=\"Tempo di lettura stimato\" \/>\n\t<meta name=\"twitter:data2\" content=\"3 minuti\" \/>\n<script type=\"application\/ld+json\" class=\"yoast-schema-graph\">{\"@context\":\"https:\/\/schema.org\",\"@graph\":[{\"@type\":\"Article\",\"@id\":\"https:\/\/corteospitale.org\/site\/peradam-kronoteatro-francesca-foscarini\/#article\",\"isPartOf\":{\"@id\":\"https:\/\/corteospitale.org\/site\/peradam-kronoteatro-francesca-foscarini\/\"},\"author\":{\"name\":\"Manuela\",\"@id\":\"https:\/\/corteospitale.org\/site\/#\/schema\/person\/2e6c7771de31d29fa1f09440dc741ce0\"},\"headline\":\"Peradam &#8211; Kronoteatro + Francesca Foscarini\",\"datePublished\":\"2023-02-22T11:30:56+00:00\",\"dateModified\":\"2023-02-22T12:08:11+00:00\",\"mainEntityOfPage\":{\"@id\":\"https:\/\/corteospitale.org\/site\/peradam-kronoteatro-francesca-foscarini\/\"},\"wordCount\":613,\"publisher\":{\"@id\":\"https:\/\/corteospitale.org\/site\/#organization\"},\"image\":{\"@id\":\"https:\/\/corteospitale.org\/site\/peradam-kronoteatro-francesca-foscarini\/#primaryimage\"},\"thumbnailUrl\":\"https:\/\/corteospitale.org\/site\/wp-content\/uploads\/2023\/02\/Francesca-Foscarini-Tommaso-Bianco_-ph-Alex-Nesti-e1677065430739.jpeg\",\"articleSection\":[\"Residenze 2023\"],\"inLanguage\":\"it-IT\"},{\"@type\":\"WebPage\",\"@id\":\"https:\/\/corteospitale.org\/site\/peradam-kronoteatro-francesca-foscarini\/\",\"url\":\"https:\/\/corteospitale.org\/site\/peradam-kronoteatro-francesca-foscarini\/\",\"name\":\"Peradam - Kronoteatro + Francesca Foscarini - LA CORTE OSPITALE\",\"isPartOf\":{\"@id\":\"https:\/\/corteospitale.org\/site\/#website\"},\"primaryImageOfPage\":{\"@id\":\"https:\/\/corteospitale.org\/site\/peradam-kronoteatro-francesca-foscarini\/#primaryimage\"},\"image\":{\"@id\":\"https:\/\/corteospitale.org\/site\/peradam-kronoteatro-francesca-foscarini\/#primaryimage\"},\"thumbnailUrl\":\"https:\/\/corteospitale.org\/site\/wp-content\/uploads\/2023\/02\/Francesca-Foscarini-Tommaso-Bianco_-ph-Alex-Nesti-e1677065430739.jpeg\",\"datePublished\":\"2023-02-22T11:30:56+00:00\",\"dateModified\":\"2023-02-22T12:08:11+00:00\",\"description\":\"Residenza artistica in Corte Ospitale. Peradam, Kronoteatro + Francesca Foscarini\",\"breadcrumb\":{\"@id\":\"https:\/\/corteospitale.org\/site\/peradam-kronoteatro-francesca-foscarini\/#breadcrumb\"},\"inLanguage\":\"it-IT\",\"potentialAction\":[{\"@type\":\"ReadAction\",\"target\":[\"https:\/\/corteospitale.org\/site\/peradam-kronoteatro-francesca-foscarini\/\"]}]},{\"@type\":\"ImageObject\",\"inLanguage\":\"it-IT\",\"@id\":\"https:\/\/corteospitale.org\/site\/peradam-kronoteatro-francesca-foscarini\/#primaryimage\",\"url\":\"https:\/\/corteospitale.org\/site\/wp-content\/uploads\/2023\/02\/Francesca-Foscarini-Tommaso-Bianco_-ph-Alex-Nesti-e1677065430739.jpeg\",\"contentUrl\":\"https:\/\/corteospitale.org\/site\/wp-content\/uploads\/2023\/02\/Francesca-Foscarini-Tommaso-Bianco_-ph-Alex-Nesti-e1677065430739.jpeg\",\"width\":719,\"height\":539},{\"@type\":\"BreadcrumbList\",\"@id\":\"https:\/\/corteospitale.org\/site\/peradam-kronoteatro-francesca-foscarini\/#breadcrumb\",\"itemListElement\":[{\"@type\":\"ListItem\",\"position\":1,\"name\":\"Home\",\"item\":\"https:\/\/corteospitale.org\/site\/\"},{\"@type\":\"ListItem\",\"position\":2,\"name\":\"Peradam &#8211; Kronoteatro + Francesca Foscarini\"}]},{\"@type\":\"WebSite\",\"@id\":\"https:\/\/corteospitale.org\/site\/#website\",\"url\":\"https:\/\/corteospitale.org\/site\/\",\"name\":\"LA CORTE OSPITALE\",\"description\":\"\",\"publisher\":{\"@id\":\"https:\/\/corteospitale.org\/site\/#organization\"},\"potentialAction\":[{\"@type\":\"SearchAction\",\"target\":{\"@type\":\"EntryPoint\",\"urlTemplate\":\"https:\/\/corteospitale.org\/site\/?s={search_term_string}\"},\"query-input\":{\"@type\":\"PropertyValueSpecification\",\"valueRequired\":true,\"valueName\":\"search_term_string\"}}],\"inLanguage\":\"it-IT\"},{\"@type\":\"Organization\",\"@id\":\"https:\/\/corteospitale.org\/site\/#organization\",\"name\":\"Corte Ospitale\",\"url\":\"https:\/\/corteospitale.org\/site\/\",\"logo\":{\"@type\":\"ImageObject\",\"inLanguage\":\"it-IT\",\"@id\":\"https:\/\/corteospitale.org\/site\/#\/schema\/logo\/image\/\",\"url\":\"\",\"contentUrl\":\"\",\"caption\":\"Corte Ospitale\"},\"image\":{\"@id\":\"https:\/\/corteospitale.org\/site\/#\/schema\/logo\/image\/\"},\"sameAs\":[\"https:\/\/www.facebook.com\/corteospitale\",\"https:\/\/www.instagram.com\/corteospitale\/\",\"https:\/\/www.youtube.com\/user\/LaCorteOspitale1\"]},{\"@type\":\"Person\",\"@id\":\"https:\/\/corteospitale.org\/site\/#\/schema\/person\/2e6c7771de31d29fa1f09440dc741ce0\",\"name\":\"Manuela\",\"image\":{\"@type\":\"ImageObject\",\"inLanguage\":\"it-IT\",\"@id\":\"https:\/\/corteospitale.org\/site\/#\/schema\/person\/image\/\",\"url\":\"https:\/\/secure.gravatar.com\/avatar\/ac6dcb2697d112cdbed0c3c486cf1a2150a160d7ea8f53aee6865d6c70612228?s=96&r=g\",\"contentUrl\":\"https:\/\/secure.gravatar.com\/avatar\/ac6dcb2697d112cdbed0c3c486cf1a2150a160d7ea8f53aee6865d6c70612228?s=96&r=g\",\"caption\":\"Manuela\"}}]}<\/script>\n<!-- \/ Yoast SEO plugin. -->","yoast_head_json":{"title":"Peradam - Kronoteatro + Francesca Foscarini - LA CORTE OSPITALE","description":"Residenza artistica in Corte Ospitale. Peradam, Kronoteatro + Francesca Foscarini","robots":{"index":"index","follow":"follow","max-snippet":"max-snippet:-1","max-image-preview":"max-image-preview:large","max-video-preview":"max-video-preview:-1"},"canonical":"https:\/\/corteospitale.org\/site\/peradam-kronoteatro-francesca-foscarini\/","og_locale":"it_IT","og_type":"article","og_title":"Peradam - Kronoteatro + Francesca Foscarini - LA CORTE OSPITALE","og_description":"Residenza artistica in Corte Ospitale. Peradam, Kronoteatro + Francesca Foscarini","og_url":"https:\/\/corteospitale.org\/site\/peradam-kronoteatro-francesca-foscarini\/","og_site_name":"LA CORTE OSPITALE","article_publisher":"https:\/\/www.facebook.com\/corteospitale","article_published_time":"2023-02-22T11:30:56+00:00","article_modified_time":"2023-02-22T12:08:11+00:00","og_image":[{"width":719,"height":539,"url":"https:\/\/corteospitale.org\/site\/wp-content\/uploads\/2023\/02\/Francesca-Foscarini-Tommaso-Bianco_-ph-Alex-Nesti-e1677065430739.jpeg","type":"image\/jpeg"}],"author":"Manuela","twitter_card":"summary_large_image","twitter_misc":{"Scritto da":"Manuela","Tempo di lettura stimato":"3 minuti"},"schema":{"@context":"https:\/\/schema.org","@graph":[{"@type":"Article","@id":"https:\/\/corteospitale.org\/site\/peradam-kronoteatro-francesca-foscarini\/#article","isPartOf":{"@id":"https:\/\/corteospitale.org\/site\/peradam-kronoteatro-francesca-foscarini\/"},"author":{"name":"Manuela","@id":"https:\/\/corteospitale.org\/site\/#\/schema\/person\/2e6c7771de31d29fa1f09440dc741ce0"},"headline":"Peradam &#8211; Kronoteatro + Francesca Foscarini","datePublished":"2023-02-22T11:30:56+00:00","dateModified":"2023-02-22T12:08:11+00:00","mainEntityOfPage":{"@id":"https:\/\/corteospitale.org\/site\/peradam-kronoteatro-francesca-foscarini\/"},"wordCount":613,"publisher":{"@id":"https:\/\/corteospitale.org\/site\/#organization"},"image":{"@id":"https:\/\/corteospitale.org\/site\/peradam-kronoteatro-francesca-foscarini\/#primaryimage"},"thumbnailUrl":"https:\/\/corteospitale.org\/site\/wp-content\/uploads\/2023\/02\/Francesca-Foscarini-Tommaso-Bianco_-ph-Alex-Nesti-e1677065430739.jpeg","articleSection":["Residenze 2023"],"inLanguage":"it-IT"},{"@type":"WebPage","@id":"https:\/\/corteospitale.org\/site\/peradam-kronoteatro-francesca-foscarini\/","url":"https:\/\/corteospitale.org\/site\/peradam-kronoteatro-francesca-foscarini\/","name":"Peradam - Kronoteatro + Francesca Foscarini - LA CORTE OSPITALE","isPartOf":{"@id":"https:\/\/corteospitale.org\/site\/#website"},"primaryImageOfPage":{"@id":"https:\/\/corteospitale.org\/site\/peradam-kronoteatro-francesca-foscarini\/#primaryimage"},"image":{"@id":"https:\/\/corteospitale.org\/site\/peradam-kronoteatro-francesca-foscarini\/#primaryimage"},"thumbnailUrl":"https:\/\/corteospitale.org\/site\/wp-content\/uploads\/2023\/02\/Francesca-Foscarini-Tommaso-Bianco_-ph-Alex-Nesti-e1677065430739.jpeg","datePublished":"2023-02-22T11:30:56+00:00","dateModified":"2023-02-22T12:08:11+00:00","description":"Residenza artistica in Corte Ospitale. Peradam, Kronoteatro + Francesca Foscarini","breadcrumb":{"@id":"https:\/\/corteospitale.org\/site\/peradam-kronoteatro-francesca-foscarini\/#breadcrumb"},"inLanguage":"it-IT","potentialAction":[{"@type":"ReadAction","target":["https:\/\/corteospitale.org\/site\/peradam-kronoteatro-francesca-foscarini\/"]}]},{"@type":"ImageObject","inLanguage":"it-IT","@id":"https:\/\/corteospitale.org\/site\/peradam-kronoteatro-francesca-foscarini\/#primaryimage","url":"https:\/\/corteospitale.org\/site\/wp-content\/uploads\/2023\/02\/Francesca-Foscarini-Tommaso-Bianco_-ph-Alex-Nesti-e1677065430739.jpeg","contentUrl":"https:\/\/corteospitale.org\/site\/wp-content\/uploads\/2023\/02\/Francesca-Foscarini-Tommaso-Bianco_-ph-Alex-Nesti-e1677065430739.jpeg","width":719,"height":539},{"@type":"BreadcrumbList","@id":"https:\/\/corteospitale.org\/site\/peradam-kronoteatro-francesca-foscarini\/#breadcrumb","itemListElement":[{"@type":"ListItem","position":1,"name":"Home","item":"https:\/\/corteospitale.org\/site\/"},{"@type":"ListItem","position":2,"name":"Peradam &#8211; Kronoteatro + Francesca Foscarini"}]},{"@type":"WebSite","@id":"https:\/\/corteospitale.org\/site\/#website","url":"https:\/\/corteospitale.org\/site\/","name":"LA CORTE OSPITALE","description":"","publisher":{"@id":"https:\/\/corteospitale.org\/site\/#organization"},"potentialAction":[{"@type":"SearchAction","target":{"@type":"EntryPoint","urlTemplate":"https:\/\/corteospitale.org\/site\/?s={search_term_string}"},"query-input":{"@type":"PropertyValueSpecification","valueRequired":true,"valueName":"search_term_string"}}],"inLanguage":"it-IT"},{"@type":"Organization","@id":"https:\/\/corteospitale.org\/site\/#organization","name":"Corte Ospitale","url":"https:\/\/corteospitale.org\/site\/","logo":{"@type":"ImageObject","inLanguage":"it-IT","@id":"https:\/\/corteospitale.org\/site\/#\/schema\/logo\/image\/","url":"","contentUrl":"","caption":"Corte Ospitale"},"image":{"@id":"https:\/\/corteospitale.org\/site\/#\/schema\/logo\/image\/"},"sameAs":["https:\/\/www.facebook.com\/corteospitale","https:\/\/www.instagram.com\/corteospitale\/","https:\/\/www.youtube.com\/user\/LaCorteOspitale1"]},{"@type":"Person","@id":"https:\/\/corteospitale.org\/site\/#\/schema\/person\/2e6c7771de31d29fa1f09440dc741ce0","name":"Manuela","image":{"@type":"ImageObject","inLanguage":"it-IT","@id":"https:\/\/corteospitale.org\/site\/#\/schema\/person\/image\/","url":"https:\/\/secure.gravatar.com\/avatar\/ac6dcb2697d112cdbed0c3c486cf1a2150a160d7ea8f53aee6865d6c70612228?s=96&r=g","contentUrl":"https:\/\/secure.gravatar.com\/avatar\/ac6dcb2697d112cdbed0c3c486cf1a2150a160d7ea8f53aee6865d6c70612228?s=96&r=g","caption":"Manuela"}}]}},"_links":{"self":[{"href":"https:\/\/corteospitale.org\/site\/wp-json\/wp\/v2\/posts\/7672","targetHints":{"allow":["GET"]}}],"collection":[{"href":"https:\/\/corteospitale.org\/site\/wp-json\/wp\/v2\/posts"}],"about":[{"href":"https:\/\/corteospitale.org\/site\/wp-json\/wp\/v2\/types\/post"}],"author":[{"embeddable":true,"href":"https:\/\/corteospitale.org\/site\/wp-json\/wp\/v2\/users\/2"}],"replies":[{"embeddable":true,"href":"https:\/\/corteospitale.org\/site\/wp-json\/wp\/v2\/comments?post=7672"}],"version-history":[{"count":8,"href":"https:\/\/corteospitale.org\/site\/wp-json\/wp\/v2\/posts\/7672\/revisions"}],"predecessor-version":[{"id":7700,"href":"https:\/\/corteospitale.org\/site\/wp-json\/wp\/v2\/posts\/7672\/revisions\/7700"}],"wp:featuredmedia":[{"embeddable":true,"href":"https:\/\/corteospitale.org\/site\/wp-json\/wp\/v2\/media\/7674"}],"wp:attachment":[{"href":"https:\/\/corteospitale.org\/site\/wp-json\/wp\/v2\/media?parent=7672"}],"wp:term":[{"taxonomy":"category","embeddable":true,"href":"https:\/\/corteospitale.org\/site\/wp-json\/wp\/v2\/categories?post=7672"},{"taxonomy":"post_tag","embeddable":true,"href":"https:\/\/corteospitale.org\/site\/wp-json\/wp\/v2\/tags?post=7672"}],"curies":[{"name":"wp","href":"https:\/\/api.w.org\/{rel}","templated":true}]}}