{"id":7798,"date":"2023-03-09T12:24:24","date_gmt":"2023-03-09T10:24:24","guid":{"rendered":"https:\/\/corteospitale.org\/site\/?p=7798"},"modified":"2023-03-09T12:24:53","modified_gmt":"2023-03-09T10:24:53","slug":"delivery-collettivo-elevator-bunker","status":"publish","type":"post","link":"https:\/\/corteospitale.org\/site\/delivery-collettivo-elevator-bunker\/","title":{"rendered":"Delivery &#8211; Collettivo Elevator Bunker"},"content":{"rendered":"<h1>DELIVERY<\/h1>\n<div class=\"page\" title=\"Page 2\">\n<div class=\"section\">\n<div class=\"layoutArea\">\n<div class=\"column\">\n<p>&nbsp;<\/p>\n<p>Ideazione e regia <strong>Matteo Maffesanti<\/strong><br \/>\nPerformance <strong>Mirko Tomezzoli, Jessica Pasetto, Dario Giacomini, Eddy Bosco, Irene Cordioli e Samuele Trentini<\/strong><br \/>\nSpecial guest and video <strong>Alessio Bertanza<\/strong><br \/>\nConsulenza artistica\/coreografica <strong>Chiara Ameglio<\/strong><br \/>\nConversazioni <strong>Silvia Gribaudi<\/strong><br \/>\nMovement coach <strong>Martina La Ragione, Beatrice Bresolin e Francesca Albanese<\/strong><br \/>\nMusiche originali <strong>Davide Pachera<\/strong><br \/>\nCitazioni musicali <strong>Arvo P\u00e4rt<\/strong><br \/>\nFoto <strong>Anna Kushnirenko<\/strong><br \/>\nCostumi <strong>Cooperativa sociale Insieme a r.l.<\/strong><br \/>\nDisegno luci<strong> Luca Serafini<\/strong><\/p>\n<p>Produzione <strong>Associazione culturale Zebra \/ Elevator Bunker<br \/>\n<\/strong>Coproduzione <strong>Festival Danza in Rete-Fondazione Teatro Comunale Citt\u00e0 di Vicenza<\/strong><br \/>\nCon il sostegno <strong>Logistica Uno Europe Srl<\/strong><br \/>\nAmministrazione<strong> Associazione culturale Zebra<\/strong><br \/>\nResidenze <strong>Teatro Prova di Bergamo, CSC di Bassano del Grappa, Sementerie Artistiche di Crevalcore e La Corte Ospitale di Rubiera<\/strong><\/p>\n<\/div>\n<\/div>\n<\/div>\n<\/div>\n<div class=\"page\" title=\"Page 1\">\n<div class=\"section\">\n<div class=\"layoutArea\">\n<div class=\"column\">\n<p>&nbsp;<\/p>\n<p>Delivery \u00e8 un progetto performativo del collettivo Elevator Bunker che nasce dal desiderio di indagare il tema della felicit\u00e0 intesa come stato d\u2019animo di chi ritiene soddisfatti i propri desideri. La felicit\u00e0 \u00e8 nelle relazioni, nei legami che stabiliamo con gli altri, con gli amici e con la famiglia, nella crescita personale e nella libera espressione della nostra creativit\u00e0. Non c\u2019\u00e8 modo migliore di raccontare chi siamo, che svelando le nostre felicit\u00e0 pi\u00f9 nascoste. In Delivery i performer attraversano una narrazione coreografica il cui sviluppo si basa sulla condivisione di sequenze motorie, improvvisazioni individuali o di gruppo e sospensioni del fluire scenico. Un gioco senza finzione e senza risparmio dove i danzatori trasformano le proprie fragilit\u00e0 in punti di forza. Comprendere la propria felicit\u00e0, pretenderla, desiderarla, sfuggire la realt\u00e0 ed infine osservarsi attraversando lo sguardo del pubblico sono aspetti in continua evoluzione che influenzano lo stare sulla scena dei performer e la relazione con il pubblico. Cosa mi rende felice? Quando posso essere felice? In quale modo posso esserlo? Questi interrogativi sono punti di partenza di una riflessione intima e profonda che i performer attraversano svelando passioni, desideri e gioie inaspettate. Delivery \u00e8 uno spettacolo sul bisogno di essere felici in maniera incondizionata, senza temere di essere giudicati o esclusi. La performance \u00e8 da considerare la continuazione dei precedenti progetti del collettivo Elevator Bunker, che hanno indagato il tema dell\u2019identit\u00e0 e dell\u2019inclusione sociale attraverso pratiche coreografiche inclusive.<\/p>\n<div class=\"page\" title=\"Page 3\">\n<div class=\"section\">\n<div class=\"layoutArea\">\n<div class=\"column\">\n<p>&nbsp;<\/p>\n<p><strong>Elevator Bunker<\/strong><\/p>\n<p>Elevator Bunker nasce nel 2008 nella provincia veronese da un\u2019idea di Matteo Maffesanti e Davide Pachera come risposta attiva al desiderio di ricerca artistica nel campo della disabilit\u00e0 intellettiva. La pluriennale esperienza maturata da entrambi nel sociale li porta ad attivare un percorso che, attraverso le arti performative e il linguaggio corporeo, possa diventare occasione di crescita e di integrazione. L\u2019obiettivo fondamentale del progetto \u00e8 quello di creare un ambiente aperto e accessibile in cui poter esprimere la propria creativit\u00e0, considerando le caratteristiche individuali non come un limite ma come risorsa importante nella creazione artistica. Negli anni l\u2019associazione ha realizzato performance, numerosi workshop presso centri diurni, scuole e comunit\u00e0, progetti video partecipativi, e percorsi di formazione per educatori e personale del terzo settore. Nel 2009 in collaborazione con l\u2019Universit\u00e0 di Verona realizza Cinquanta di questi giorni, cortometraggio che tratta il tema della sessualit\u00e0 in presenza di disabilit\u00e0 intellettiva, un progetto prodotto dalla Regione del Veneto e distribuito da Aracne Editore. Dal 2013 realizza grazie al sostegno di Operaestate Festival le performance Shoe, e Bestiario universale, presentate in numerosi festival e contesti nazionali. Dal 2017 il collettivo \u00e8 parte attiva nei progetti internazionali di inclusione sociale DanceINclusive e Crisco, promossi dal CSC di Bassano del Grappa, ed \u00e8 coinvolto nel progetto CAD &#8211; Comunit\u00e0 Artistiche Digitali, sostenuto da Regione Veneto, in collaborazione con Fondazione Universit\u00e0 Ca&#8217; Foscari. Nel 2023 \u00e8 compagnia selezionata per il progetto Boarding Pass Plus.<\/p>\n<\/div>\n<\/div>\n<\/div>\n<\/div>\n<\/div>\n<\/div>\n<\/div>\n<\/div>\n<p>&nbsp;<\/p>\n","protected":false},"excerpt":{"rendered":"<p>DELIVERY &nbsp; Ideazione e regia Matteo Maffesanti Performance Mirko Tomezzoli, Jessica Pasetto, Dario Giacomini, Eddy Bosco, Irene Cordioli e Samuele Trentini Special guest and video Alessio Bertanza Consulenza artistica\/coreografica Chiara Ameglio Conversazioni Silvia Gribaudi Movement coach Martina La Ragione, Beatrice &hellip;<\/p>\n","protected":false},"author":2,"featured_media":7799,"comment_status":"closed","ping_status":"closed","sticky":false,"template":"","format":"standard","meta":{"_acf_changed":false,"ngg_post_thumbnail":0,"footnotes":"","_links_to":"","_links_to_target":""},"categories":[301],"tags":[],"class_list":["post-7798","post","type-post","status-publish","format-standard","has-post-thumbnail","hentry","category-residenze-artistiche-2023"],"acf":[],"yoast_head":"<!-- This site is optimized with the Yoast SEO plugin v24.7 - https:\/\/yoast.com\/wordpress\/plugins\/seo\/ -->\n<title>Delivery - Collettivo Elevator Bunker - LA CORTE OSPITALE<\/title>\n<meta name=\"description\" content=\"Residenza artistica in Corte Ospitale. Delivery - Collettivo Elevator Bunker\" \/>\n<meta name=\"robots\" content=\"index, follow, max-snippet:-1, max-image-preview:large, max-video-preview:-1\" \/>\n<link rel=\"canonical\" href=\"https:\/\/corteospitale.org\/site\/delivery-collettivo-elevator-bunker\/\" \/>\n<meta property=\"og:locale\" content=\"it_IT\" \/>\n<meta property=\"og:type\" content=\"article\" \/>\n<meta property=\"og:title\" content=\"Delivery - Collettivo Elevator Bunker - LA CORTE OSPITALE\" \/>\n<meta property=\"og:description\" content=\"Residenza artistica in Corte Ospitale. Delivery - Collettivo Elevator Bunker\" \/>\n<meta property=\"og:url\" content=\"https:\/\/corteospitale.org\/site\/delivery-collettivo-elevator-bunker\/\" \/>\n<meta property=\"og:site_name\" content=\"LA CORTE OSPITALE\" \/>\n<meta property=\"article:publisher\" content=\"https:\/\/www.facebook.com\/corteospitale\" \/>\n<meta property=\"article:published_time\" content=\"2023-03-09T10:24:24+00:00\" \/>\n<meta property=\"article:modified_time\" content=\"2023-03-09T10:24:53+00:00\" \/>\n<meta property=\"og:image\" content=\"https:\/\/corteospitale.org\/site\/wp-content\/uploads\/2023\/03\/Delivery_1_ph_Anna_Kushnirenko-scaled-e1678357435857.jpg\" \/>\n\t<meta property=\"og:image:width\" content=\"2233\" \/>\n\t<meta property=\"og:image:height\" content=\"1676\" \/>\n\t<meta property=\"og:image:type\" content=\"image\/jpeg\" \/>\n<meta name=\"author\" content=\"Manuela\" \/>\n<meta name=\"twitter:card\" content=\"summary_large_image\" \/>\n<meta name=\"twitter:label1\" content=\"Scritto da\" \/>\n\t<meta name=\"twitter:data1\" content=\"Manuela\" \/>\n\t<meta name=\"twitter:label2\" content=\"Tempo di lettura stimato\" \/>\n\t<meta name=\"twitter:data2\" content=\"3 minuti\" \/>\n<script type=\"application\/ld+json\" class=\"yoast-schema-graph\">{\"@context\":\"https:\/\/schema.org\",\"@graph\":[{\"@type\":\"Article\",\"@id\":\"https:\/\/corteospitale.org\/site\/delivery-collettivo-elevator-bunker\/#article\",\"isPartOf\":{\"@id\":\"https:\/\/corteospitale.org\/site\/delivery-collettivo-elevator-bunker\/\"},\"author\":{\"name\":\"Manuela\",\"@id\":\"https:\/\/corteospitale.org\/site\/#\/schema\/person\/2e6c7771de31d29fa1f09440dc741ce0\"},\"headline\":\"Delivery &#8211; Collettivo Elevator Bunker\",\"datePublished\":\"2023-03-09T10:24:24+00:00\",\"dateModified\":\"2023-03-09T10:24:53+00:00\",\"mainEntityOfPage\":{\"@id\":\"https:\/\/corteospitale.org\/site\/delivery-collettivo-elevator-bunker\/\"},\"wordCount\":593,\"publisher\":{\"@id\":\"https:\/\/corteospitale.org\/site\/#organization\"},\"image\":{\"@id\":\"https:\/\/corteospitale.org\/site\/delivery-collettivo-elevator-bunker\/#primaryimage\"},\"thumbnailUrl\":\"https:\/\/corteospitale.org\/site\/wp-content\/uploads\/2023\/03\/Delivery_1_ph_Anna_Kushnirenko-scaled-e1678357435857.jpg\",\"articleSection\":[\"Residenze 2023\"],\"inLanguage\":\"it-IT\"},{\"@type\":\"WebPage\",\"@id\":\"https:\/\/corteospitale.org\/site\/delivery-collettivo-elevator-bunker\/\",\"url\":\"https:\/\/corteospitale.org\/site\/delivery-collettivo-elevator-bunker\/\",\"name\":\"Delivery - Collettivo Elevator Bunker - LA CORTE OSPITALE\",\"isPartOf\":{\"@id\":\"https:\/\/corteospitale.org\/site\/#website\"},\"primaryImageOfPage\":{\"@id\":\"https:\/\/corteospitale.org\/site\/delivery-collettivo-elevator-bunker\/#primaryimage\"},\"image\":{\"@id\":\"https:\/\/corteospitale.org\/site\/delivery-collettivo-elevator-bunker\/#primaryimage\"},\"thumbnailUrl\":\"https:\/\/corteospitale.org\/site\/wp-content\/uploads\/2023\/03\/Delivery_1_ph_Anna_Kushnirenko-scaled-e1678357435857.jpg\",\"datePublished\":\"2023-03-09T10:24:24+00:00\",\"dateModified\":\"2023-03-09T10:24:53+00:00\",\"description\":\"Residenza artistica in Corte Ospitale. Delivery - Collettivo Elevator Bunker\",\"breadcrumb\":{\"@id\":\"https:\/\/corteospitale.org\/site\/delivery-collettivo-elevator-bunker\/#breadcrumb\"},\"inLanguage\":\"it-IT\",\"potentialAction\":[{\"@type\":\"ReadAction\",\"target\":[\"https:\/\/corteospitale.org\/site\/delivery-collettivo-elevator-bunker\/\"]}]},{\"@type\":\"ImageObject\",\"inLanguage\":\"it-IT\",\"@id\":\"https:\/\/corteospitale.org\/site\/delivery-collettivo-elevator-bunker\/#primaryimage\",\"url\":\"https:\/\/corteospitale.org\/site\/wp-content\/uploads\/2023\/03\/Delivery_1_ph_Anna_Kushnirenko-scaled-e1678357435857.jpg\",\"contentUrl\":\"https:\/\/corteospitale.org\/site\/wp-content\/uploads\/2023\/03\/Delivery_1_ph_Anna_Kushnirenko-scaled-e1678357435857.jpg\",\"width\":2233,\"height\":1676},{\"@type\":\"BreadcrumbList\",\"@id\":\"https:\/\/corteospitale.org\/site\/delivery-collettivo-elevator-bunker\/#breadcrumb\",\"itemListElement\":[{\"@type\":\"ListItem\",\"position\":1,\"name\":\"Home\",\"item\":\"https:\/\/corteospitale.org\/site\/\"},{\"@type\":\"ListItem\",\"position\":2,\"name\":\"Delivery &#8211; Collettivo Elevator Bunker\"}]},{\"@type\":\"WebSite\",\"@id\":\"https:\/\/corteospitale.org\/site\/#website\",\"url\":\"https:\/\/corteospitale.org\/site\/\",\"name\":\"LA CORTE OSPITALE\",\"description\":\"\",\"publisher\":{\"@id\":\"https:\/\/corteospitale.org\/site\/#organization\"},\"potentialAction\":[{\"@type\":\"SearchAction\",\"target\":{\"@type\":\"EntryPoint\",\"urlTemplate\":\"https:\/\/corteospitale.org\/site\/?s={search_term_string}\"},\"query-input\":{\"@type\":\"PropertyValueSpecification\",\"valueRequired\":true,\"valueName\":\"search_term_string\"}}],\"inLanguage\":\"it-IT\"},{\"@type\":\"Organization\",\"@id\":\"https:\/\/corteospitale.org\/site\/#organization\",\"name\":\"Corte Ospitale\",\"url\":\"https:\/\/corteospitale.org\/site\/\",\"logo\":{\"@type\":\"ImageObject\",\"inLanguage\":\"it-IT\",\"@id\":\"https:\/\/corteospitale.org\/site\/#\/schema\/logo\/image\/\",\"url\":\"\",\"contentUrl\":\"\",\"caption\":\"Corte Ospitale\"},\"image\":{\"@id\":\"https:\/\/corteospitale.org\/site\/#\/schema\/logo\/image\/\"},\"sameAs\":[\"https:\/\/www.facebook.com\/corteospitale\",\"https:\/\/www.instagram.com\/corteospitale\/\",\"https:\/\/www.youtube.com\/user\/LaCorteOspitale1\"]},{\"@type\":\"Person\",\"@id\":\"https:\/\/corteospitale.org\/site\/#\/schema\/person\/2e6c7771de31d29fa1f09440dc741ce0\",\"name\":\"Manuela\",\"image\":{\"@type\":\"ImageObject\",\"inLanguage\":\"it-IT\",\"@id\":\"https:\/\/corteospitale.org\/site\/#\/schema\/person\/image\/\",\"url\":\"https:\/\/secure.gravatar.com\/avatar\/ac6dcb2697d112cdbed0c3c486cf1a2150a160d7ea8f53aee6865d6c70612228?s=96&r=g\",\"contentUrl\":\"https:\/\/secure.gravatar.com\/avatar\/ac6dcb2697d112cdbed0c3c486cf1a2150a160d7ea8f53aee6865d6c70612228?s=96&r=g\",\"caption\":\"Manuela\"}}]}<\/script>\n<!-- \/ Yoast SEO plugin. -->","yoast_head_json":{"title":"Delivery - Collettivo Elevator Bunker - LA CORTE OSPITALE","description":"Residenza artistica in Corte Ospitale. Delivery - Collettivo Elevator Bunker","robots":{"index":"index","follow":"follow","max-snippet":"max-snippet:-1","max-image-preview":"max-image-preview:large","max-video-preview":"max-video-preview:-1"},"canonical":"https:\/\/corteospitale.org\/site\/delivery-collettivo-elevator-bunker\/","og_locale":"it_IT","og_type":"article","og_title":"Delivery - Collettivo Elevator Bunker - LA CORTE OSPITALE","og_description":"Residenza artistica in Corte Ospitale. Delivery - Collettivo Elevator Bunker","og_url":"https:\/\/corteospitale.org\/site\/delivery-collettivo-elevator-bunker\/","og_site_name":"LA CORTE OSPITALE","article_publisher":"https:\/\/www.facebook.com\/corteospitale","article_published_time":"2023-03-09T10:24:24+00:00","article_modified_time":"2023-03-09T10:24:53+00:00","og_image":[{"width":2233,"height":1676,"url":"https:\/\/corteospitale.org\/site\/wp-content\/uploads\/2023\/03\/Delivery_1_ph_Anna_Kushnirenko-scaled-e1678357435857.jpg","type":"image\/jpeg"}],"author":"Manuela","twitter_card":"summary_large_image","twitter_misc":{"Scritto da":"Manuela","Tempo di lettura stimato":"3 minuti"},"schema":{"@context":"https:\/\/schema.org","@graph":[{"@type":"Article","@id":"https:\/\/corteospitale.org\/site\/delivery-collettivo-elevator-bunker\/#article","isPartOf":{"@id":"https:\/\/corteospitale.org\/site\/delivery-collettivo-elevator-bunker\/"},"author":{"name":"Manuela","@id":"https:\/\/corteospitale.org\/site\/#\/schema\/person\/2e6c7771de31d29fa1f09440dc741ce0"},"headline":"Delivery &#8211; Collettivo Elevator Bunker","datePublished":"2023-03-09T10:24:24+00:00","dateModified":"2023-03-09T10:24:53+00:00","mainEntityOfPage":{"@id":"https:\/\/corteospitale.org\/site\/delivery-collettivo-elevator-bunker\/"},"wordCount":593,"publisher":{"@id":"https:\/\/corteospitale.org\/site\/#organization"},"image":{"@id":"https:\/\/corteospitale.org\/site\/delivery-collettivo-elevator-bunker\/#primaryimage"},"thumbnailUrl":"https:\/\/corteospitale.org\/site\/wp-content\/uploads\/2023\/03\/Delivery_1_ph_Anna_Kushnirenko-scaled-e1678357435857.jpg","articleSection":["Residenze 2023"],"inLanguage":"it-IT"},{"@type":"WebPage","@id":"https:\/\/corteospitale.org\/site\/delivery-collettivo-elevator-bunker\/","url":"https:\/\/corteospitale.org\/site\/delivery-collettivo-elevator-bunker\/","name":"Delivery - Collettivo Elevator Bunker - LA CORTE OSPITALE","isPartOf":{"@id":"https:\/\/corteospitale.org\/site\/#website"},"primaryImageOfPage":{"@id":"https:\/\/corteospitale.org\/site\/delivery-collettivo-elevator-bunker\/#primaryimage"},"image":{"@id":"https:\/\/corteospitale.org\/site\/delivery-collettivo-elevator-bunker\/#primaryimage"},"thumbnailUrl":"https:\/\/corteospitale.org\/site\/wp-content\/uploads\/2023\/03\/Delivery_1_ph_Anna_Kushnirenko-scaled-e1678357435857.jpg","datePublished":"2023-03-09T10:24:24+00:00","dateModified":"2023-03-09T10:24:53+00:00","description":"Residenza artistica in Corte Ospitale. Delivery - Collettivo Elevator Bunker","breadcrumb":{"@id":"https:\/\/corteospitale.org\/site\/delivery-collettivo-elevator-bunker\/#breadcrumb"},"inLanguage":"it-IT","potentialAction":[{"@type":"ReadAction","target":["https:\/\/corteospitale.org\/site\/delivery-collettivo-elevator-bunker\/"]}]},{"@type":"ImageObject","inLanguage":"it-IT","@id":"https:\/\/corteospitale.org\/site\/delivery-collettivo-elevator-bunker\/#primaryimage","url":"https:\/\/corteospitale.org\/site\/wp-content\/uploads\/2023\/03\/Delivery_1_ph_Anna_Kushnirenko-scaled-e1678357435857.jpg","contentUrl":"https:\/\/corteospitale.org\/site\/wp-content\/uploads\/2023\/03\/Delivery_1_ph_Anna_Kushnirenko-scaled-e1678357435857.jpg","width":2233,"height":1676},{"@type":"BreadcrumbList","@id":"https:\/\/corteospitale.org\/site\/delivery-collettivo-elevator-bunker\/#breadcrumb","itemListElement":[{"@type":"ListItem","position":1,"name":"Home","item":"https:\/\/corteospitale.org\/site\/"},{"@type":"ListItem","position":2,"name":"Delivery &#8211; Collettivo Elevator Bunker"}]},{"@type":"WebSite","@id":"https:\/\/corteospitale.org\/site\/#website","url":"https:\/\/corteospitale.org\/site\/","name":"LA CORTE OSPITALE","description":"","publisher":{"@id":"https:\/\/corteospitale.org\/site\/#organization"},"potentialAction":[{"@type":"SearchAction","target":{"@type":"EntryPoint","urlTemplate":"https:\/\/corteospitale.org\/site\/?s={search_term_string}"},"query-input":{"@type":"PropertyValueSpecification","valueRequired":true,"valueName":"search_term_string"}}],"inLanguage":"it-IT"},{"@type":"Organization","@id":"https:\/\/corteospitale.org\/site\/#organization","name":"Corte Ospitale","url":"https:\/\/corteospitale.org\/site\/","logo":{"@type":"ImageObject","inLanguage":"it-IT","@id":"https:\/\/corteospitale.org\/site\/#\/schema\/logo\/image\/","url":"","contentUrl":"","caption":"Corte Ospitale"},"image":{"@id":"https:\/\/corteospitale.org\/site\/#\/schema\/logo\/image\/"},"sameAs":["https:\/\/www.facebook.com\/corteospitale","https:\/\/www.instagram.com\/corteospitale\/","https:\/\/www.youtube.com\/user\/LaCorteOspitale1"]},{"@type":"Person","@id":"https:\/\/corteospitale.org\/site\/#\/schema\/person\/2e6c7771de31d29fa1f09440dc741ce0","name":"Manuela","image":{"@type":"ImageObject","inLanguage":"it-IT","@id":"https:\/\/corteospitale.org\/site\/#\/schema\/person\/image\/","url":"https:\/\/secure.gravatar.com\/avatar\/ac6dcb2697d112cdbed0c3c486cf1a2150a160d7ea8f53aee6865d6c70612228?s=96&r=g","contentUrl":"https:\/\/secure.gravatar.com\/avatar\/ac6dcb2697d112cdbed0c3c486cf1a2150a160d7ea8f53aee6865d6c70612228?s=96&r=g","caption":"Manuela"}}]}},"_links":{"self":[{"href":"https:\/\/corteospitale.org\/site\/wp-json\/wp\/v2\/posts\/7798","targetHints":{"allow":["GET"]}}],"collection":[{"href":"https:\/\/corteospitale.org\/site\/wp-json\/wp\/v2\/posts"}],"about":[{"href":"https:\/\/corteospitale.org\/site\/wp-json\/wp\/v2\/types\/post"}],"author":[{"embeddable":true,"href":"https:\/\/corteospitale.org\/site\/wp-json\/wp\/v2\/users\/2"}],"replies":[{"embeddable":true,"href":"https:\/\/corteospitale.org\/site\/wp-json\/wp\/v2\/comments?post=7798"}],"version-history":[{"count":2,"href":"https:\/\/corteospitale.org\/site\/wp-json\/wp\/v2\/posts\/7798\/revisions"}],"predecessor-version":[{"id":7801,"href":"https:\/\/corteospitale.org\/site\/wp-json\/wp\/v2\/posts\/7798\/revisions\/7801"}],"wp:featuredmedia":[{"embeddable":true,"href":"https:\/\/corteospitale.org\/site\/wp-json\/wp\/v2\/media\/7799"}],"wp:attachment":[{"href":"https:\/\/corteospitale.org\/site\/wp-json\/wp\/v2\/media?parent=7798"}],"wp:term":[{"taxonomy":"category","embeddable":true,"href":"https:\/\/corteospitale.org\/site\/wp-json\/wp\/v2\/categories?post=7798"},{"taxonomy":"post_tag","embeddable":true,"href":"https:\/\/corteospitale.org\/site\/wp-json\/wp\/v2\/tags?post=7798"}],"curies":[{"name":"wp","href":"https:\/\/api.w.org\/{rel}","templated":true}]}}