{"id":7865,"date":"2023-04-12T16:52:17","date_gmt":"2023-04-12T14:52:17","guid":{"rendered":"https:\/\/corteospitale.org\/site\/?p=7865"},"modified":"2023-04-17T11:24:01","modified_gmt":"2023-04-17T09:24:01","slug":"apocalippo-circo-paniko","status":"publish","type":"post","link":"https:\/\/corteospitale.org\/site\/apocalippo-circo-paniko\/","title":{"rendered":"Apocalippo &#8211; Circo Paniko"},"content":{"rendered":"<h1>APOCALIPPO<\/h1>\n<p>&nbsp;<\/p>\n<p><strong>Regia<\/strong><br \/>\nCirco Paniko<br \/>\n<strong>Aiuto Regia<\/strong><br \/>\nGonzalo Alarc\u00f3n<\/p>\n<p>&nbsp;<\/p>\n<p>Se tutto \u00e8 interconnesso perch\u00e9 ci percepiamo cos\u00ec soli?<br \/>\nDistanze incolmabili e intime prossimit\u00e0.<\/p>\n<p>Quanto tempo c\u2019\u00e8 tra me e te?<br \/>\nChe peso hanno le nostre differenze?<\/p>\n<p>Non ti parlo di ci\u00f2 che vuoi ma mi lavo davanti a te.<\/p>\n<p>Non ti nascondo nulla, ma forse non tutto \u00e8 come sembra.<\/p>\n<p>Senza morale e con disarmante ironia,<br \/>\nil nuovo spettacolo accoglie la preoccupazione di questo tempo, giocando a confondere punti di vista,<br \/>\nper disorientare e perdersi,<br \/>\nunica condizione per potersi ritrovare. &#8230;&#8230;&#8230;&#8230;&#8230;&#8230;&#8230;&#8230;&#8230;&#8230;&#8230;&#8230;&#8230;&#8230;&#8230;&#8230;&#8230;&#8230;&#8230;&#8230;&#8230;&#8230;&#8230;&#8230;&#8230;&#8230;&#8230;&#8230;&#8230;&#8230;&#8230;&#8230;&#8230;&#8230;&#8230;&#8230;<\/p>\n<p>Come in ogni Spettacolo firmato <strong>Circo Paniko<\/strong>,<br \/>\nsi mescolano al suo interno ironia e acrobatica, musica dal vivo e surrealismo circense&#8230;<br \/>\n&#8230;fuori dal gioco delle definizioni (o contrapposizione) tra circo tradizionale e circo contemporaneo.<\/p>\n<p>La musica dal vivo \u00e8 una delle carte che contraddistingue il <strong>Circo Paniko <\/strong>fin dai suoi esordi.<br \/>\nI musicisti entrano ed escono dalla scena mescolandosi ad attori, acrobati, performer&#8230;<\/p>\n<p>&#8230;dipingendo per ogni scena un paesaggio sonoro diverso.<\/p>\n<div class=\"page\" title=\"Page 2\">\n<div class=\"section\">\n<div class=\"layoutArea\">\n<div class=\"column\">\n<p>&nbsp;<\/p>\n<p>ll&nbsp;<strong>27 aprile, alle ore 21<\/strong>, il Circo Paniko aprir\u00e0 il suo tendone a grandi e piccini per mostrare a tutti il nuovo Apocalippo.<br \/>\nLo spettacolo inizier\u00e0 alle ore 21, ed \u00e8 consigliato per ogni tipo di pubblico dai 3 anni ai 99 anni, durata un\u2019ora e un quarto. Si terr\u00e0 nel tendone del Circo Paniko, ingresso dalla Corte Ospitale, via Fontana 2, Rubiera.<\/p>\n<p>Biglietto unico \u20ac 5. La biglietteria \u00e8 aperta la sera di spettacolo dalle ore 20.<\/p>\n<p>Prenotazioni telefoniche dal luned\u00ec al venerd\u00ec dalle 10 alle 17 tel. 0522621133, via email&nbsp;<a>biglietteria@corteospitale.org<\/a>, WhatsApp 3282911077.<\/p>\n<p>Con il sostegno del Ministero della Cultura, Regione Emilia-Romagna.<\/p>\n<\/div>\n<\/div>\n<\/div>\n<\/div>\n<p>&nbsp;<\/p>\n","protected":false},"excerpt":{"rendered":"<p>APOCALIPPO &nbsp; Regia Circo Paniko Aiuto Regia Gonzalo Alarc\u00f3n &nbsp; Se tutto \u00e8 interconnesso perch\u00e9 ci percepiamo cos\u00ec soli? Distanze incolmabili e intime prossimit\u00e0. Quanto tempo c\u2019\u00e8 tra me e te? Che peso hanno le nostre differenze? Non ti parlo &hellip;<\/p>\n","protected":false},"author":2,"featured_media":7866,"comment_status":"closed","ping_status":"closed","sticky":false,"template":"","format":"standard","meta":{"_acf_changed":false,"ngg_post_thumbnail":0,"footnotes":"","_links_to":"","_links_to_target":""},"categories":[301],"tags":[],"class_list":["post-7865","post","type-post","status-publish","format-standard","has-post-thumbnail","hentry","category-residenze-artistiche-2023"],"acf":[],"yoast_head":"<!-- This site is optimized with the Yoast SEO plugin v24.7 - https:\/\/yoast.com\/wordpress\/plugins\/seo\/ -->\n<title>Apocalippo - Circo Paniko - LA CORTE OSPITALE<\/title>\n<meta name=\"description\" content=\"Residenza artistica in Corte Ospitale. Apocalippo - Circo Paniko\" \/>\n<meta name=\"robots\" content=\"index, follow, max-snippet:-1, max-image-preview:large, max-video-preview:-1\" \/>\n<link rel=\"canonical\" href=\"https:\/\/corteospitale.org\/site\/apocalippo-circo-paniko\/\" \/>\n<meta property=\"og:locale\" content=\"it_IT\" \/>\n<meta property=\"og:type\" content=\"article\" \/>\n<meta property=\"og:title\" content=\"Apocalippo - Circo Paniko - LA CORTE OSPITALE\" \/>\n<meta property=\"og:description\" content=\"Residenza artistica in Corte Ospitale. Apocalippo - Circo Paniko\" \/>\n<meta property=\"og:url\" content=\"https:\/\/corteospitale.org\/site\/apocalippo-circo-paniko\/\" \/>\n<meta property=\"og:site_name\" content=\"LA CORTE OSPITALE\" \/>\n<meta property=\"article:publisher\" content=\"https:\/\/www.facebook.com\/corteospitale\" \/>\n<meta property=\"article:published_time\" content=\"2023-04-12T14:52:17+00:00\" \/>\n<meta property=\"article:modified_time\" content=\"2023-04-17T09:24:01+00:00\" \/>\n<meta property=\"og:image\" content=\"https:\/\/corteospitale.org\/site\/wp-content\/uploads\/2023\/04\/feed_CorteOspitale_01-e1681311102538.png\" \/>\n\t<meta property=\"og:image:width\" content=\"1080\" \/>\n\t<meta property=\"og:image:height\" content=\"810\" \/>\n\t<meta property=\"og:image:type\" content=\"image\/png\" \/>\n<meta name=\"author\" content=\"Manuela\" \/>\n<meta name=\"twitter:card\" content=\"summary_large_image\" \/>\n<meta name=\"twitter:label1\" content=\"Scritto da\" \/>\n\t<meta name=\"twitter:data1\" content=\"Manuela\" \/>\n\t<meta name=\"twitter:label2\" content=\"Tempo di lettura stimato\" \/>\n\t<meta name=\"twitter:data2\" content=\"2 minuti\" \/>\n<script type=\"application\/ld+json\" class=\"yoast-schema-graph\">{\"@context\":\"https:\/\/schema.org\",\"@graph\":[{\"@type\":\"Article\",\"@id\":\"https:\/\/corteospitale.org\/site\/apocalippo-circo-paniko\/#article\",\"isPartOf\":{\"@id\":\"https:\/\/corteospitale.org\/site\/apocalippo-circo-paniko\/\"},\"author\":{\"name\":\"Manuela\",\"@id\":\"https:\/\/corteospitale.org\/site\/#\/schema\/person\/2e6c7771de31d29fa1f09440dc741ce0\"},\"headline\":\"Apocalippo &#8211; Circo Paniko\",\"datePublished\":\"2023-04-12T14:52:17+00:00\",\"dateModified\":\"2023-04-17T09:24:01+00:00\",\"mainEntityOfPage\":{\"@id\":\"https:\/\/corteospitale.org\/site\/apocalippo-circo-paniko\/\"},\"wordCount\":261,\"publisher\":{\"@id\":\"https:\/\/corteospitale.org\/site\/#organization\"},\"image\":{\"@id\":\"https:\/\/corteospitale.org\/site\/apocalippo-circo-paniko\/#primaryimage\"},\"thumbnailUrl\":\"https:\/\/corteospitale.org\/site\/wp-content\/uploads\/2023\/04\/feed_CorteOspitale_01-e1681311102538.png\",\"articleSection\":[\"Residenze 2023\"],\"inLanguage\":\"it-IT\"},{\"@type\":\"WebPage\",\"@id\":\"https:\/\/corteospitale.org\/site\/apocalippo-circo-paniko\/\",\"url\":\"https:\/\/corteospitale.org\/site\/apocalippo-circo-paniko\/\",\"name\":\"Apocalippo - Circo Paniko - LA CORTE OSPITALE\",\"isPartOf\":{\"@id\":\"https:\/\/corteospitale.org\/site\/#website\"},\"primaryImageOfPage\":{\"@id\":\"https:\/\/corteospitale.org\/site\/apocalippo-circo-paniko\/#primaryimage\"},\"image\":{\"@id\":\"https:\/\/corteospitale.org\/site\/apocalippo-circo-paniko\/#primaryimage\"},\"thumbnailUrl\":\"https:\/\/corteospitale.org\/site\/wp-content\/uploads\/2023\/04\/feed_CorteOspitale_01-e1681311102538.png\",\"datePublished\":\"2023-04-12T14:52:17+00:00\",\"dateModified\":\"2023-04-17T09:24:01+00:00\",\"description\":\"Residenza artistica in Corte Ospitale. Apocalippo - Circo Paniko\",\"breadcrumb\":{\"@id\":\"https:\/\/corteospitale.org\/site\/apocalippo-circo-paniko\/#breadcrumb\"},\"inLanguage\":\"it-IT\",\"potentialAction\":[{\"@type\":\"ReadAction\",\"target\":[\"https:\/\/corteospitale.org\/site\/apocalippo-circo-paniko\/\"]}]},{\"@type\":\"ImageObject\",\"inLanguage\":\"it-IT\",\"@id\":\"https:\/\/corteospitale.org\/site\/apocalippo-circo-paniko\/#primaryimage\",\"url\":\"https:\/\/corteospitale.org\/site\/wp-content\/uploads\/2023\/04\/feed_CorteOspitale_01-e1681311102538.png\",\"contentUrl\":\"https:\/\/corteospitale.org\/site\/wp-content\/uploads\/2023\/04\/feed_CorteOspitale_01-e1681311102538.png\",\"width\":1080,\"height\":810},{\"@type\":\"BreadcrumbList\",\"@id\":\"https:\/\/corteospitale.org\/site\/apocalippo-circo-paniko\/#breadcrumb\",\"itemListElement\":[{\"@type\":\"ListItem\",\"position\":1,\"name\":\"Home\",\"item\":\"https:\/\/corteospitale.org\/site\/\"},{\"@type\":\"ListItem\",\"position\":2,\"name\":\"Apocalippo &#8211; Circo Paniko\"}]},{\"@type\":\"WebSite\",\"@id\":\"https:\/\/corteospitale.org\/site\/#website\",\"url\":\"https:\/\/corteospitale.org\/site\/\",\"name\":\"LA CORTE OSPITALE\",\"description\":\"\",\"publisher\":{\"@id\":\"https:\/\/corteospitale.org\/site\/#organization\"},\"potentialAction\":[{\"@type\":\"SearchAction\",\"target\":{\"@type\":\"EntryPoint\",\"urlTemplate\":\"https:\/\/corteospitale.org\/site\/?s={search_term_string}\"},\"query-input\":{\"@type\":\"PropertyValueSpecification\",\"valueRequired\":true,\"valueName\":\"search_term_string\"}}],\"inLanguage\":\"it-IT\"},{\"@type\":\"Organization\",\"@id\":\"https:\/\/corteospitale.org\/site\/#organization\",\"name\":\"Corte Ospitale\",\"url\":\"https:\/\/corteospitale.org\/site\/\",\"logo\":{\"@type\":\"ImageObject\",\"inLanguage\":\"it-IT\",\"@id\":\"https:\/\/corteospitale.org\/site\/#\/schema\/logo\/image\/\",\"url\":\"\",\"contentUrl\":\"\",\"caption\":\"Corte Ospitale\"},\"image\":{\"@id\":\"https:\/\/corteospitale.org\/site\/#\/schema\/logo\/image\/\"},\"sameAs\":[\"https:\/\/www.facebook.com\/corteospitale\",\"https:\/\/www.instagram.com\/corteospitale\/\",\"https:\/\/www.youtube.com\/user\/LaCorteOspitale1\"]},{\"@type\":\"Person\",\"@id\":\"https:\/\/corteospitale.org\/site\/#\/schema\/person\/2e6c7771de31d29fa1f09440dc741ce0\",\"name\":\"Manuela\",\"image\":{\"@type\":\"ImageObject\",\"inLanguage\":\"it-IT\",\"@id\":\"https:\/\/corteospitale.org\/site\/#\/schema\/person\/image\/\",\"url\":\"https:\/\/secure.gravatar.com\/avatar\/ac6dcb2697d112cdbed0c3c486cf1a2150a160d7ea8f53aee6865d6c70612228?s=96&r=g\",\"contentUrl\":\"https:\/\/secure.gravatar.com\/avatar\/ac6dcb2697d112cdbed0c3c486cf1a2150a160d7ea8f53aee6865d6c70612228?s=96&r=g\",\"caption\":\"Manuela\"}}]}<\/script>\n<!-- \/ Yoast SEO plugin. -->","yoast_head_json":{"title":"Apocalippo - Circo Paniko - LA CORTE OSPITALE","description":"Residenza artistica in Corte Ospitale. Apocalippo - Circo Paniko","robots":{"index":"index","follow":"follow","max-snippet":"max-snippet:-1","max-image-preview":"max-image-preview:large","max-video-preview":"max-video-preview:-1"},"canonical":"https:\/\/corteospitale.org\/site\/apocalippo-circo-paniko\/","og_locale":"it_IT","og_type":"article","og_title":"Apocalippo - Circo Paniko - LA CORTE OSPITALE","og_description":"Residenza artistica in Corte Ospitale. Apocalippo - Circo Paniko","og_url":"https:\/\/corteospitale.org\/site\/apocalippo-circo-paniko\/","og_site_name":"LA CORTE OSPITALE","article_publisher":"https:\/\/www.facebook.com\/corteospitale","article_published_time":"2023-04-12T14:52:17+00:00","article_modified_time":"2023-04-17T09:24:01+00:00","og_image":[{"width":1080,"height":810,"url":"https:\/\/corteospitale.org\/site\/wp-content\/uploads\/2023\/04\/feed_CorteOspitale_01-e1681311102538.png","type":"image\/png"}],"author":"Manuela","twitter_card":"summary_large_image","twitter_misc":{"Scritto da":"Manuela","Tempo di lettura stimato":"2 minuti"},"schema":{"@context":"https:\/\/schema.org","@graph":[{"@type":"Article","@id":"https:\/\/corteospitale.org\/site\/apocalippo-circo-paniko\/#article","isPartOf":{"@id":"https:\/\/corteospitale.org\/site\/apocalippo-circo-paniko\/"},"author":{"name":"Manuela","@id":"https:\/\/corteospitale.org\/site\/#\/schema\/person\/2e6c7771de31d29fa1f09440dc741ce0"},"headline":"Apocalippo &#8211; Circo Paniko","datePublished":"2023-04-12T14:52:17+00:00","dateModified":"2023-04-17T09:24:01+00:00","mainEntityOfPage":{"@id":"https:\/\/corteospitale.org\/site\/apocalippo-circo-paniko\/"},"wordCount":261,"publisher":{"@id":"https:\/\/corteospitale.org\/site\/#organization"},"image":{"@id":"https:\/\/corteospitale.org\/site\/apocalippo-circo-paniko\/#primaryimage"},"thumbnailUrl":"https:\/\/corteospitale.org\/site\/wp-content\/uploads\/2023\/04\/feed_CorteOspitale_01-e1681311102538.png","articleSection":["Residenze 2023"],"inLanguage":"it-IT"},{"@type":"WebPage","@id":"https:\/\/corteospitale.org\/site\/apocalippo-circo-paniko\/","url":"https:\/\/corteospitale.org\/site\/apocalippo-circo-paniko\/","name":"Apocalippo - Circo Paniko - LA CORTE OSPITALE","isPartOf":{"@id":"https:\/\/corteospitale.org\/site\/#website"},"primaryImageOfPage":{"@id":"https:\/\/corteospitale.org\/site\/apocalippo-circo-paniko\/#primaryimage"},"image":{"@id":"https:\/\/corteospitale.org\/site\/apocalippo-circo-paniko\/#primaryimage"},"thumbnailUrl":"https:\/\/corteospitale.org\/site\/wp-content\/uploads\/2023\/04\/feed_CorteOspitale_01-e1681311102538.png","datePublished":"2023-04-12T14:52:17+00:00","dateModified":"2023-04-17T09:24:01+00:00","description":"Residenza artistica in Corte Ospitale. Apocalippo - Circo Paniko","breadcrumb":{"@id":"https:\/\/corteospitale.org\/site\/apocalippo-circo-paniko\/#breadcrumb"},"inLanguage":"it-IT","potentialAction":[{"@type":"ReadAction","target":["https:\/\/corteospitale.org\/site\/apocalippo-circo-paniko\/"]}]},{"@type":"ImageObject","inLanguage":"it-IT","@id":"https:\/\/corteospitale.org\/site\/apocalippo-circo-paniko\/#primaryimage","url":"https:\/\/corteospitale.org\/site\/wp-content\/uploads\/2023\/04\/feed_CorteOspitale_01-e1681311102538.png","contentUrl":"https:\/\/corteospitale.org\/site\/wp-content\/uploads\/2023\/04\/feed_CorteOspitale_01-e1681311102538.png","width":1080,"height":810},{"@type":"BreadcrumbList","@id":"https:\/\/corteospitale.org\/site\/apocalippo-circo-paniko\/#breadcrumb","itemListElement":[{"@type":"ListItem","position":1,"name":"Home","item":"https:\/\/corteospitale.org\/site\/"},{"@type":"ListItem","position":2,"name":"Apocalippo &#8211; Circo Paniko"}]},{"@type":"WebSite","@id":"https:\/\/corteospitale.org\/site\/#website","url":"https:\/\/corteospitale.org\/site\/","name":"LA CORTE OSPITALE","description":"","publisher":{"@id":"https:\/\/corteospitale.org\/site\/#organization"},"potentialAction":[{"@type":"SearchAction","target":{"@type":"EntryPoint","urlTemplate":"https:\/\/corteospitale.org\/site\/?s={search_term_string}"},"query-input":{"@type":"PropertyValueSpecification","valueRequired":true,"valueName":"search_term_string"}}],"inLanguage":"it-IT"},{"@type":"Organization","@id":"https:\/\/corteospitale.org\/site\/#organization","name":"Corte Ospitale","url":"https:\/\/corteospitale.org\/site\/","logo":{"@type":"ImageObject","inLanguage":"it-IT","@id":"https:\/\/corteospitale.org\/site\/#\/schema\/logo\/image\/","url":"","contentUrl":"","caption":"Corte Ospitale"},"image":{"@id":"https:\/\/corteospitale.org\/site\/#\/schema\/logo\/image\/"},"sameAs":["https:\/\/www.facebook.com\/corteospitale","https:\/\/www.instagram.com\/corteospitale\/","https:\/\/www.youtube.com\/user\/LaCorteOspitale1"]},{"@type":"Person","@id":"https:\/\/corteospitale.org\/site\/#\/schema\/person\/2e6c7771de31d29fa1f09440dc741ce0","name":"Manuela","image":{"@type":"ImageObject","inLanguage":"it-IT","@id":"https:\/\/corteospitale.org\/site\/#\/schema\/person\/image\/","url":"https:\/\/secure.gravatar.com\/avatar\/ac6dcb2697d112cdbed0c3c486cf1a2150a160d7ea8f53aee6865d6c70612228?s=96&r=g","contentUrl":"https:\/\/secure.gravatar.com\/avatar\/ac6dcb2697d112cdbed0c3c486cf1a2150a160d7ea8f53aee6865d6c70612228?s=96&r=g","caption":"Manuela"}}]}},"_links":{"self":[{"href":"https:\/\/corteospitale.org\/site\/wp-json\/wp\/v2\/posts\/7865","targetHints":{"allow":["GET"]}}],"collection":[{"href":"https:\/\/corteospitale.org\/site\/wp-json\/wp\/v2\/posts"}],"about":[{"href":"https:\/\/corteospitale.org\/site\/wp-json\/wp\/v2\/types\/post"}],"author":[{"embeddable":true,"href":"https:\/\/corteospitale.org\/site\/wp-json\/wp\/v2\/users\/2"}],"replies":[{"embeddable":true,"href":"https:\/\/corteospitale.org\/site\/wp-json\/wp\/v2\/comments?post=7865"}],"version-history":[{"count":3,"href":"https:\/\/corteospitale.org\/site\/wp-json\/wp\/v2\/posts\/7865\/revisions"}],"predecessor-version":[{"id":7882,"href":"https:\/\/corteospitale.org\/site\/wp-json\/wp\/v2\/posts\/7865\/revisions\/7882"}],"wp:featuredmedia":[{"embeddable":true,"href":"https:\/\/corteospitale.org\/site\/wp-json\/wp\/v2\/media\/7866"}],"wp:attachment":[{"href":"https:\/\/corteospitale.org\/site\/wp-json\/wp\/v2\/media?parent=7865"}],"wp:term":[{"taxonomy":"category","embeddable":true,"href":"https:\/\/corteospitale.org\/site\/wp-json\/wp\/v2\/categories?post=7865"},{"taxonomy":"post_tag","embeddable":true,"href":"https:\/\/corteospitale.org\/site\/wp-json\/wp\/v2\/tags?post=7865"}],"curies":[{"name":"wp","href":"https:\/\/api.w.org\/{rel}","templated":true}]}}