{"id":8141,"date":"2023-09-01T13:43:13","date_gmt":"2023-09-01T11:43:13","guid":{"rendered":"https:\/\/corteospitale.org\/site\/?p=8141"},"modified":"2024-03-18T15:10:28","modified_gmt":"2024-03-18T13:10:28","slug":"the-garden-la-prova-aperta-eretici-2023","status":"publish","type":"post","link":"https:\/\/corteospitale.org\/site\/the-garden-la-prova-aperta-eretici-2023\/","title":{"rendered":"The Garden la prova aperta ERetici 2023"},"content":{"rendered":"<h1>ERetici 2023<\/h1>\n<h1>The Garden&nbsp;<\/h1>\n<h1>9 settembre &#8211; ore 18.30 | Teatro Herberia<\/h1>\n<p>&nbsp;<\/p>\n<p><em><strong>Il 9 settembre, alle ore 18.30, al Teatro Herberia di Rubiera, Gaetano Palermo con Sara Bertolucci e Luca Gallio presentano The Garden, esito finale dell&#8217;edizione 2023 di ERetici.<\/strong><\/em><\/p>\n<p>Giunge a conclusione la quarta edizione di <strong>ER<em>etici<\/em>, Le strade dei teatri<\/strong>, <strong>bando per giovani artisti under 28 del panorama nazionale<\/strong>, promosso dal <strong>Centro di Residenza Emilia-Romagna<\/strong>, composto da<strong> L\u2019Arboreto &#8211; Teatro Dimora <\/strong>di Mondaino e <strong>La Corte Ospitale<\/strong> di Rubiera, con il contributo di <strong>Mic \u2013 Ministero della Cultura<\/strong> e <strong>Regione Emilia-Romagna.<\/strong><\/p>\n<p><strong>Il 9 settembre alle ore 18.30 al Teatro Herberia di Rubiera verr\u00e0 presentato <\/strong><strong>The garden<\/strong>, il progetto vincitore di questa edizione, di <strong>Gaetano Palermo<\/strong> in collaborazione con <strong>Sara Bertolucci<\/strong> e <strong>Luca Gallio<\/strong>.<\/p>\n<p><strong>ER<em>etici<\/em>, Le strade dei teatri<\/strong> interrogandosi sul valore del processo creativo che precede e accompagna la composizione e la produzione di una nuova opera, ha offerto alla formazione composta da Palermo, Bertolucci e Gallio, le migliori condizioni possibili per concentrarsi sulla ricerca e la sperimentazione, il confronto con studiosi e curatori, le relazioni con le comunit\u00e0 di prossimit\u00e0. In particolare, gli artisti hanno avuto a disposizione <strong>quattro periodi di residenza creativa, <\/strong>un compenso economico per ogni sessione di residenza, ospitalit\u00e0 all\u2019Arboreto &#8211; Teatro Dimora di Mondaino e La Corte Ospitale di Rubiera e lo sguardo e l\u2019accompagnamento prezioso dei tutor <strong>Daniele Del Pozzo<\/strong>, <strong>Gerardo Guccini<\/strong>, <strong>Enrico Pitozzi<\/strong>, a cui si \u00e8 aggiunto il tutoraggio artistico di <strong>Alessandro Sciarroni<\/strong>.<\/p>\n<p><strong>The Garden, <\/strong>ideato e diretto da Gaetano Palermo, con Sara Bertolucci, sound design e direzione tecnica Luca Gallio, consulenza drammaturgica Antonino Leocata, \u00e8 una danza immobile. Un fermoimmagine vivente. La visione sovraesposta di un\u2019icona assoluta nella camera oscura del teatro. Un corpo femminile giace prono per terra, inerte, immerso in un flusso di immaginari sonori capaci di ridefinirne ogni volta i contorni. Corpo abbandonato, caduto, sognante, morente. Corpo vibrante sotto le luci fioche di una ribalta senza spettacolo. Corpo che volteggia la propria resistenza al tempo in una stasi non alternativa al movimento, ma ad esso compresente. Eternit\u00e0 immanente. Paradiso paradossale il cui demiurgo finale si scopre essere lo spettatore, che con la sua capacit\u00e0 immaginale diviene soggetto agente della rappresentazione.<\/p>\n<p>A partire da uno studio sul giardino come modo del paradiso in terra, la compagnia ha indagato le possibilit\u00e0 della stasi e del movimento potenziale in cerca di un\u2019eternit\u00e0 contingente, capace di una rottura della temporalit\u00e0 lineare. La scatola nera del teatro \u00e8 divenuta quindi via via giardino di un eden abbandonato, abitato solo da voci e fantasmi sonori d\u2019archivi fuori tempo, scelti per la capacit\u00e0 di riflettere in maniera invisibile sull\u2019atto stesso del guardare. Il risultato di questo processo di ricerca \u00e8 divenuto una performance interdisciplinare che si colloca al cuore del dispositivo scenico e spettacolare, nella volont\u00e0 di una sua continua mise en abyme.<\/p>\n<p>Insieme agli artisti, hanno partecipato al percorso anche i <strong><em>Custodi delle Residenze, <\/em><\/strong>secondo pilastro su cui si fonda <strong>ER<em>etici<\/em><\/strong>, giovani spettatori dell\u2019Emilia-Romagna che hanno vissuto l&#8217;esperienza della residenza e seguito da vicino tutto il processo di creazione, divenendone, <em>Custodi<\/em>.<\/p>\n<p><strong>Gaetano Palermo<\/strong> \u00e8 performer e artista multidisciplinare. La sua ricerca si situa al confine tra realt\u00e0 e rappresentazione, indagando l&#8217;ontologia della performance nel suo rapporto con il reale attraverso il fantasmatico e il perturbante. Il suo ultimo lavoro <em>Swan<\/em> ha debuttato al 51. Festival Internazionale di Teatro della Biennale di Venezia 2023.<\/p>\n<p><strong>Sara Bertolucci<\/strong> \u00e8 attrice e cantante. Si diploma alla Scuola di Teatro di Bologna e frequenta l&#8217;Istituto di Ricerca di Arte Applicata Societas. Da sempre vicina alla musica folklorica, ha all&#8217;attivo una ricerca su tecniche vocali in via d&#8217;estinzione. Muovendosi al confine tra voce parlata e canto, il suo studio interroga il senso ultimo della vocalit\u00e0 umana come verso animale necessario.<\/p>\n<p><strong>Luca Gallio <\/strong>\u00e8 musicista con background che spazia dalla musica classica all&#8217;elettronica, si diploma in percussioni classiche per poi proseguire gli studi sul teatro e la performance. Nella sua ricerca i sample vengono indagati e manipolati al fine di creare una connessione organica con le sonorit\u00e0 elettroniche.<\/p>\n<p>Ingresso gratuito.<\/p>\n<p>Informazioni 0522621133 &#8211; biglietteria@corteospitale.org<\/p>\n<p>Le attivit\u00e0 del <strong>Centro di Residenza Emilia-Romagna ::: L\u2019arboreto \u2013 Teatro Dimora | La Corte Ospitale<\/strong> sono realizzate con il contributo di&nbsp;<strong>MiC \u2013 Ministero della Cultura&nbsp;<\/strong>e<strong> Regione Emilia-Romagna.<\/strong><\/p>\n<p>&nbsp; &nbsp; &nbsp; &nbsp; &nbsp; &nbsp; &nbsp; &nbsp; &nbsp; &nbsp; &nbsp; &nbsp; &nbsp; &nbsp; &nbsp; &nbsp; &nbsp; &nbsp; &nbsp; &nbsp; &nbsp; &nbsp; &nbsp; &nbsp; &nbsp;<\/p>\n","protected":false},"excerpt":{"rendered":"<p>ERetici 2023 The Garden&nbsp; 9 settembre &#8211; ore 18.30 | Teatro Herberia &nbsp; Il 9 settembre, alle ore 18.30, al Teatro Herberia di Rubiera, Gaetano Palermo con Sara Bertolucci e Luca Gallio presentano The Garden, esito finale dell&#8217;edizione 2023 di &hellip;<\/p>\n","protected":false},"author":2,"featured_media":8142,"comment_status":"closed","ping_status":"closed","sticky":false,"template":"","format":"standard","meta":{"_acf_changed":false,"ngg_post_thumbnail":0,"footnotes":"","_links_to":"","_links_to_target":""},"categories":[136,300,196],"tags":[],"class_list":["post-8141","post","type-post","status-publish","format-standard","has-post-thumbnail","hentry","category-news-in-archivio","category-eretici-2023","category-eretici"],"acf":[],"yoast_head":"<!-- This site is optimized with the Yoast SEO plugin v24.7 - https:\/\/yoast.com\/wordpress\/plugins\/seo\/ -->\n<title>The Garden la prova aperta ERetici 2023 - LA CORTE OSPITALE<\/title>\n<meta name=\"description\" content=\"The Garden progetto selezionato ERetici 2023\" \/>\n<meta name=\"robots\" content=\"index, follow, max-snippet:-1, max-image-preview:large, max-video-preview:-1\" \/>\n<link rel=\"canonical\" href=\"https:\/\/corteospitale.org\/site\/the-garden-la-prova-aperta-eretici-2023\/\" \/>\n<meta property=\"og:locale\" content=\"it_IT\" \/>\n<meta property=\"og:type\" content=\"article\" \/>\n<meta property=\"og:title\" content=\"The Garden la prova aperta ERetici 2023 - LA CORTE OSPITALE\" \/>\n<meta property=\"og:description\" content=\"The Garden progetto selezionato ERetici 2023\" \/>\n<meta property=\"og:url\" content=\"https:\/\/corteospitale.org\/site\/the-garden-la-prova-aperta-eretici-2023\/\" \/>\n<meta property=\"og:site_name\" content=\"LA CORTE OSPITALE\" \/>\n<meta property=\"article:publisher\" content=\"https:\/\/www.facebook.com\/corteospitale\" \/>\n<meta property=\"article:published_time\" content=\"2023-09-01T11:43:13+00:00\" \/>\n<meta property=\"article:modified_time\" content=\"2024-03-18T13:10:28+00:00\" \/>\n<meta property=\"og:image\" content=\"https:\/\/corteospitale.org\/site\/wp-content\/uploads\/2023\/09\/Immagine-Eretici-scaled-e1693568634170.jpeg\" \/>\n\t<meta property=\"og:image:width\" content=\"2214\" \/>\n\t<meta property=\"og:image:height\" content=\"1664\" \/>\n\t<meta property=\"og:image:type\" content=\"image\/jpeg\" \/>\n<meta name=\"author\" content=\"Manuela\" \/>\n<meta name=\"twitter:card\" content=\"summary_large_image\" \/>\n<meta name=\"twitter:label1\" content=\"Scritto da\" \/>\n\t<meta name=\"twitter:data1\" content=\"Manuela\" \/>\n\t<meta name=\"twitter:label2\" content=\"Tempo di lettura stimato\" \/>\n\t<meta name=\"twitter:data2\" content=\"4 minuti\" \/>\n<script type=\"application\/ld+json\" class=\"yoast-schema-graph\">{\"@context\":\"https:\/\/schema.org\",\"@graph\":[{\"@type\":\"Article\",\"@id\":\"https:\/\/corteospitale.org\/site\/the-garden-la-prova-aperta-eretici-2023\/#article\",\"isPartOf\":{\"@id\":\"https:\/\/corteospitale.org\/site\/the-garden-la-prova-aperta-eretici-2023\/\"},\"author\":{\"name\":\"Manuela\",\"@id\":\"https:\/\/corteospitale.org\/site\/#\/schema\/person\/2e6c7771de31d29fa1f09440dc741ce0\"},\"headline\":\"The Garden la prova aperta ERetici 2023\",\"datePublished\":\"2023-09-01T11:43:13+00:00\",\"dateModified\":\"2024-03-18T13:10:28+00:00\",\"mainEntityOfPage\":{\"@id\":\"https:\/\/corteospitale.org\/site\/the-garden-la-prova-aperta-eretici-2023\/\"},\"wordCount\":726,\"publisher\":{\"@id\":\"https:\/\/corteospitale.org\/site\/#organization\"},\"image\":{\"@id\":\"https:\/\/corteospitale.org\/site\/the-garden-la-prova-aperta-eretici-2023\/#primaryimage\"},\"thumbnailUrl\":\"https:\/\/corteospitale.org\/site\/wp-content\/uploads\/2023\/09\/Immagine-Eretici-scaled-e1693568634170.jpeg\",\"articleSection\":[\"NEWS IN ARCHIVIO\",\"Eretici 2023\",\"ERetici\"],\"inLanguage\":\"it-IT\"},{\"@type\":\"WebPage\",\"@id\":\"https:\/\/corteospitale.org\/site\/the-garden-la-prova-aperta-eretici-2023\/\",\"url\":\"https:\/\/corteospitale.org\/site\/the-garden-la-prova-aperta-eretici-2023\/\",\"name\":\"The Garden la prova aperta ERetici 2023 - LA CORTE OSPITALE\",\"isPartOf\":{\"@id\":\"https:\/\/corteospitale.org\/site\/#website\"},\"primaryImageOfPage\":{\"@id\":\"https:\/\/corteospitale.org\/site\/the-garden-la-prova-aperta-eretici-2023\/#primaryimage\"},\"image\":{\"@id\":\"https:\/\/corteospitale.org\/site\/the-garden-la-prova-aperta-eretici-2023\/#primaryimage\"},\"thumbnailUrl\":\"https:\/\/corteospitale.org\/site\/wp-content\/uploads\/2023\/09\/Immagine-Eretici-scaled-e1693568634170.jpeg\",\"datePublished\":\"2023-09-01T11:43:13+00:00\",\"dateModified\":\"2024-03-18T13:10:28+00:00\",\"description\":\"The Garden progetto selezionato ERetici 2023\",\"breadcrumb\":{\"@id\":\"https:\/\/corteospitale.org\/site\/the-garden-la-prova-aperta-eretici-2023\/#breadcrumb\"},\"inLanguage\":\"it-IT\",\"potentialAction\":[{\"@type\":\"ReadAction\",\"target\":[\"https:\/\/corteospitale.org\/site\/the-garden-la-prova-aperta-eretici-2023\/\"]}]},{\"@type\":\"ImageObject\",\"inLanguage\":\"it-IT\",\"@id\":\"https:\/\/corteospitale.org\/site\/the-garden-la-prova-aperta-eretici-2023\/#primaryimage\",\"url\":\"https:\/\/corteospitale.org\/site\/wp-content\/uploads\/2023\/09\/Immagine-Eretici-scaled-e1693568634170.jpeg\",\"contentUrl\":\"https:\/\/corteospitale.org\/site\/wp-content\/uploads\/2023\/09\/Immagine-Eretici-scaled-e1693568634170.jpeg\",\"width\":2214,\"height\":1664},{\"@type\":\"BreadcrumbList\",\"@id\":\"https:\/\/corteospitale.org\/site\/the-garden-la-prova-aperta-eretici-2023\/#breadcrumb\",\"itemListElement\":[{\"@type\":\"ListItem\",\"position\":1,\"name\":\"Home\",\"item\":\"https:\/\/corteospitale.org\/site\/\"},{\"@type\":\"ListItem\",\"position\":2,\"name\":\"The Garden la prova aperta ERetici 2023\"}]},{\"@type\":\"WebSite\",\"@id\":\"https:\/\/corteospitale.org\/site\/#website\",\"url\":\"https:\/\/corteospitale.org\/site\/\",\"name\":\"LA CORTE OSPITALE\",\"description\":\"\",\"publisher\":{\"@id\":\"https:\/\/corteospitale.org\/site\/#organization\"},\"potentialAction\":[{\"@type\":\"SearchAction\",\"target\":{\"@type\":\"EntryPoint\",\"urlTemplate\":\"https:\/\/corteospitale.org\/site\/?s={search_term_string}\"},\"query-input\":{\"@type\":\"PropertyValueSpecification\",\"valueRequired\":true,\"valueName\":\"search_term_string\"}}],\"inLanguage\":\"it-IT\"},{\"@type\":\"Organization\",\"@id\":\"https:\/\/corteospitale.org\/site\/#organization\",\"name\":\"Corte Ospitale\",\"url\":\"https:\/\/corteospitale.org\/site\/\",\"logo\":{\"@type\":\"ImageObject\",\"inLanguage\":\"it-IT\",\"@id\":\"https:\/\/corteospitale.org\/site\/#\/schema\/logo\/image\/\",\"url\":\"\",\"contentUrl\":\"\",\"caption\":\"Corte Ospitale\"},\"image\":{\"@id\":\"https:\/\/corteospitale.org\/site\/#\/schema\/logo\/image\/\"},\"sameAs\":[\"https:\/\/www.facebook.com\/corteospitale\",\"https:\/\/www.instagram.com\/corteospitale\/\",\"https:\/\/www.youtube.com\/user\/LaCorteOspitale1\"]},{\"@type\":\"Person\",\"@id\":\"https:\/\/corteospitale.org\/site\/#\/schema\/person\/2e6c7771de31d29fa1f09440dc741ce0\",\"name\":\"Manuela\",\"image\":{\"@type\":\"ImageObject\",\"inLanguage\":\"it-IT\",\"@id\":\"https:\/\/corteospitale.org\/site\/#\/schema\/person\/image\/\",\"url\":\"https:\/\/secure.gravatar.com\/avatar\/ac6dcb2697d112cdbed0c3c486cf1a2150a160d7ea8f53aee6865d6c70612228?s=96&r=g\",\"contentUrl\":\"https:\/\/secure.gravatar.com\/avatar\/ac6dcb2697d112cdbed0c3c486cf1a2150a160d7ea8f53aee6865d6c70612228?s=96&r=g\",\"caption\":\"Manuela\"}}]}<\/script>\n<!-- \/ Yoast SEO plugin. -->","yoast_head_json":{"title":"The Garden la prova aperta ERetici 2023 - LA CORTE OSPITALE","description":"The Garden progetto selezionato ERetici 2023","robots":{"index":"index","follow":"follow","max-snippet":"max-snippet:-1","max-image-preview":"max-image-preview:large","max-video-preview":"max-video-preview:-1"},"canonical":"https:\/\/corteospitale.org\/site\/the-garden-la-prova-aperta-eretici-2023\/","og_locale":"it_IT","og_type":"article","og_title":"The Garden la prova aperta ERetici 2023 - LA CORTE OSPITALE","og_description":"The Garden progetto selezionato ERetici 2023","og_url":"https:\/\/corteospitale.org\/site\/the-garden-la-prova-aperta-eretici-2023\/","og_site_name":"LA CORTE OSPITALE","article_publisher":"https:\/\/www.facebook.com\/corteospitale","article_published_time":"2023-09-01T11:43:13+00:00","article_modified_time":"2024-03-18T13:10:28+00:00","og_image":[{"width":2214,"height":1664,"url":"https:\/\/corteospitale.org\/site\/wp-content\/uploads\/2023\/09\/Immagine-Eretici-scaled-e1693568634170.jpeg","type":"image\/jpeg"}],"author":"Manuela","twitter_card":"summary_large_image","twitter_misc":{"Scritto da":"Manuela","Tempo di lettura stimato":"4 minuti"},"schema":{"@context":"https:\/\/schema.org","@graph":[{"@type":"Article","@id":"https:\/\/corteospitale.org\/site\/the-garden-la-prova-aperta-eretici-2023\/#article","isPartOf":{"@id":"https:\/\/corteospitale.org\/site\/the-garden-la-prova-aperta-eretici-2023\/"},"author":{"name":"Manuela","@id":"https:\/\/corteospitale.org\/site\/#\/schema\/person\/2e6c7771de31d29fa1f09440dc741ce0"},"headline":"The Garden la prova aperta ERetici 2023","datePublished":"2023-09-01T11:43:13+00:00","dateModified":"2024-03-18T13:10:28+00:00","mainEntityOfPage":{"@id":"https:\/\/corteospitale.org\/site\/the-garden-la-prova-aperta-eretici-2023\/"},"wordCount":726,"publisher":{"@id":"https:\/\/corteospitale.org\/site\/#organization"},"image":{"@id":"https:\/\/corteospitale.org\/site\/the-garden-la-prova-aperta-eretici-2023\/#primaryimage"},"thumbnailUrl":"https:\/\/corteospitale.org\/site\/wp-content\/uploads\/2023\/09\/Immagine-Eretici-scaled-e1693568634170.jpeg","articleSection":["NEWS IN ARCHIVIO","Eretici 2023","ERetici"],"inLanguage":"it-IT"},{"@type":"WebPage","@id":"https:\/\/corteospitale.org\/site\/the-garden-la-prova-aperta-eretici-2023\/","url":"https:\/\/corteospitale.org\/site\/the-garden-la-prova-aperta-eretici-2023\/","name":"The Garden la prova aperta ERetici 2023 - LA CORTE OSPITALE","isPartOf":{"@id":"https:\/\/corteospitale.org\/site\/#website"},"primaryImageOfPage":{"@id":"https:\/\/corteospitale.org\/site\/the-garden-la-prova-aperta-eretici-2023\/#primaryimage"},"image":{"@id":"https:\/\/corteospitale.org\/site\/the-garden-la-prova-aperta-eretici-2023\/#primaryimage"},"thumbnailUrl":"https:\/\/corteospitale.org\/site\/wp-content\/uploads\/2023\/09\/Immagine-Eretici-scaled-e1693568634170.jpeg","datePublished":"2023-09-01T11:43:13+00:00","dateModified":"2024-03-18T13:10:28+00:00","description":"The Garden progetto selezionato ERetici 2023","breadcrumb":{"@id":"https:\/\/corteospitale.org\/site\/the-garden-la-prova-aperta-eretici-2023\/#breadcrumb"},"inLanguage":"it-IT","potentialAction":[{"@type":"ReadAction","target":["https:\/\/corteospitale.org\/site\/the-garden-la-prova-aperta-eretici-2023\/"]}]},{"@type":"ImageObject","inLanguage":"it-IT","@id":"https:\/\/corteospitale.org\/site\/the-garden-la-prova-aperta-eretici-2023\/#primaryimage","url":"https:\/\/corteospitale.org\/site\/wp-content\/uploads\/2023\/09\/Immagine-Eretici-scaled-e1693568634170.jpeg","contentUrl":"https:\/\/corteospitale.org\/site\/wp-content\/uploads\/2023\/09\/Immagine-Eretici-scaled-e1693568634170.jpeg","width":2214,"height":1664},{"@type":"BreadcrumbList","@id":"https:\/\/corteospitale.org\/site\/the-garden-la-prova-aperta-eretici-2023\/#breadcrumb","itemListElement":[{"@type":"ListItem","position":1,"name":"Home","item":"https:\/\/corteospitale.org\/site\/"},{"@type":"ListItem","position":2,"name":"The Garden la prova aperta ERetici 2023"}]},{"@type":"WebSite","@id":"https:\/\/corteospitale.org\/site\/#website","url":"https:\/\/corteospitale.org\/site\/","name":"LA CORTE OSPITALE","description":"","publisher":{"@id":"https:\/\/corteospitale.org\/site\/#organization"},"potentialAction":[{"@type":"SearchAction","target":{"@type":"EntryPoint","urlTemplate":"https:\/\/corteospitale.org\/site\/?s={search_term_string}"},"query-input":{"@type":"PropertyValueSpecification","valueRequired":true,"valueName":"search_term_string"}}],"inLanguage":"it-IT"},{"@type":"Organization","@id":"https:\/\/corteospitale.org\/site\/#organization","name":"Corte Ospitale","url":"https:\/\/corteospitale.org\/site\/","logo":{"@type":"ImageObject","inLanguage":"it-IT","@id":"https:\/\/corteospitale.org\/site\/#\/schema\/logo\/image\/","url":"","contentUrl":"","caption":"Corte Ospitale"},"image":{"@id":"https:\/\/corteospitale.org\/site\/#\/schema\/logo\/image\/"},"sameAs":["https:\/\/www.facebook.com\/corteospitale","https:\/\/www.instagram.com\/corteospitale\/","https:\/\/www.youtube.com\/user\/LaCorteOspitale1"]},{"@type":"Person","@id":"https:\/\/corteospitale.org\/site\/#\/schema\/person\/2e6c7771de31d29fa1f09440dc741ce0","name":"Manuela","image":{"@type":"ImageObject","inLanguage":"it-IT","@id":"https:\/\/corteospitale.org\/site\/#\/schema\/person\/image\/","url":"https:\/\/secure.gravatar.com\/avatar\/ac6dcb2697d112cdbed0c3c486cf1a2150a160d7ea8f53aee6865d6c70612228?s=96&r=g","contentUrl":"https:\/\/secure.gravatar.com\/avatar\/ac6dcb2697d112cdbed0c3c486cf1a2150a160d7ea8f53aee6865d6c70612228?s=96&r=g","caption":"Manuela"}}]}},"_links":{"self":[{"href":"https:\/\/corteospitale.org\/site\/wp-json\/wp\/v2\/posts\/8141","targetHints":{"allow":["GET"]}}],"collection":[{"href":"https:\/\/corteospitale.org\/site\/wp-json\/wp\/v2\/posts"}],"about":[{"href":"https:\/\/corteospitale.org\/site\/wp-json\/wp\/v2\/types\/post"}],"author":[{"embeddable":true,"href":"https:\/\/corteospitale.org\/site\/wp-json\/wp\/v2\/users\/2"}],"replies":[{"embeddable":true,"href":"https:\/\/corteospitale.org\/site\/wp-json\/wp\/v2\/comments?post=8141"}],"version-history":[{"count":7,"href":"https:\/\/corteospitale.org\/site\/wp-json\/wp\/v2\/posts\/8141\/revisions"}],"predecessor-version":[{"id":9088,"href":"https:\/\/corteospitale.org\/site\/wp-json\/wp\/v2\/posts\/8141\/revisions\/9088"}],"wp:featuredmedia":[{"embeddable":true,"href":"https:\/\/corteospitale.org\/site\/wp-json\/wp\/v2\/media\/8142"}],"wp:attachment":[{"href":"https:\/\/corteospitale.org\/site\/wp-json\/wp\/v2\/media?parent=8141"}],"wp:term":[{"taxonomy":"category","embeddable":true,"href":"https:\/\/corteospitale.org\/site\/wp-json\/wp\/v2\/categories?post=8141"},{"taxonomy":"post_tag","embeddable":true,"href":"https:\/\/corteospitale.org\/site\/wp-json\/wp\/v2\/tags?post=8141"}],"curies":[{"name":"wp","href":"https:\/\/api.w.org\/{rel}","templated":true}]}}