{"id":8236,"date":"2023-09-15T10:45:59","date_gmt":"2023-09-15T08:45:59","guid":{"rendered":"https:\/\/corteospitale.org\/site\/?p=8236"},"modified":"2024-01-10T15:00:58","modified_gmt":"2024-01-10T13:00:58","slug":"il-programma-di-bloom-2023","status":"publish","type":"post","link":"https:\/\/corteospitale.org\/site\/il-programma-di-bloom-2023\/","title":{"rendered":"Il programma di Bloom 2023"},"content":{"rendered":"<h1>BLOOM &#8211; la riserva del teatro<\/h1>\n<h1><strong>Un percorso di ricerca, incontro e immaginazione per artisti e cittadini<\/strong><\/h1>\n<p>&nbsp;<\/p>\n<p style=\"text-align: left;\">Un progetto della <strong>Corte Ospitale<\/strong> e <strong>Giuliana Musso<\/strong>, in collaborazione con il&nbsp;<strong>Comune di Rubiera<\/strong> e l&#8217;ente&nbsp;<strong>Parchi Emilia Centrale<\/strong>.<\/p>\n<p>&nbsp;<\/p>\n<p style=\"text-align: left;\">\ud835\udc01\ud835\udc0b\ud835\udc0e\ud835\udc0e\ud835\udc0c \u00e8 un percorso di ricerca, incontro e immaginazione per artisti e cittadini.<br \/>\n\ud835\udc01\ud835\udc0b\ud835\udc0e\ud835\udc0e\ud835\udc0c \u00e8 attraversare un luogo, \u00e8 renderlo materia artistica.<br \/>\n\ud835\udc01\ud835\udc0b\ud835\udc0e\ud835\udc0e\ud835\udc0c \u00e8 creare comunit\u00e0.<br \/>\n\ud835\udc01\ud835\udc0b\ud835\udc0e\ud835\udc0e\ud835\udc0c \u00e8 una residenza artistica per 15 giovani artisti.<br \/>\n\ud835\udc01\ud835\udc0b\ud835\udc0e\ud835\udc0e\ud835\udc0c \u00e8 formazione e scoperta.<\/p>\n<p>&nbsp;<\/p>\n<p style=\"text-align: left;\"><strong>Sabato 30 settembre<\/strong> e <strong>domenica 1 ottobre<\/strong> volger\u00e0 al termine \ud835\udc01\ud835\udc0b\ud835\udc0e\ud835\udc0e\ud835\udc0c &#8211; \ud835\udc25\ud835\udc1a \ud835\udc2b\ud835\udc22\ud835\udc2c\ud835\udc1e\ud835\udc2b\ud835\udc2f\ud835\udc1a \ud835\udc1d\ud835\udc1e\ud835\udc25 \ud835\udc2d\ud835\udc1e\ud835\udc1a\ud835\udc2d\ud835\udc2b\ud835\udc28con <strong>due giorni si spettacoli, laboratori, visite guidate, per grandi e piccini, tra La Corte Ospitale e la riserva delle casse di espansione del fiume Secchia.<\/strong><\/p>\n<p>&nbsp;<\/p>\n<p style=\"text-align: left;\">Ecco il programma delle due giornate:<\/p>\n<p>&nbsp;<\/p>\n<p style=\"text-align: left;\"><strong>SABATO 30 SETTEMBRE<\/strong><\/p>\n<p style=\"text-align: left;\"><em>Dalle ore 15.30 alle ore 17.30<\/em>: <b>LABORATORI PER BAMBINI<br \/>\n<\/b><span style=\"font-variant-caps: normal;\">Punto di ritrovo: Via del Rivone, in corrispondenza dell&#8217;acquedotto di Carpi.<br \/>\n<\/span><span style=\"font-variant-caps: normal;\">Iscrizione obbligatoria &gt; &gt;<br \/>\n<\/span>In caso di maltempo i laboratori non si terranno.<\/p>\n<p style=\"text-align: left;\"><strong>Per bambini dai 3 ai 6 anni, laboratorio di Outdoor Education<\/strong><br \/>\n<strong>Le emozioni del fuori<\/strong>: e<span class=\"normaltextrun\">splorazioni sensoriali e corporee dell\u2019ambiente naturale. Toccare con mano, sperimentare, scoprire ci\u00f2 che c\u2019\u00e8 fuori per scoprire ci\u00f2 che \u00e8 dentro di noi. Il contatto con la natura, fin da piccoli, favorisce l\u2019osservazione e la sperimentazione libera del mondo naturale, accrescendo il valore del rispetto e della pazienza permettendo loro di lavorare sulle competenze trasversali per sviluppare conoscenze, empatia, benessere e consapevolezza.<\/span><\/p>\n<p style=\"text-align: left;\"><strong>Per bambini dai 7 agli 11 anni, laboratorio sulla biodiversit\u00e0<\/strong><br \/>\n<strong>BIOBLITZ, esploratori per un giorno<\/strong>: u<span class=\"normaltextrun\">na indagine scientifica e naturalistica. I bambini, grazie all\u2019ausilio di Tablet e App di riconoscimento, i vari bioindicatori per dare una valutazione finale del grado di naturalit\u00e0 del territorio: macro-invertebrati del terreno e dell\u2019acqua, avifauna, produttori primari (flora arbustiva ed erbacea), licheni, ecc \u2026 La ricchezza di zone ecotonali e ambienti diversificati, permette l\u2019osservazione di numerose specie che riescono a prosperare nonostante la stretta coabitazione con l\u2019uomo. L\u2019intera attivit\u00e0 sar\u00e0 un\u2019immersione in natura per insegnare ai ragazzi come si esplora un ambiente naturale, come si cammina, a cosa si deve fare attenzione.<\/span><\/p>\n<p>&nbsp;<\/p>\n<p style=\"text-align: left;\"><em>Ore 15.30<\/em>: <strong>VISITA GUIDATA ALLE CASSE DI ESPANSIONE DEL FIUME SECCHIA<br \/>\n<\/strong>Punto di partenza: Corte Ospitale, Via Fontana, 2, 42048 Rubiera RE<br \/>\nLa visita guidata \u00e8 aperta a tutti e terminer\u00e0 nel chiostro della Corte Ospitale. Si consiglia in particolare a chi non \u00e8 mai stato alle Casse di Espansione del Fiume Secchia.<br \/>\nPosti limitati, iscrizione obbligatoria &gt;&gt; <a href=\"mailto:biglietteria@corteospitale.org\">biglietteria@corteospitale.org<\/a> \u2013 0522621133<br \/>\nIn caso di maltempo la visita guidata non si terr\u00e0.<\/p>\n<p>&nbsp;<\/p>\n<p style=\"text-align: left;\"><em>Ore 18, La Corte Ospitale<br \/>\n<\/em><strong>APERITIVO CON ARTISTI E CITTADINI DI BLOOM<\/strong><\/p>\n<p>&nbsp;<\/p>\n<p style=\"text-align: left;\"><em>Ore 18.30, La Corte Ospitale<br \/>\n<\/em><strong>VIENE PRIMA L\u2019ACQUA O LA TERRA? <\/strong><em>Scintille di drammaturgie attorno al tema di un fiume, un paese, un ostello per pellegrini e una riserva naturale. Un incontro tra artisti e cittadini.<\/em><br \/>\nEsito di fine corso con gli allievi di Bloom, a cura di Giuliana Musso, con la collaborazione di Francesco Fassone<strong>.<br \/>\n<\/strong>C\u2019\u00e8 un paese che \u00e8 nato all\u2019incrocio tra una strada ed un fiume. La strada ha 2210 anni, il fiume non sappiamo quanti anni abbia. La terra intorno al fiume \u00e8 fatta di sassi e ghiaia. Anche il paese \u00e8 fatto di sassi e ghiaia, anche i suoi tetti, le strade e i ponti. Bisogna fare molta attenzione: se il fiume volesse, se uscisse dagli argini, potrebbe andare a riprendersi tutti i suoi sassi. Oggi tra il paese e il fiume c\u2019\u00e8 ancora il vecchio ostello ma c\u2019\u00e8 anche un\u2019altra stazione di sosta: \u00e8 una riserva naturale. Una riserva naturale che per\u00f2 non \u00e8 naturale: l\u2019hanno fatta gli uomini del paese scavando la terra per fare posto all\u2019acqua. Anche questo \u00e8 un fatto strano.&nbsp;<br \/>\nPrenotazione &gt;&gt; <a href=\"mailto:biglietteria@corteospitale.org\">biglietteria@corteospitale.org<\/a> \u2013 0522621133<br \/>\nIn caso di maltempo l\u2019evento \u00e8 confermato presso La Corte Ospitale.<\/p>\n<p>&nbsp;<\/p>\n<p>&nbsp;<\/p>\n<p style=\"text-align: left;\"><strong>DOMENICA 1 OTTOBRE<\/strong><\/p>\n<p style=\"text-align: left;\"><em>Dalle ore 10.00<\/em>: <strong>TUTTI IN SELLA! Biciclettata&nbsp;per bambini e famiglie alla scoperta della Riserva naturale Cassa di Espansione del Fiume Secchia<\/strong><\/p>\n<p style=\"text-align: left;\">L&#8217;autunno ci affascina e meraviglia ogni anno con i suoi colori, profumi e magia e anche in questa stagione ci si pu\u00f2 immergere nella riserva del Secchia, un angolo di pianura con una notevole valenza naturalistica. Accompagnati dagli operatori dell\u2019Ente Parchi Emilia Centrale con partenza dalla Corte Ospitale, percorreremo la ciclabile tra Rubiera e Fontana per poi raggiungere le Casse di espansione da Via del Rivone. Durante la ciclo-escursione andremo alla scoperta di questa particolare zona umida originatasi a seguito della costruzione di un\u2019importante opera idraulica per la mitigazione delle piene del Fiume Secchia.<\/p>\n<p style=\"text-align: left;\"><strong>Prenotazione obbligatoria<\/strong> <span style=\"text-decoration: underline;\">entro venerd\u00ec 29 settembre<\/span> &gt;&gt; contatta Parchi Emilia Centrale al numero 3371486039 o scrivi una e-mail all&#8217;indirizzo rnsecchia@parchiemiliacentrale.it<br \/>\n<strong>Note: <\/strong>per la durata e la tipologia di percorso si consiglia la partecipazione ai bambini dagli 8 anni in su. Posti limitati.<br \/>\n<strong>Ritrovo: <\/strong>ore 10:00 presso il parcheggio della Corte Ospitale, in via Fontana 2 a Rubiera. Il rientro \u00e8 previsto per le 13:00. Al termine della mattinata ai partecipanti verr\u00e0 offerto un piccolo rinfresco.<br \/>\n<strong>Attrezzatura richiesta:<\/strong> bicicletta, scarpe ginniche o da trekking e casco obbligatorio.<br \/>\nIn caso di maltempo la biciclettata non potr\u00e0 svolgersi.<\/p>\n<p>&nbsp;<\/p>\n<p style=\"text-align: left;\"><em>Dalle ore 15.30 alle ore 17.30<\/em>: <b>LABORATORI PER BAMBINI<\/b><b><br \/>\n<\/b><span style=\"font-variant-caps: normal;\">Punto di ritrovo: Via del Rivone, in corrispondenza dell&#8217;acquedotto di Carpi.<br \/>\n<\/span><span style=\"font-variant-caps: normal;\">Iscrizione obbligatoria &gt; &gt;<br \/>\n<\/span>In caso di maltempo i laboratori non potranno svolgersi.<\/p>\n<p style=\"text-align: left;\"><strong>Per bambini dai 3 ai 6 anni, laboratorio di Outdoor Education<\/strong><br \/>\n<strong>Le emozioni del fuori<\/strong>: e<span class=\"normaltextrun\">splorazioni sensoriali e corporee dell\u2019ambiente naturale. Toccare con mano, sperimentare, scoprire ci\u00f2 che c\u2019\u00e8 fuori per scoprire ci\u00f2 che \u00e8 dentro di noi. Il contatto con la natura, fin da piccoli, favorisce l\u2019osservazione e la sperimentazione libera del mondo naturale, accrescendo il valore del rispetto e della pazienza permettendo loro di lavorare sulle competenze trasversali per sviluppare conoscenze, empatia, benessere e consapevolezza.<\/span><\/p>\n<p style=\"text-align: left;\"><strong>Per bambini dai 7 agli 11 anni, laboratorio sulla biodiversit\u00e0<\/strong><br \/>\n<strong>BIOBLITZ, esploratori per un giorno<\/strong>: u<span class=\"normaltextrun\">na indagine scientifica e naturalistica. I bambini, grazie all\u2019ausilio di Tablet e App di riconoscimento, i vari bioindicatori per dare una valutazione finale del grado di naturalit\u00e0 del territorio: macro-invertebrati del terreno e dell\u2019acqua, avifauna, produttori primari (flora arbustiva ed erbacea), licheni, ecc \u2026 La ricchezza di zone ecotonali e ambienti diversificati, permette l\u2019osservazione di numerose specie che riescono a prosperare nonostante la stretta coabitazione con l\u2019uomo. L\u2019intera attivit\u00e0 sar\u00e0 un\u2019immersione in natura per insegnare ai ragazzi come si esplora un ambiente naturale, come si cammina, a cosa si deve fare attenzione.<\/span><\/p>\n<p>&nbsp;<\/p>\n<p style=\"text-align: left;\"><em>Ore 15.30<\/em>: <strong>VISITA GUIDATA ALLE CASSE DI ESPANSIONE DEL FIUME SECCHIA<br \/>\n<\/strong>Punto di partenza: Corte Ospitale, Via Fontana, 2, 42048 Rubiera RE<br \/>\nLa visita guidata \u00e8 aperta a tutti e terminer\u00e0 nel chiostro della Corte Ospitale. Si consiglia in particolare a chi non \u00e8 mai stato alle Casse di Espansione del Fiume Secchia.<br \/>\nPosti limitati, iscrizione obbligatoria &gt;&gt; <a href=\"mailto:biglietteria@corteospitale.org\">biglietteria@corteospitale.org<\/a> \u2013 0522621133<br \/>\nIn caso di maltempo la visita guidata non potr\u00e0 svolgersi.<\/p>\n<p>&nbsp;<\/p>\n<p style=\"text-align: left;\"><em>Ore 18, La Corte Ospitale<br \/>\n<\/em><strong>APERITIVO CON ARTISTI E CITTADINI DI BLOOM<\/strong><\/p>\n<p>&nbsp;<\/p>\n<p style=\"text-align: left;\"><em>Ore 18.30, La Corte Ospitale<br \/>\n<\/em><strong>VIENE PRIMA L\u2019ACQUA O LA TERRA? <\/strong><em>Scintille di drammaturgie attorno al tema di un fiume, un paese, un ostello per pellegrini e una riserva naturale. Un incontro tra artisti e cittadini.<\/em><br \/>\nEsito di fine corso con gli allievi di Bloom, a cura di Giuliana Musso, con la collaborazione di Francesco Fassone<strong>.<br \/>\n<\/strong>C\u2019\u00e8 un paese che \u00e8 nato all\u2019incrocio tra una strada ed un fiume. La strada ha 2210 anni, il fiume non sappiamo quanti anni abbia. La terra intorno al fiume \u00e8 fatta di sassi e ghiaia. Anche il paese \u00e8 fatto di sassi e ghiaia, anche i suoi tetti, le strade e i ponti. Bisogna fare molta attenzione: se il fiume volesse, se uscisse dagli argini, potrebbe andare a riprendersi tutti i suoi sassi. Oggi tra il paese e il fiume c\u2019\u00e8 ancora il vecchio ostello ma c\u2019\u00e8 anche un\u2019altra stazione di sosta: \u00e8 una riserva naturale. Una riserva naturale che per\u00f2 non \u00e8 naturale: l\u2019hanno fatta gli uomini del paese scavando la terra per fare posto all\u2019acqua. Anche questo \u00e8 un fatto strano.&nbsp;<br \/>\nPrenotazione &gt;&gt; <a href=\"mailto:biglietteria@corteospitale.org\">biglietteria@corteospitale.org<\/a> \u2013 0522621133<br \/>\nIn caso di maltempo l\u2019evento \u00e8 confermato presso La Corte Ospitale.<\/p>\n<p>&nbsp;<\/p>\n<p>&nbsp;<\/p>\n<p style=\"text-align: left;\"><strong>Artisti coinvolti<\/strong>: Alessandra Cocorullo, Anna Califano, Benedetta Parisi, Federico Mattioli, Letizia Buchini, Lorenzo Leopoldo Egida, Lucia Raffaella Mariani, Marco Trotta, Maria Chiara Montella, Marica Pace, Marta Beggio, Marta Soci, Simona Campisi<\/p>\n<p>&nbsp;<\/p>\n<p style=\"text-align: left;\"><strong>Cittadini coinvolti<\/strong>: Anna Cigarini, Annamaria Siligardi, Aronne Ferrari, Caterina Zerlotti, Chiara Incerti, Claudia Montermini, Daniela Benevelli, Elena Benati, Elisabetta Farioli, Elisabetta Rubaldi, Emilia Bergamini, Lorena Giovanoli, Maria Belen Simonian, Maria Paola Guerra, Marisa Stefanini, Michele Lalla, Monica Paterlini, Paulina Motloch, Rita Boni, Rosaria Cuomo, Vittorio Pioli<\/p>\n<p>&nbsp;<\/p>\n<p>&nbsp;<\/p>\n<p><em>Laboratori per bambini a cura di Ecosapiens<\/em>.<\/p>\n<p style=\"text-align: left;\"><em>Il percorso per cittadini di <\/em><strong><em>Bloom<\/em><\/strong><em> \u00e8 realizzato in collaborazione con il Comune di Rubiera all\u2019interno del Percorso partecipativo per la formazione del Piano Urbanistico Generale (PUG).<\/em><\/p>\n<p style=\"text-align: left;\"><strong><em>Bloom<\/em><\/strong><em> \u00e8 un progetto realizzato con il sostegno del Ministero della Cultura e della Regione Emilia-Romagna<\/em>.<\/p>\n<p>&nbsp;<\/p>\n<p><a href=\"https:\/\/corteospitale.org\/site\/wp-content\/uploads\/2023\/09\/Loghi.jpeg\"><img loading=\"lazy\" decoding=\"async\" class=\"alignnone wp-image-8280\" src=\"https:\/\/corteospitale.org\/site\/wp-content\/uploads\/2023\/09\/Loghi-300x216.jpeg\" alt=\"\" width=\"343\" height=\"251\"><\/a><\/p>\n","protected":false},"excerpt":{"rendered":"<p>BLOOM &#8211; la riserva del teatro Un percorso di ricerca, incontro e immaginazione per artisti e cittadini &nbsp; Un progetto della Corte Ospitale e Giuliana Musso, in collaborazione con il&nbsp;Comune di Rubiera e l&#8217;ente&nbsp;Parchi Emilia Centrale. &nbsp; \ud835\udc01\ud835\udc0b\ud835\udc0e\ud835\udc0e\ud835\udc0c \u00e8 un &hellip;<\/p>\n","protected":false},"author":2,"featured_media":8297,"comment_status":"closed","ping_status":"closed","sticky":false,"template":"","format":"standard","meta":{"_acf_changed":false,"ngg_post_thumbnail":0,"footnotes":"","_links_to":"","_links_to_target":""},"categories":[39,136,314,1,135],"tags":[],"class_list":["post-8236","post","type-post","status-publish","format-standard","has-post-thumbnail","hentry","category-news-in-home","category-news-in-archivio","category-bloom-summer-camp-2023","category-uncategorized","category-news"],"acf":[],"yoast_head":"<!-- This site is optimized with the Yoast SEO plugin v24.7 - https:\/\/yoast.com\/wordpress\/plugins\/seo\/ -->\n<title>Il programma di Bloom 2023 - LA CORTE OSPITALE<\/title>\n<meta name=\"description\" content=\"Bloom 2023 \u00e8 un percorso di ricerca, incontro e immaginazione per artisti e cittadini, un progetto di Corte Ospitale e Giuliana Musso. In questa pagina vi raccontiamo il percorso formativo di residenza dei 15 allievi e il percorso dei cittadini.\" \/>\n<meta name=\"robots\" content=\"index, follow, max-snippet:-1, max-image-preview:large, max-video-preview:-1\" \/>\n<link rel=\"canonical\" href=\"https:\/\/corteospitale.org\/site\/il-programma-di-bloom-2023\/\" \/>\n<meta property=\"og:locale\" content=\"it_IT\" \/>\n<meta property=\"og:type\" content=\"article\" \/>\n<meta property=\"og:title\" content=\"Il programma di Bloom 2023 - LA CORTE OSPITALE\" \/>\n<meta property=\"og:description\" content=\"Bloom 2023 \u00e8 un percorso di ricerca, incontro e immaginazione per artisti e cittadini, un progetto di Corte Ospitale e Giuliana Musso. In questa pagina vi raccontiamo il percorso formativo di residenza dei 15 allievi e il percorso dei cittadini.\" \/>\n<meta property=\"og:url\" content=\"https:\/\/corteospitale.org\/site\/il-programma-di-bloom-2023\/\" \/>\n<meta property=\"og:site_name\" content=\"LA CORTE OSPITALE\" \/>\n<meta property=\"article:publisher\" content=\"https:\/\/www.facebook.com\/corteospitale\" \/>\n<meta property=\"article:published_time\" content=\"2023-09-15T08:45:59+00:00\" \/>\n<meta property=\"article:modified_time\" content=\"2024-01-10T13:00:58+00:00\" \/>\n<meta property=\"og:image\" content=\"https:\/\/corteospitale.org\/site\/wp-content\/uploads\/2023\/09\/Bloom.jpeg\" \/>\n\t<meta property=\"og:image:width\" content=\"1080\" \/>\n\t<meta property=\"og:image:height\" content=\"1080\" \/>\n\t<meta property=\"og:image:type\" content=\"image\/jpeg\" \/>\n<meta name=\"author\" content=\"Manuela\" \/>\n<meta name=\"twitter:card\" content=\"summary_large_image\" \/>\n<meta name=\"twitter:label1\" content=\"Scritto da\" \/>\n\t<meta name=\"twitter:data1\" content=\"Manuela\" \/>\n\t<meta name=\"twitter:label2\" content=\"Tempo di lettura stimato\" \/>\n\t<meta name=\"twitter:data2\" content=\"7 minuti\" \/>\n<script type=\"application\/ld+json\" class=\"yoast-schema-graph\">{\"@context\":\"https:\/\/schema.org\",\"@graph\":[{\"@type\":\"Article\",\"@id\":\"https:\/\/corteospitale.org\/site\/il-programma-di-bloom-2023\/#article\",\"isPartOf\":{\"@id\":\"https:\/\/corteospitale.org\/site\/il-programma-di-bloom-2023\/\"},\"author\":{\"name\":\"Manuela\",\"@id\":\"https:\/\/corteospitale.org\/site\/#\/schema\/person\/2e6c7771de31d29fa1f09440dc741ce0\"},\"headline\":\"Il programma di Bloom 2023\",\"datePublished\":\"2023-09-15T08:45:59+00:00\",\"dateModified\":\"2024-01-10T13:00:58+00:00\",\"mainEntityOfPage\":{\"@id\":\"https:\/\/corteospitale.org\/site\/il-programma-di-bloom-2023\/\"},\"wordCount\":1451,\"publisher\":{\"@id\":\"https:\/\/corteospitale.org\/site\/#organization\"},\"image\":{\"@id\":\"https:\/\/corteospitale.org\/site\/il-programma-di-bloom-2023\/#primaryimage\"},\"thumbnailUrl\":\"https:\/\/corteospitale.org\/site\/wp-content\/uploads\/2023\/09\/Bloom.jpeg\",\"articleSection\":[\"NEWS IN HOME\",\"NEWS IN ARCHIVIO\",\"Bloom summer camp 2023\",\"Uncategorized\",\"NEWS\"],\"inLanguage\":\"it-IT\"},{\"@type\":\"WebPage\",\"@id\":\"https:\/\/corteospitale.org\/site\/il-programma-di-bloom-2023\/\",\"url\":\"https:\/\/corteospitale.org\/site\/il-programma-di-bloom-2023\/\",\"name\":\"Il programma di Bloom 2023 - LA CORTE OSPITALE\",\"isPartOf\":{\"@id\":\"https:\/\/corteospitale.org\/site\/#website\"},\"primaryImageOfPage\":{\"@id\":\"https:\/\/corteospitale.org\/site\/il-programma-di-bloom-2023\/#primaryimage\"},\"image\":{\"@id\":\"https:\/\/corteospitale.org\/site\/il-programma-di-bloom-2023\/#primaryimage\"},\"thumbnailUrl\":\"https:\/\/corteospitale.org\/site\/wp-content\/uploads\/2023\/09\/Bloom.jpeg\",\"datePublished\":\"2023-09-15T08:45:59+00:00\",\"dateModified\":\"2024-01-10T13:00:58+00:00\",\"description\":\"Bloom 2023 \u00e8 un percorso di ricerca, incontro e immaginazione per artisti e cittadini, un progetto di Corte Ospitale e Giuliana Musso. In questa pagina vi raccontiamo il percorso formativo di residenza dei 15 allievi e il percorso dei cittadini.\",\"breadcrumb\":{\"@id\":\"https:\/\/corteospitale.org\/site\/il-programma-di-bloom-2023\/#breadcrumb\"},\"inLanguage\":\"it-IT\",\"potentialAction\":[{\"@type\":\"ReadAction\",\"target\":[\"https:\/\/corteospitale.org\/site\/il-programma-di-bloom-2023\/\"]}]},{\"@type\":\"ImageObject\",\"inLanguage\":\"it-IT\",\"@id\":\"https:\/\/corteospitale.org\/site\/il-programma-di-bloom-2023\/#primaryimage\",\"url\":\"https:\/\/corteospitale.org\/site\/wp-content\/uploads\/2023\/09\/Bloom.jpeg\",\"contentUrl\":\"https:\/\/corteospitale.org\/site\/wp-content\/uploads\/2023\/09\/Bloom.jpeg\",\"width\":1080,\"height\":1080},{\"@type\":\"BreadcrumbList\",\"@id\":\"https:\/\/corteospitale.org\/site\/il-programma-di-bloom-2023\/#breadcrumb\",\"itemListElement\":[{\"@type\":\"ListItem\",\"position\":1,\"name\":\"Home\",\"item\":\"https:\/\/corteospitale.org\/site\/\"},{\"@type\":\"ListItem\",\"position\":2,\"name\":\"Il programma di Bloom 2023\"}]},{\"@type\":\"WebSite\",\"@id\":\"https:\/\/corteospitale.org\/site\/#website\",\"url\":\"https:\/\/corteospitale.org\/site\/\",\"name\":\"LA CORTE OSPITALE\",\"description\":\"\",\"publisher\":{\"@id\":\"https:\/\/corteospitale.org\/site\/#organization\"},\"potentialAction\":[{\"@type\":\"SearchAction\",\"target\":{\"@type\":\"EntryPoint\",\"urlTemplate\":\"https:\/\/corteospitale.org\/site\/?s={search_term_string}\"},\"query-input\":{\"@type\":\"PropertyValueSpecification\",\"valueRequired\":true,\"valueName\":\"search_term_string\"}}],\"inLanguage\":\"it-IT\"},{\"@type\":\"Organization\",\"@id\":\"https:\/\/corteospitale.org\/site\/#organization\",\"name\":\"Corte Ospitale\",\"url\":\"https:\/\/corteospitale.org\/site\/\",\"logo\":{\"@type\":\"ImageObject\",\"inLanguage\":\"it-IT\",\"@id\":\"https:\/\/corteospitale.org\/site\/#\/schema\/logo\/image\/\",\"url\":\"\",\"contentUrl\":\"\",\"caption\":\"Corte Ospitale\"},\"image\":{\"@id\":\"https:\/\/corteospitale.org\/site\/#\/schema\/logo\/image\/\"},\"sameAs\":[\"https:\/\/www.facebook.com\/corteospitale\",\"https:\/\/www.instagram.com\/corteospitale\/\",\"https:\/\/www.youtube.com\/user\/LaCorteOspitale1\"]},{\"@type\":\"Person\",\"@id\":\"https:\/\/corteospitale.org\/site\/#\/schema\/person\/2e6c7771de31d29fa1f09440dc741ce0\",\"name\":\"Manuela\",\"image\":{\"@type\":\"ImageObject\",\"inLanguage\":\"it-IT\",\"@id\":\"https:\/\/corteospitale.org\/site\/#\/schema\/person\/image\/\",\"url\":\"https:\/\/secure.gravatar.com\/avatar\/ac6dcb2697d112cdbed0c3c486cf1a2150a160d7ea8f53aee6865d6c70612228?s=96&r=g\",\"contentUrl\":\"https:\/\/secure.gravatar.com\/avatar\/ac6dcb2697d112cdbed0c3c486cf1a2150a160d7ea8f53aee6865d6c70612228?s=96&r=g\",\"caption\":\"Manuela\"}}]}<\/script>\n<!-- \/ Yoast SEO plugin. -->","yoast_head_json":{"title":"Il programma di Bloom 2023 - LA CORTE OSPITALE","description":"Bloom 2023 \u00e8 un percorso di ricerca, incontro e immaginazione per artisti e cittadini, un progetto di Corte Ospitale e Giuliana Musso. In questa pagina vi raccontiamo il percorso formativo di residenza dei 15 allievi e il percorso dei cittadini.","robots":{"index":"index","follow":"follow","max-snippet":"max-snippet:-1","max-image-preview":"max-image-preview:large","max-video-preview":"max-video-preview:-1"},"canonical":"https:\/\/corteospitale.org\/site\/il-programma-di-bloom-2023\/","og_locale":"it_IT","og_type":"article","og_title":"Il programma di Bloom 2023 - LA CORTE OSPITALE","og_description":"Bloom 2023 \u00e8 un percorso di ricerca, incontro e immaginazione per artisti e cittadini, un progetto di Corte Ospitale e Giuliana Musso. In questa pagina vi raccontiamo il percorso formativo di residenza dei 15 allievi e il percorso dei cittadini.","og_url":"https:\/\/corteospitale.org\/site\/il-programma-di-bloom-2023\/","og_site_name":"LA CORTE OSPITALE","article_publisher":"https:\/\/www.facebook.com\/corteospitale","article_published_time":"2023-09-15T08:45:59+00:00","article_modified_time":"2024-01-10T13:00:58+00:00","og_image":[{"width":1080,"height":1080,"url":"https:\/\/corteospitale.org\/site\/wp-content\/uploads\/2023\/09\/Bloom.jpeg","type":"image\/jpeg"}],"author":"Manuela","twitter_card":"summary_large_image","twitter_misc":{"Scritto da":"Manuela","Tempo di lettura stimato":"7 minuti"},"schema":{"@context":"https:\/\/schema.org","@graph":[{"@type":"Article","@id":"https:\/\/corteospitale.org\/site\/il-programma-di-bloom-2023\/#article","isPartOf":{"@id":"https:\/\/corteospitale.org\/site\/il-programma-di-bloom-2023\/"},"author":{"name":"Manuela","@id":"https:\/\/corteospitale.org\/site\/#\/schema\/person\/2e6c7771de31d29fa1f09440dc741ce0"},"headline":"Il programma di Bloom 2023","datePublished":"2023-09-15T08:45:59+00:00","dateModified":"2024-01-10T13:00:58+00:00","mainEntityOfPage":{"@id":"https:\/\/corteospitale.org\/site\/il-programma-di-bloom-2023\/"},"wordCount":1451,"publisher":{"@id":"https:\/\/corteospitale.org\/site\/#organization"},"image":{"@id":"https:\/\/corteospitale.org\/site\/il-programma-di-bloom-2023\/#primaryimage"},"thumbnailUrl":"https:\/\/corteospitale.org\/site\/wp-content\/uploads\/2023\/09\/Bloom.jpeg","articleSection":["NEWS IN HOME","NEWS IN ARCHIVIO","Bloom summer camp 2023","Uncategorized","NEWS"],"inLanguage":"it-IT"},{"@type":"WebPage","@id":"https:\/\/corteospitale.org\/site\/il-programma-di-bloom-2023\/","url":"https:\/\/corteospitale.org\/site\/il-programma-di-bloom-2023\/","name":"Il programma di Bloom 2023 - LA CORTE OSPITALE","isPartOf":{"@id":"https:\/\/corteospitale.org\/site\/#website"},"primaryImageOfPage":{"@id":"https:\/\/corteospitale.org\/site\/il-programma-di-bloom-2023\/#primaryimage"},"image":{"@id":"https:\/\/corteospitale.org\/site\/il-programma-di-bloom-2023\/#primaryimage"},"thumbnailUrl":"https:\/\/corteospitale.org\/site\/wp-content\/uploads\/2023\/09\/Bloom.jpeg","datePublished":"2023-09-15T08:45:59+00:00","dateModified":"2024-01-10T13:00:58+00:00","description":"Bloom 2023 \u00e8 un percorso di ricerca, incontro e immaginazione per artisti e cittadini, un progetto di Corte Ospitale e Giuliana Musso. In questa pagina vi raccontiamo il percorso formativo di residenza dei 15 allievi e il percorso dei cittadini.","breadcrumb":{"@id":"https:\/\/corteospitale.org\/site\/il-programma-di-bloom-2023\/#breadcrumb"},"inLanguage":"it-IT","potentialAction":[{"@type":"ReadAction","target":["https:\/\/corteospitale.org\/site\/il-programma-di-bloom-2023\/"]}]},{"@type":"ImageObject","inLanguage":"it-IT","@id":"https:\/\/corteospitale.org\/site\/il-programma-di-bloom-2023\/#primaryimage","url":"https:\/\/corteospitale.org\/site\/wp-content\/uploads\/2023\/09\/Bloom.jpeg","contentUrl":"https:\/\/corteospitale.org\/site\/wp-content\/uploads\/2023\/09\/Bloom.jpeg","width":1080,"height":1080},{"@type":"BreadcrumbList","@id":"https:\/\/corteospitale.org\/site\/il-programma-di-bloom-2023\/#breadcrumb","itemListElement":[{"@type":"ListItem","position":1,"name":"Home","item":"https:\/\/corteospitale.org\/site\/"},{"@type":"ListItem","position":2,"name":"Il programma di Bloom 2023"}]},{"@type":"WebSite","@id":"https:\/\/corteospitale.org\/site\/#website","url":"https:\/\/corteospitale.org\/site\/","name":"LA CORTE OSPITALE","description":"","publisher":{"@id":"https:\/\/corteospitale.org\/site\/#organization"},"potentialAction":[{"@type":"SearchAction","target":{"@type":"EntryPoint","urlTemplate":"https:\/\/corteospitale.org\/site\/?s={search_term_string}"},"query-input":{"@type":"PropertyValueSpecification","valueRequired":true,"valueName":"search_term_string"}}],"inLanguage":"it-IT"},{"@type":"Organization","@id":"https:\/\/corteospitale.org\/site\/#organization","name":"Corte Ospitale","url":"https:\/\/corteospitale.org\/site\/","logo":{"@type":"ImageObject","inLanguage":"it-IT","@id":"https:\/\/corteospitale.org\/site\/#\/schema\/logo\/image\/","url":"","contentUrl":"","caption":"Corte Ospitale"},"image":{"@id":"https:\/\/corteospitale.org\/site\/#\/schema\/logo\/image\/"},"sameAs":["https:\/\/www.facebook.com\/corteospitale","https:\/\/www.instagram.com\/corteospitale\/","https:\/\/www.youtube.com\/user\/LaCorteOspitale1"]},{"@type":"Person","@id":"https:\/\/corteospitale.org\/site\/#\/schema\/person\/2e6c7771de31d29fa1f09440dc741ce0","name":"Manuela","image":{"@type":"ImageObject","inLanguage":"it-IT","@id":"https:\/\/corteospitale.org\/site\/#\/schema\/person\/image\/","url":"https:\/\/secure.gravatar.com\/avatar\/ac6dcb2697d112cdbed0c3c486cf1a2150a160d7ea8f53aee6865d6c70612228?s=96&r=g","contentUrl":"https:\/\/secure.gravatar.com\/avatar\/ac6dcb2697d112cdbed0c3c486cf1a2150a160d7ea8f53aee6865d6c70612228?s=96&r=g","caption":"Manuela"}}]}},"_links":{"self":[{"href":"https:\/\/corteospitale.org\/site\/wp-json\/wp\/v2\/posts\/8236","targetHints":{"allow":["GET"]}}],"collection":[{"href":"https:\/\/corteospitale.org\/site\/wp-json\/wp\/v2\/posts"}],"about":[{"href":"https:\/\/corteospitale.org\/site\/wp-json\/wp\/v2\/types\/post"}],"author":[{"embeddable":true,"href":"https:\/\/corteospitale.org\/site\/wp-json\/wp\/v2\/users\/2"}],"replies":[{"embeddable":true,"href":"https:\/\/corteospitale.org\/site\/wp-json\/wp\/v2\/comments?post=8236"}],"version-history":[{"count":40,"href":"https:\/\/corteospitale.org\/site\/wp-json\/wp\/v2\/posts\/8236\/revisions"}],"predecessor-version":[{"id":8314,"href":"https:\/\/corteospitale.org\/site\/wp-json\/wp\/v2\/posts\/8236\/revisions\/8314"}],"wp:featuredmedia":[{"embeddable":true,"href":"https:\/\/corteospitale.org\/site\/wp-json\/wp\/v2\/media\/8297"}],"wp:attachment":[{"href":"https:\/\/corteospitale.org\/site\/wp-json\/wp\/v2\/media?parent=8236"}],"wp:term":[{"taxonomy":"category","embeddable":true,"href":"https:\/\/corteospitale.org\/site\/wp-json\/wp\/v2\/categories?post=8236"},{"taxonomy":"post_tag","embeddable":true,"href":"https:\/\/corteospitale.org\/site\/wp-json\/wp\/v2\/tags?post=8236"}],"curies":[{"name":"wp","href":"https:\/\/api.w.org\/{rel}","templated":true}]}}