{"id":8306,"date":"2023-09-26T19:40:28","date_gmt":"2023-09-26T17:40:28","guid":{"rendered":"https:\/\/corteospitale.org\/site\/?p=8306"},"modified":"2024-01-10T14:58:29","modified_gmt":"2024-01-10T12:58:29","slug":"esito-finale-di-bloom","status":"publish","type":"post","link":"https:\/\/corteospitale.org\/site\/esito-finale-di-bloom\/","title":{"rendered":"Esito finale di BLOOM"},"content":{"rendered":"<h1 style=\"text-align: left;\">Viene prima l&#8217;acqua o la terra?<\/h1>\n<h2>&nbsp;<\/h2>\n<h2 style=\"text-align: left;\"><strong>Scintille di drammaturgie attorno al tema di un fiume, un paese, un ostello per pellegrini ed una riserva naturale. Un incontro tra artisti e cittadini.<\/strong><\/h2>\n<p style=\"text-align: left;\">&nbsp;<\/p>\n<p>&nbsp;<\/p>\n<p style=\"text-align: left;\"><strong>Sabato 30 settembre<\/strong> e <strong>domenica 1 ottobre<\/strong>, presso La Corte Ospitale, verr\u00e0 presentato <strong>Viene prima l&#8217;acqua o la terra? Scintille di drammaturgie attorno al tema di un fiume, un paese, un ostello per pellegrini ed una riserva naturale, un incontro tra artisti e cittadini<\/strong>.<\/p>\n<p style=\"text-align: left;\">Esito del corso di alta formazione di <strong>BLOOM &#8211; la riserva del teatro<\/strong>, un progetto de <strong>La Corte Ospitale<\/strong> e <strong>Giuliana Musso<\/strong>, in collaborazione con il&nbsp;<strong>Comune di Rubiera<\/strong> e l&#8217;<strong>ente Parchi Emilia Centrale<\/strong>.<\/p>\n<p style=\"text-align: left;\">Guidati dagli input di Giuliana Musso, 30 cittadini hanno esplorato Rubiera, il suo territorio e la Riserva naturale con curiosit\u00e0, passione e cura, intervistando testimoni e raccogliendo storie. Poi sono arrivati gli allievi, 15 giovani neodiplomati delle scuole d\u2019arte drammatica o giovani professionisti, provenienti da ogni parte d\u2019Italia, che hanno raccolto il testimone dai cittadini facendosi consegnare le loro storie e la loro ricerca appassionata.<\/p>\n<p>&nbsp;<\/p>\n<p style=\"text-align: left;\">&#8220;<em>C\u2019\u00e8 un paese che \u00e8 nato all\u2019incrocio tra una strada ed un fiume. La strada ha 2210 anni, il fiume non sappiamo quanti anni abbia. La strada corre obliqua da sud-est a nord-ovest anche se nella percezione degli emiliani lei \u00e8 diritta e sono i punti cardinali ad essere storti. Il fiume scorre gi\u00f9 dagli appennini e scende verso nord. Anche questo sembra un fatto strano.La terra intorno al fiume \u00e8 fatta di sassi e ghiaia. Anche il paese \u00e8 fatto di sassi e ghiaia, anche i suoi tetti, le strade e i ponti. Bisogna fare molta attenzione: se il fiume volesse, se uscisse dagli argini,&nbsp; potrebbe andare a riprendersi tutti i suoi sassi. Una volta, prima dei ponti, il fiume si superava con le barche e i viaggi si misuravano a piedi o a cavallo, in giorni o settimane. Le stazioni di sosta erano ostelli per pellegrini. Tra il ponte di barche e il paese fu costruito un posto strano che sembrava un convento ma non era un convento era una stazione di sosta, un ostello per pellegrini. Chi vi bussava trovava un letto, un pasto e &nbsp;protezione.<\/em><br \/>\n<em>Oggi tra il paese e il fiume c\u2019\u00e8 ancora il vecchio ostello ma c\u2019\u00e8 anche un\u2019altra stazione di sosta: \u00e8 una riserva naturale. Una riserva naturale che per\u00f2 non \u00e8 naturale: l\u2019hanno fatta gli uomini del paese scavando la terra per fare posto all\u2019acqua. Anche questo \u00e8 un fatto strano.<br \/>\n<\/em><span style=\"font-weight: 400;\"><em>Un concerto di musica tecno di grilli e cicale. C\u2019\u00e8 un corpo di ballo d\u2019insetti sull\u2019acqua. Due strade gemelle si salutano e si separano. Sotto alle scarpe i sassolini pigolano. Dai cartelli, nascosti tra le fronde, penzolano i divieti. Un laghetto neonato dorme nella sua culla di fronde mentre il vecchio frantoio, in disparte, sgranocchia sassi<\/em>.\u201d<\/span><\/p>\n<p>&nbsp;<\/p>\n<p>Per maggiori informazioni e prenotazioni, contattaci qui &gt;&gt; <a href=\"mailto:biglietteria@corteospitale.org\">biglietteria@corteospitale.org<\/a> \u2013 0522621133<\/p>\n<p>In caso di maltempo l\u2019evento \u00e8 confermato presso La Corte Ospitale.<\/p>\n<p>&nbsp;<\/p>\n<p>&nbsp;<\/p>\n<p style=\"text-align: left;\">Un ringraziamento agli artisti e ai cittadini che, grazie al loro entusiasmo e coinvolgimento, hanno reso questo percorso tanto speciale.<\/p>\n<p style=\"text-align: left;\"><strong>Artisti coinvolti<\/strong>: Alessandra Cocorullo, Anna Califano, Benedetta Parisi, Federico Mattioli, Letizia Buchini, Lorenzo Leopoldo Egida, Lucia Raffaella Mariani, Marco Trotta, Maria Chiara Montella, Marica Pace, Marta Beggio, Marta Soci, Simona Campisi.<\/p>\n<p style=\"text-align: left;\"><strong>Cittadini coinvolti<\/strong>: Anna Cigarini, Annamaria Siligardi, Aronne Ferrari, Caterina Zerlotti, Chiara Incerti, Claudia Montermini, Daniela Benevelli, Elena Benati, Elisabetta Farioli, Elisabetta Rubaldi, Emilia Bergamini, Lorena Giovanoli, Maria Belen Simonian, Maria Paola Guerra, Marisa Stefanini, Michele Lalla, Monica Paterlini, Paulina Motloch, Rita Boni, Rosaria Cuomo, Vittorio Pioli.<\/p>\n<p>&nbsp;<\/p>\n<p>&nbsp;<\/p>\n<p style=\"text-align: left;\"><em>Il percorso per cittadini di <\/em><strong><em>BLOOM <\/em><\/strong><em>\u00e8 realizzato in collaborazione con il Comune di Rubiera all\u2019interno del Percorso partecipativo per la formazione del Piano Urbanistico Generale (PUG).<\/em><\/p>\n<p style=\"text-align: left;\"><strong><em>Bloom<\/em><\/strong><em> \u00e8 un progetto realizzato con il sostegno del Ministero della Cultura e della Regione Emilia-Romagna<\/em>.<\/p>\n<p style=\"text-align: left;\">&nbsp;<\/p>\n<p><a href=\"https:\/\/corteospitale.org\/site\/wp-content\/uploads\/2023\/09\/Loghi.jpeg\"><img loading=\"lazy\" decoding=\"async\" class=\"alignnone wp-image-8280 alignleft\" src=\"https:\/\/corteospitale.org\/site\/wp-content\/uploads\/2023\/09\/Loghi-300x216.jpeg\" alt=\"\" width=\"343\" height=\"251\"><\/a><\/p>\n","protected":false},"excerpt":{"rendered":"<p>Viene prima l&#8217;acqua o la terra? &nbsp; Scintille di drammaturgie attorno al tema di un fiume, un paese, un ostello per pellegrini ed una riserva naturale. Un incontro tra artisti e cittadini. &nbsp; &nbsp; Sabato 30 settembre e domenica 1 &hellip;<\/p>\n","protected":false},"author":2,"featured_media":8297,"comment_status":"closed","ping_status":"closed","sticky":false,"template":"","format":"standard","meta":{"_acf_changed":false,"ngg_post_thumbnail":0,"footnotes":"","_links_to":"","_links_to_target":""},"categories":[39,136,314,135],"tags":[],"class_list":["post-8306","post","type-post","status-publish","format-standard","has-post-thumbnail","hentry","category-news-in-home","category-news-in-archivio","category-bloom-summer-camp-2023","category-news"],"acf":[],"yoast_head":"<!-- This site is optimized with the Yoast SEO plugin v24.7 - https:\/\/yoast.com\/wordpress\/plugins\/seo\/ -->\n<title>Esito finale di BLOOM - LA CORTE OSPITALE<\/title>\n<meta name=\"description\" content=\"Bloom 2023 \u00e8 un percorso di ricerca, incontro e immaginazione per artisti e cittadini, un progetto di Corte Ospitale e Giuliana Musso. In questa pagina vi raccontiamo il percorso formativo di residenza dei 15 allievi e il percorso dei cittadini.\" \/>\n<meta name=\"robots\" content=\"index, follow, max-snippet:-1, max-image-preview:large, max-video-preview:-1\" \/>\n<link rel=\"canonical\" href=\"https:\/\/corteospitale.org\/site\/esito-finale-di-bloom\/\" \/>\n<meta property=\"og:locale\" content=\"it_IT\" \/>\n<meta property=\"og:type\" content=\"article\" \/>\n<meta property=\"og:title\" content=\"Esito finale di BLOOM - LA CORTE OSPITALE\" \/>\n<meta property=\"og:description\" content=\"Bloom 2023 \u00e8 un percorso di ricerca, incontro e immaginazione per artisti e cittadini, un progetto di Corte Ospitale e Giuliana Musso. In questa pagina vi raccontiamo il percorso formativo di residenza dei 15 allievi e il percorso dei cittadini.\" \/>\n<meta property=\"og:url\" content=\"https:\/\/corteospitale.org\/site\/esito-finale-di-bloom\/\" \/>\n<meta property=\"og:site_name\" content=\"LA CORTE OSPITALE\" \/>\n<meta property=\"article:publisher\" content=\"https:\/\/www.facebook.com\/corteospitale\" \/>\n<meta property=\"article:published_time\" content=\"2023-09-26T17:40:28+00:00\" \/>\n<meta property=\"article:modified_time\" content=\"2024-01-10T12:58:29+00:00\" \/>\n<meta property=\"og:image\" content=\"https:\/\/corteospitale.org\/site\/wp-content\/uploads\/2023\/09\/Bloom.jpeg\" \/>\n\t<meta property=\"og:image:width\" content=\"1080\" \/>\n\t<meta property=\"og:image:height\" content=\"1080\" \/>\n\t<meta property=\"og:image:type\" content=\"image\/jpeg\" \/>\n<meta name=\"author\" content=\"Manuela\" \/>\n<meta name=\"twitter:card\" content=\"summary_large_image\" \/>\n<meta name=\"twitter:label1\" content=\"Scritto da\" \/>\n\t<meta name=\"twitter:data1\" content=\"Manuela\" \/>\n\t<meta name=\"twitter:label2\" content=\"Tempo di lettura stimato\" \/>\n\t<meta name=\"twitter:data2\" content=\"4 minuti\" \/>\n<script type=\"application\/ld+json\" class=\"yoast-schema-graph\">{\"@context\":\"https:\/\/schema.org\",\"@graph\":[{\"@type\":\"Article\",\"@id\":\"https:\/\/corteospitale.org\/site\/esito-finale-di-bloom\/#article\",\"isPartOf\":{\"@id\":\"https:\/\/corteospitale.org\/site\/esito-finale-di-bloom\/\"},\"author\":{\"name\":\"Manuela\",\"@id\":\"https:\/\/corteospitale.org\/site\/#\/schema\/person\/2e6c7771de31d29fa1f09440dc741ce0\"},\"headline\":\"Esito finale di BLOOM\",\"datePublished\":\"2023-09-26T17:40:28+00:00\",\"dateModified\":\"2024-01-10T12:58:29+00:00\",\"mainEntityOfPage\":{\"@id\":\"https:\/\/corteospitale.org\/site\/esito-finale-di-bloom\/\"},\"wordCount\":645,\"publisher\":{\"@id\":\"https:\/\/corteospitale.org\/site\/#organization\"},\"image\":{\"@id\":\"https:\/\/corteospitale.org\/site\/esito-finale-di-bloom\/#primaryimage\"},\"thumbnailUrl\":\"https:\/\/corteospitale.org\/site\/wp-content\/uploads\/2023\/09\/Bloom.jpeg\",\"articleSection\":[\"NEWS IN HOME\",\"NEWS IN ARCHIVIO\",\"Bloom summer camp 2023\",\"NEWS\"],\"inLanguage\":\"it-IT\"},{\"@type\":\"WebPage\",\"@id\":\"https:\/\/corteospitale.org\/site\/esito-finale-di-bloom\/\",\"url\":\"https:\/\/corteospitale.org\/site\/esito-finale-di-bloom\/\",\"name\":\"Esito finale di BLOOM - LA CORTE OSPITALE\",\"isPartOf\":{\"@id\":\"https:\/\/corteospitale.org\/site\/#website\"},\"primaryImageOfPage\":{\"@id\":\"https:\/\/corteospitale.org\/site\/esito-finale-di-bloom\/#primaryimage\"},\"image\":{\"@id\":\"https:\/\/corteospitale.org\/site\/esito-finale-di-bloom\/#primaryimage\"},\"thumbnailUrl\":\"https:\/\/corteospitale.org\/site\/wp-content\/uploads\/2023\/09\/Bloom.jpeg\",\"datePublished\":\"2023-09-26T17:40:28+00:00\",\"dateModified\":\"2024-01-10T12:58:29+00:00\",\"description\":\"Bloom 2023 \u00e8 un percorso di ricerca, incontro e immaginazione per artisti e cittadini, un progetto di Corte Ospitale e Giuliana Musso. In questa pagina vi raccontiamo il percorso formativo di residenza dei 15 allievi e il percorso dei cittadini.\",\"breadcrumb\":{\"@id\":\"https:\/\/corteospitale.org\/site\/esito-finale-di-bloom\/#breadcrumb\"},\"inLanguage\":\"it-IT\",\"potentialAction\":[{\"@type\":\"ReadAction\",\"target\":[\"https:\/\/corteospitale.org\/site\/esito-finale-di-bloom\/\"]}]},{\"@type\":\"ImageObject\",\"inLanguage\":\"it-IT\",\"@id\":\"https:\/\/corteospitale.org\/site\/esito-finale-di-bloom\/#primaryimage\",\"url\":\"https:\/\/corteospitale.org\/site\/wp-content\/uploads\/2023\/09\/Bloom.jpeg\",\"contentUrl\":\"https:\/\/corteospitale.org\/site\/wp-content\/uploads\/2023\/09\/Bloom.jpeg\",\"width\":1080,\"height\":1080},{\"@type\":\"BreadcrumbList\",\"@id\":\"https:\/\/corteospitale.org\/site\/esito-finale-di-bloom\/#breadcrumb\",\"itemListElement\":[{\"@type\":\"ListItem\",\"position\":1,\"name\":\"Home\",\"item\":\"https:\/\/corteospitale.org\/site\/\"},{\"@type\":\"ListItem\",\"position\":2,\"name\":\"Esito finale di BLOOM\"}]},{\"@type\":\"WebSite\",\"@id\":\"https:\/\/corteospitale.org\/site\/#website\",\"url\":\"https:\/\/corteospitale.org\/site\/\",\"name\":\"LA CORTE OSPITALE\",\"description\":\"\",\"publisher\":{\"@id\":\"https:\/\/corteospitale.org\/site\/#organization\"},\"potentialAction\":[{\"@type\":\"SearchAction\",\"target\":{\"@type\":\"EntryPoint\",\"urlTemplate\":\"https:\/\/corteospitale.org\/site\/?s={search_term_string}\"},\"query-input\":{\"@type\":\"PropertyValueSpecification\",\"valueRequired\":true,\"valueName\":\"search_term_string\"}}],\"inLanguage\":\"it-IT\"},{\"@type\":\"Organization\",\"@id\":\"https:\/\/corteospitale.org\/site\/#organization\",\"name\":\"Corte Ospitale\",\"url\":\"https:\/\/corteospitale.org\/site\/\",\"logo\":{\"@type\":\"ImageObject\",\"inLanguage\":\"it-IT\",\"@id\":\"https:\/\/corteospitale.org\/site\/#\/schema\/logo\/image\/\",\"url\":\"\",\"contentUrl\":\"\",\"caption\":\"Corte Ospitale\"},\"image\":{\"@id\":\"https:\/\/corteospitale.org\/site\/#\/schema\/logo\/image\/\"},\"sameAs\":[\"https:\/\/www.facebook.com\/corteospitale\",\"https:\/\/www.instagram.com\/corteospitale\/\",\"https:\/\/www.youtube.com\/user\/LaCorteOspitale1\"]},{\"@type\":\"Person\",\"@id\":\"https:\/\/corteospitale.org\/site\/#\/schema\/person\/2e6c7771de31d29fa1f09440dc741ce0\",\"name\":\"Manuela\",\"image\":{\"@type\":\"ImageObject\",\"inLanguage\":\"it-IT\",\"@id\":\"https:\/\/corteospitale.org\/site\/#\/schema\/person\/image\/\",\"url\":\"https:\/\/secure.gravatar.com\/avatar\/ac6dcb2697d112cdbed0c3c486cf1a2150a160d7ea8f53aee6865d6c70612228?s=96&r=g\",\"contentUrl\":\"https:\/\/secure.gravatar.com\/avatar\/ac6dcb2697d112cdbed0c3c486cf1a2150a160d7ea8f53aee6865d6c70612228?s=96&r=g\",\"caption\":\"Manuela\"}}]}<\/script>\n<!-- \/ Yoast SEO plugin. -->","yoast_head_json":{"title":"Esito finale di BLOOM - LA CORTE OSPITALE","description":"Bloom 2023 \u00e8 un percorso di ricerca, incontro e immaginazione per artisti e cittadini, un progetto di Corte Ospitale e Giuliana Musso. In questa pagina vi raccontiamo il percorso formativo di residenza dei 15 allievi e il percorso dei cittadini.","robots":{"index":"index","follow":"follow","max-snippet":"max-snippet:-1","max-image-preview":"max-image-preview:large","max-video-preview":"max-video-preview:-1"},"canonical":"https:\/\/corteospitale.org\/site\/esito-finale-di-bloom\/","og_locale":"it_IT","og_type":"article","og_title":"Esito finale di BLOOM - LA CORTE OSPITALE","og_description":"Bloom 2023 \u00e8 un percorso di ricerca, incontro e immaginazione per artisti e cittadini, un progetto di Corte Ospitale e Giuliana Musso. In questa pagina vi raccontiamo il percorso formativo di residenza dei 15 allievi e il percorso dei cittadini.","og_url":"https:\/\/corteospitale.org\/site\/esito-finale-di-bloom\/","og_site_name":"LA CORTE OSPITALE","article_publisher":"https:\/\/www.facebook.com\/corteospitale","article_published_time":"2023-09-26T17:40:28+00:00","article_modified_time":"2024-01-10T12:58:29+00:00","og_image":[{"width":1080,"height":1080,"url":"https:\/\/corteospitale.org\/site\/wp-content\/uploads\/2023\/09\/Bloom.jpeg","type":"image\/jpeg"}],"author":"Manuela","twitter_card":"summary_large_image","twitter_misc":{"Scritto da":"Manuela","Tempo di lettura stimato":"4 minuti"},"schema":{"@context":"https:\/\/schema.org","@graph":[{"@type":"Article","@id":"https:\/\/corteospitale.org\/site\/esito-finale-di-bloom\/#article","isPartOf":{"@id":"https:\/\/corteospitale.org\/site\/esito-finale-di-bloom\/"},"author":{"name":"Manuela","@id":"https:\/\/corteospitale.org\/site\/#\/schema\/person\/2e6c7771de31d29fa1f09440dc741ce0"},"headline":"Esito finale di BLOOM","datePublished":"2023-09-26T17:40:28+00:00","dateModified":"2024-01-10T12:58:29+00:00","mainEntityOfPage":{"@id":"https:\/\/corteospitale.org\/site\/esito-finale-di-bloom\/"},"wordCount":645,"publisher":{"@id":"https:\/\/corteospitale.org\/site\/#organization"},"image":{"@id":"https:\/\/corteospitale.org\/site\/esito-finale-di-bloom\/#primaryimage"},"thumbnailUrl":"https:\/\/corteospitale.org\/site\/wp-content\/uploads\/2023\/09\/Bloom.jpeg","articleSection":["NEWS IN HOME","NEWS IN ARCHIVIO","Bloom summer camp 2023","NEWS"],"inLanguage":"it-IT"},{"@type":"WebPage","@id":"https:\/\/corteospitale.org\/site\/esito-finale-di-bloom\/","url":"https:\/\/corteospitale.org\/site\/esito-finale-di-bloom\/","name":"Esito finale di BLOOM - LA CORTE OSPITALE","isPartOf":{"@id":"https:\/\/corteospitale.org\/site\/#website"},"primaryImageOfPage":{"@id":"https:\/\/corteospitale.org\/site\/esito-finale-di-bloom\/#primaryimage"},"image":{"@id":"https:\/\/corteospitale.org\/site\/esito-finale-di-bloom\/#primaryimage"},"thumbnailUrl":"https:\/\/corteospitale.org\/site\/wp-content\/uploads\/2023\/09\/Bloom.jpeg","datePublished":"2023-09-26T17:40:28+00:00","dateModified":"2024-01-10T12:58:29+00:00","description":"Bloom 2023 \u00e8 un percorso di ricerca, incontro e immaginazione per artisti e cittadini, un progetto di Corte Ospitale e Giuliana Musso. In questa pagina vi raccontiamo il percorso formativo di residenza dei 15 allievi e il percorso dei cittadini.","breadcrumb":{"@id":"https:\/\/corteospitale.org\/site\/esito-finale-di-bloom\/#breadcrumb"},"inLanguage":"it-IT","potentialAction":[{"@type":"ReadAction","target":["https:\/\/corteospitale.org\/site\/esito-finale-di-bloom\/"]}]},{"@type":"ImageObject","inLanguage":"it-IT","@id":"https:\/\/corteospitale.org\/site\/esito-finale-di-bloom\/#primaryimage","url":"https:\/\/corteospitale.org\/site\/wp-content\/uploads\/2023\/09\/Bloom.jpeg","contentUrl":"https:\/\/corteospitale.org\/site\/wp-content\/uploads\/2023\/09\/Bloom.jpeg","width":1080,"height":1080},{"@type":"BreadcrumbList","@id":"https:\/\/corteospitale.org\/site\/esito-finale-di-bloom\/#breadcrumb","itemListElement":[{"@type":"ListItem","position":1,"name":"Home","item":"https:\/\/corteospitale.org\/site\/"},{"@type":"ListItem","position":2,"name":"Esito finale di BLOOM"}]},{"@type":"WebSite","@id":"https:\/\/corteospitale.org\/site\/#website","url":"https:\/\/corteospitale.org\/site\/","name":"LA CORTE OSPITALE","description":"","publisher":{"@id":"https:\/\/corteospitale.org\/site\/#organization"},"potentialAction":[{"@type":"SearchAction","target":{"@type":"EntryPoint","urlTemplate":"https:\/\/corteospitale.org\/site\/?s={search_term_string}"},"query-input":{"@type":"PropertyValueSpecification","valueRequired":true,"valueName":"search_term_string"}}],"inLanguage":"it-IT"},{"@type":"Organization","@id":"https:\/\/corteospitale.org\/site\/#organization","name":"Corte Ospitale","url":"https:\/\/corteospitale.org\/site\/","logo":{"@type":"ImageObject","inLanguage":"it-IT","@id":"https:\/\/corteospitale.org\/site\/#\/schema\/logo\/image\/","url":"","contentUrl":"","caption":"Corte Ospitale"},"image":{"@id":"https:\/\/corteospitale.org\/site\/#\/schema\/logo\/image\/"},"sameAs":["https:\/\/www.facebook.com\/corteospitale","https:\/\/www.instagram.com\/corteospitale\/","https:\/\/www.youtube.com\/user\/LaCorteOspitale1"]},{"@type":"Person","@id":"https:\/\/corteospitale.org\/site\/#\/schema\/person\/2e6c7771de31d29fa1f09440dc741ce0","name":"Manuela","image":{"@type":"ImageObject","inLanguage":"it-IT","@id":"https:\/\/corteospitale.org\/site\/#\/schema\/person\/image\/","url":"https:\/\/secure.gravatar.com\/avatar\/ac6dcb2697d112cdbed0c3c486cf1a2150a160d7ea8f53aee6865d6c70612228?s=96&r=g","contentUrl":"https:\/\/secure.gravatar.com\/avatar\/ac6dcb2697d112cdbed0c3c486cf1a2150a160d7ea8f53aee6865d6c70612228?s=96&r=g","caption":"Manuela"}}]}},"_links":{"self":[{"href":"https:\/\/corteospitale.org\/site\/wp-json\/wp\/v2\/posts\/8306","targetHints":{"allow":["GET"]}}],"collection":[{"href":"https:\/\/corteospitale.org\/site\/wp-json\/wp\/v2\/posts"}],"about":[{"href":"https:\/\/corteospitale.org\/site\/wp-json\/wp\/v2\/types\/post"}],"author":[{"embeddable":true,"href":"https:\/\/corteospitale.org\/site\/wp-json\/wp\/v2\/users\/2"}],"replies":[{"embeddable":true,"href":"https:\/\/corteospitale.org\/site\/wp-json\/wp\/v2\/comments?post=8306"}],"version-history":[{"count":8,"href":"https:\/\/corteospitale.org\/site\/wp-json\/wp\/v2\/posts\/8306\/revisions"}],"predecessor-version":[{"id":8315,"href":"https:\/\/corteospitale.org\/site\/wp-json\/wp\/v2\/posts\/8306\/revisions\/8315"}],"wp:featuredmedia":[{"embeddable":true,"href":"https:\/\/corteospitale.org\/site\/wp-json\/wp\/v2\/media\/8297"}],"wp:attachment":[{"href":"https:\/\/corteospitale.org\/site\/wp-json\/wp\/v2\/media?parent=8306"}],"wp:term":[{"taxonomy":"category","embeddable":true,"href":"https:\/\/corteospitale.org\/site\/wp-json\/wp\/v2\/categories?post=8306"},{"taxonomy":"post_tag","embeddable":true,"href":"https:\/\/corteospitale.org\/site\/wp-json\/wp\/v2\/tags?post=8306"}],"curies":[{"name":"wp","href":"https:\/\/api.w.org\/{rel}","templated":true}]}}