{"id":8512,"date":"2023-10-18T18:52:39","date_gmt":"2023-10-18T16:52:39","guid":{"rendered":"https:\/\/corteospitale.org\/site\/?p=8512"},"modified":"2024-11-27T17:30:33","modified_gmt":"2024-11-27T15:30:33","slug":"bidibibodibiboo","status":"publish","type":"post","link":"https:\/\/corteospitale.org\/site\/bidibibodibiboo\/","title":{"rendered":"BIDIBIBODIBIBOO"},"content":{"rendered":"<div class=\"page\" title=\"Page 1\">\n<div class=\"section\">\n<div class=\"layoutArea\">\n<div class=\"column\">\n<h1>BIDIBIBODIBIBOO<\/h1>\n<p>&nbsp;<\/p>\n<p>&nbsp;<\/p>\n<p>&nbsp;<\/p>\n<p>uno spettacolo di <strong>Francesco Alberici<\/strong><\/p>\n<p><span style=\"font-variant-caps: normal;\">regia e drammaturgia <strong>Francesco Alberici<\/strong><br \/>\n<\/span><span style=\"font-variant-caps: normal;\">aiuto regia <strong>Ermelinda Nasuto<\/strong><br \/>\n<\/span><span style=\"font-variant-caps: normal;\">con <strong>Francesco Alberici<\/strong>, <strong>Daniele Turconi<\/strong>, <strong>Maria Ariis<\/strong>, <strong>Salvatore Aronica<\/strong> e <strong>Andrea Narsi<\/strong><br \/>\n<\/span><span style=\"font-variant-caps: normal;\">produzione <strong>SCARTI Centro di Produzione Teatrale d\u2019Innovazione<\/strong><br \/>\n<\/span><span style=\"font-variant-caps: normal;\">in coproduzione con <strong>Piccolo Teatro di Milano<\/strong> \u2013 <strong>Teatro d\u2019Europa<\/strong> \/ <strong>CSS Teatro stabile di innovazione del Friuli Venezia Giulia<\/strong> \/ <strong>Ente Autonomo Teatro Stabile di Bolzano<\/strong><br \/>\n<\/span><span style=\"font-variant-caps: normal;\">con il sostegno di <strong>La Corte Ospitale<\/strong><\/span><\/p>\n<p>&nbsp;<\/p>\n<p><em style=\"font-variant-caps: normal;\">Testo creato nel corso dell\u2019Ecole des Mai\u0302tres 2020\/21 diretta da Davide Carnevali<br \/>\n<\/em><em style=\"font-variant-caps: normal;\">Finalista alla 56\u00b0 edizione del Premio Riccione per il Teatro<\/em><\/p>\n<p><span style=\"font-variant-caps: normal;\">Francesco Alberici (Premio Ubu 2021 come Migliore attore\/performer under 35) traccia un ritratto al vetriolo della disastrosa situazione in cui versa il mondo del lavoro ai giorni nostri, raccontando le traversie di un giovane lavoratore: assunto a tempo indeterminato da una grande azienda, e forse preso di mira da un suo superiore, il ragazzo precipita lentamente in una spirale persecutoria che trasforma in un incubo le ore trascorse sul posto di lavoro.<\/span><\/p>\n<p><span style=\"font-variant-caps: normal;\">Con grande tenerezza e dissacrante ironia,&nbsp;<\/span><em style=\"font-variant-caps: normal;\">Bidibibodibiboo<\/em><span style=\"font-variant-caps: normal;\"> racconta le scelte e le rinunce, i sogni e le grandi paure di una generazione alle prese con un mondo del lavoro drammaticamente spietato.<\/span><\/p>\n<p><span style=\"font-variant-caps: normal;\">La giuria della 56a edizione del Premio Riccione per il Teatro ha sottolineato come \u00abcon un\u2019efficace e misurata composizione, l\u2019autore riesca a raccontare con asciutta verosimiglianza ed efficacia, la caduta agli inferi aziendali del protagonista: attacchi, vergogna, licenziamento, omissione, liberazione.\u00bb<\/span><\/p>\n<\/div>\n<\/div>\n<div class=\"page\" title=\"Page 1\">\n<div class=\"layoutArea\">\n<div class=\"page\" title=\"Page 2\">\n<div class=\"layoutArea\">\n<div class=\"column\">\n<div>\n<p>&nbsp;<\/p>\n<p><strong>Note dell&#8217;autore<\/strong><br \/>\nMentre scrivevo volevo raccontare il modello delirante di cultura aziendale che si sta imponendo a livello globale, nel quale i lavoratori sono spinti a raggiungere standard che le stesse aziende definiscono con orgoglio \u201cirragionevolmente alti\u201d e ai dipendenti viene spiegato che quando \u201csi arriva al limite\u201d, a causa dei ritmi di lavoro implacabili, non resta altra soluzione che \u201csuperare quel limite\u201d.<\/p>\n<\/div>\n<div>\n<p>La precariet\u00e0 riguarda ormai sia chi la sceglie deliberatamente, sia chi cerca di costruirsi una vita piu\u0300 stabile. Nessuno e\u0300 indenne. I nuovi colossi globali del mondo capitalista non stanno ridisegnando soltanto le dinamiche del lavoro, ma anche delle nostre vite. Termini e concetti aziendali hanno invaso il nostro linguaggio \u2013 performance, competizione, miglioramento di se\u0301, ottimizzazione \u2013 e ridefinito la nostra idea del tempo: ormai il tempo libero non e\u0300 altro che tempo perso.<\/p>\n<p>&nbsp;<\/p>\n<\/div>\n<p><strong>DIARIO DI VIAGGIO: IL RACCONTO DELLA RESIDENZA ATTRAVERSO LA VOCE E GLI OCCHI DELL\u2019ARTISTA<\/strong><\/p>\n<p><strong>Qual \u00e8 per te il senso e il valore di uno spazio di residenza artistica?<br \/>\n<\/strong>Il valore aggiunto di una residenza \u00e8 il suo essere deresponsabilizzante rispetto al tempo delle prove, permette pi\u00f9 libert\u00e0 e poi si passa tanto tempo assieme, quindi si crea un gruppo e fuori dal tempo in sala, spesso, nascono le intuizioni pi\u00f9 belle&#8221;.<\/p>\n<p>Reel &gt;&gt;&nbsp;<a href=\"https:\/\/www.instagram.com\/reel\/C0Jl8dtNp-F\/\">https:\/\/www.instagram.com\/reel\/C0Jl8dtNp-F\/<\/a><\/p>\n<\/div>\n<\/div>\n<\/div>\n<\/div>\n<\/div>\n<\/div>\n<\/div>\n","protected":false},"excerpt":{"rendered":"<p>BIDIBIBODIBIBOO &nbsp; &nbsp; &nbsp; uno spettacolo di Francesco Alberici regia e drammaturgia Francesco Alberici aiuto regia Ermelinda Nasuto con Francesco Alberici, Daniele Turconi, Maria Ariis, Salvatore Aronica e Andrea Narsi produzione SCARTI Centro di Produzione Teatrale d\u2019Innovazione in coproduzione con &hellip;<\/p>\n","protected":false},"author":2,"featured_media":8513,"comment_status":"closed","ping_status":"closed","sticky":false,"template":"","format":"standard","meta":{"_acf_changed":false,"ngg_post_thumbnail":0,"footnotes":"","_links_to":"","_links_to_target":""},"categories":[301],"tags":[],"class_list":["post-8512","post","type-post","status-publish","format-standard","has-post-thumbnail","hentry","category-residenze-artistiche-2023"],"acf":[],"yoast_head":"<!-- This site is optimized with the Yoast SEO plugin v24.7 - https:\/\/yoast.com\/wordpress\/plugins\/seo\/ -->\n<title>BIDIBIBODIBIBOO - LA CORTE OSPITALE<\/title>\n<meta name=\"description\" content=\"Francesco Alberici in residenza aristica in Corte Ospitale per lavorare allo spettacolo BIDIBIBODIBIBOO.\" \/>\n<meta name=\"robots\" content=\"index, follow, max-snippet:-1, max-image-preview:large, max-video-preview:-1\" \/>\n<link rel=\"canonical\" href=\"https:\/\/corteospitale.org\/site\/bidibibodibiboo\/\" \/>\n<meta property=\"og:locale\" content=\"it_IT\" \/>\n<meta property=\"og:type\" content=\"article\" \/>\n<meta property=\"og:title\" content=\"BIDIBIBODIBIBOO - LA CORTE OSPITALE\" \/>\n<meta property=\"og:description\" content=\"Francesco Alberici in residenza aristica in Corte Ospitale per lavorare allo spettacolo BIDIBIBODIBIBOO.\" \/>\n<meta property=\"og:url\" content=\"https:\/\/corteospitale.org\/site\/bidibibodibiboo\/\" \/>\n<meta property=\"og:site_name\" content=\"LA CORTE OSPITALE\" \/>\n<meta property=\"article:publisher\" content=\"https:\/\/www.facebook.com\/corteospitale\" \/>\n<meta property=\"article:published_time\" content=\"2023-10-18T16:52:39+00:00\" \/>\n<meta property=\"article:modified_time\" content=\"2024-11-27T15:30:33+00:00\" \/>\n<meta property=\"og:image\" content=\"https:\/\/corteospitale.org\/site\/wp-content\/uploads\/2023\/10\/maurizio-cattelan-bidibidobidiboo-e1697647599262.jpg\" \/>\n\t<meta property=\"og:image:width\" content=\"427\" \/>\n\t<meta property=\"og:image:height\" content=\"427\" \/>\n\t<meta property=\"og:image:type\" content=\"image\/jpeg\" \/>\n<meta name=\"author\" content=\"Manuela\" \/>\n<meta name=\"twitter:card\" content=\"summary_large_image\" \/>\n<meta name=\"twitter:label1\" content=\"Scritto da\" \/>\n\t<meta name=\"twitter:data1\" content=\"Manuela\" \/>\n\t<meta name=\"twitter:label2\" content=\"Tempo di lettura stimato\" \/>\n\t<meta name=\"twitter:data2\" content=\"2 minuti\" \/>\n<script type=\"application\/ld+json\" class=\"yoast-schema-graph\">{\"@context\":\"https:\/\/schema.org\",\"@graph\":[{\"@type\":\"Article\",\"@id\":\"https:\/\/corteospitale.org\/site\/bidibibodibiboo\/#article\",\"isPartOf\":{\"@id\":\"https:\/\/corteospitale.org\/site\/bidibibodibiboo\/\"},\"author\":{\"name\":\"Manuela\",\"@id\":\"https:\/\/corteospitale.org\/site\/#\/schema\/person\/2e6c7771de31d29fa1f09440dc741ce0\"},\"headline\":\"BIDIBIBODIBIBOO\",\"datePublished\":\"2023-10-18T16:52:39+00:00\",\"dateModified\":\"2024-11-27T15:30:33+00:00\",\"mainEntityOfPage\":{\"@id\":\"https:\/\/corteospitale.org\/site\/bidibibodibiboo\/\"},\"wordCount\":460,\"publisher\":{\"@id\":\"https:\/\/corteospitale.org\/site\/#organization\"},\"image\":{\"@id\":\"https:\/\/corteospitale.org\/site\/bidibibodibiboo\/#primaryimage\"},\"thumbnailUrl\":\"https:\/\/corteospitale.org\/site\/wp-content\/uploads\/2023\/10\/maurizio-cattelan-bidibidobidiboo-e1697647599262.jpg\",\"articleSection\":[\"Residenze 2023\"],\"inLanguage\":\"it-IT\"},{\"@type\":\"WebPage\",\"@id\":\"https:\/\/corteospitale.org\/site\/bidibibodibiboo\/\",\"url\":\"https:\/\/corteospitale.org\/site\/bidibibodibiboo\/\",\"name\":\"BIDIBIBODIBIBOO - LA CORTE OSPITALE\",\"isPartOf\":{\"@id\":\"https:\/\/corteospitale.org\/site\/#website\"},\"primaryImageOfPage\":{\"@id\":\"https:\/\/corteospitale.org\/site\/bidibibodibiboo\/#primaryimage\"},\"image\":{\"@id\":\"https:\/\/corteospitale.org\/site\/bidibibodibiboo\/#primaryimage\"},\"thumbnailUrl\":\"https:\/\/corteospitale.org\/site\/wp-content\/uploads\/2023\/10\/maurizio-cattelan-bidibidobidiboo-e1697647599262.jpg\",\"datePublished\":\"2023-10-18T16:52:39+00:00\",\"dateModified\":\"2024-11-27T15:30:33+00:00\",\"description\":\"Francesco Alberici in residenza aristica in Corte Ospitale per lavorare allo spettacolo BIDIBIBODIBIBOO.\",\"breadcrumb\":{\"@id\":\"https:\/\/corteospitale.org\/site\/bidibibodibiboo\/#breadcrumb\"},\"inLanguage\":\"it-IT\",\"potentialAction\":[{\"@type\":\"ReadAction\",\"target\":[\"https:\/\/corteospitale.org\/site\/bidibibodibiboo\/\"]}]},{\"@type\":\"ImageObject\",\"inLanguage\":\"it-IT\",\"@id\":\"https:\/\/corteospitale.org\/site\/bidibibodibiboo\/#primaryimage\",\"url\":\"https:\/\/corteospitale.org\/site\/wp-content\/uploads\/2023\/10\/maurizio-cattelan-bidibidobidiboo-e1697647599262.jpg\",\"contentUrl\":\"https:\/\/corteospitale.org\/site\/wp-content\/uploads\/2023\/10\/maurizio-cattelan-bidibidobidiboo-e1697647599262.jpg\",\"width\":427,\"height\":427,\"caption\":\"BIDIBIBODIBIBOO, Maurizio Cattelan, 1996\"},{\"@type\":\"BreadcrumbList\",\"@id\":\"https:\/\/corteospitale.org\/site\/bidibibodibiboo\/#breadcrumb\",\"itemListElement\":[{\"@type\":\"ListItem\",\"position\":1,\"name\":\"Home\",\"item\":\"https:\/\/corteospitale.org\/site\/\"},{\"@type\":\"ListItem\",\"position\":2,\"name\":\"BIDIBIBODIBIBOO\"}]},{\"@type\":\"WebSite\",\"@id\":\"https:\/\/corteospitale.org\/site\/#website\",\"url\":\"https:\/\/corteospitale.org\/site\/\",\"name\":\"LA CORTE OSPITALE\",\"description\":\"\",\"publisher\":{\"@id\":\"https:\/\/corteospitale.org\/site\/#organization\"},\"potentialAction\":[{\"@type\":\"SearchAction\",\"target\":{\"@type\":\"EntryPoint\",\"urlTemplate\":\"https:\/\/corteospitale.org\/site\/?s={search_term_string}\"},\"query-input\":{\"@type\":\"PropertyValueSpecification\",\"valueRequired\":true,\"valueName\":\"search_term_string\"}}],\"inLanguage\":\"it-IT\"},{\"@type\":\"Organization\",\"@id\":\"https:\/\/corteospitale.org\/site\/#organization\",\"name\":\"Corte Ospitale\",\"url\":\"https:\/\/corteospitale.org\/site\/\",\"logo\":{\"@type\":\"ImageObject\",\"inLanguage\":\"it-IT\",\"@id\":\"https:\/\/corteospitale.org\/site\/#\/schema\/logo\/image\/\",\"url\":\"\",\"contentUrl\":\"\",\"caption\":\"Corte Ospitale\"},\"image\":{\"@id\":\"https:\/\/corteospitale.org\/site\/#\/schema\/logo\/image\/\"},\"sameAs\":[\"https:\/\/www.facebook.com\/corteospitale\",\"https:\/\/www.instagram.com\/corteospitale\/\",\"https:\/\/www.youtube.com\/user\/LaCorteOspitale1\"]},{\"@type\":\"Person\",\"@id\":\"https:\/\/corteospitale.org\/site\/#\/schema\/person\/2e6c7771de31d29fa1f09440dc741ce0\",\"name\":\"Manuela\",\"image\":{\"@type\":\"ImageObject\",\"inLanguage\":\"it-IT\",\"@id\":\"https:\/\/corteospitale.org\/site\/#\/schema\/person\/image\/\",\"url\":\"https:\/\/secure.gravatar.com\/avatar\/ac6dcb2697d112cdbed0c3c486cf1a2150a160d7ea8f53aee6865d6c70612228?s=96&r=g\",\"contentUrl\":\"https:\/\/secure.gravatar.com\/avatar\/ac6dcb2697d112cdbed0c3c486cf1a2150a160d7ea8f53aee6865d6c70612228?s=96&r=g\",\"caption\":\"Manuela\"}}]}<\/script>\n<!-- \/ Yoast SEO plugin. -->","yoast_head_json":{"title":"BIDIBIBODIBIBOO - LA CORTE OSPITALE","description":"Francesco Alberici in residenza aristica in Corte Ospitale per lavorare allo spettacolo BIDIBIBODIBIBOO.","robots":{"index":"index","follow":"follow","max-snippet":"max-snippet:-1","max-image-preview":"max-image-preview:large","max-video-preview":"max-video-preview:-1"},"canonical":"https:\/\/corteospitale.org\/site\/bidibibodibiboo\/","og_locale":"it_IT","og_type":"article","og_title":"BIDIBIBODIBIBOO - LA CORTE OSPITALE","og_description":"Francesco Alberici in residenza aristica in Corte Ospitale per lavorare allo spettacolo BIDIBIBODIBIBOO.","og_url":"https:\/\/corteospitale.org\/site\/bidibibodibiboo\/","og_site_name":"LA CORTE OSPITALE","article_publisher":"https:\/\/www.facebook.com\/corteospitale","article_published_time":"2023-10-18T16:52:39+00:00","article_modified_time":"2024-11-27T15:30:33+00:00","og_image":[{"width":427,"height":427,"url":"https:\/\/corteospitale.org\/site\/wp-content\/uploads\/2023\/10\/maurizio-cattelan-bidibidobidiboo-e1697647599262.jpg","type":"image\/jpeg"}],"author":"Manuela","twitter_card":"summary_large_image","twitter_misc":{"Scritto da":"Manuela","Tempo di lettura stimato":"2 minuti"},"schema":{"@context":"https:\/\/schema.org","@graph":[{"@type":"Article","@id":"https:\/\/corteospitale.org\/site\/bidibibodibiboo\/#article","isPartOf":{"@id":"https:\/\/corteospitale.org\/site\/bidibibodibiboo\/"},"author":{"name":"Manuela","@id":"https:\/\/corteospitale.org\/site\/#\/schema\/person\/2e6c7771de31d29fa1f09440dc741ce0"},"headline":"BIDIBIBODIBIBOO","datePublished":"2023-10-18T16:52:39+00:00","dateModified":"2024-11-27T15:30:33+00:00","mainEntityOfPage":{"@id":"https:\/\/corteospitale.org\/site\/bidibibodibiboo\/"},"wordCount":460,"publisher":{"@id":"https:\/\/corteospitale.org\/site\/#organization"},"image":{"@id":"https:\/\/corteospitale.org\/site\/bidibibodibiboo\/#primaryimage"},"thumbnailUrl":"https:\/\/corteospitale.org\/site\/wp-content\/uploads\/2023\/10\/maurizio-cattelan-bidibidobidiboo-e1697647599262.jpg","articleSection":["Residenze 2023"],"inLanguage":"it-IT"},{"@type":"WebPage","@id":"https:\/\/corteospitale.org\/site\/bidibibodibiboo\/","url":"https:\/\/corteospitale.org\/site\/bidibibodibiboo\/","name":"BIDIBIBODIBIBOO - LA CORTE OSPITALE","isPartOf":{"@id":"https:\/\/corteospitale.org\/site\/#website"},"primaryImageOfPage":{"@id":"https:\/\/corteospitale.org\/site\/bidibibodibiboo\/#primaryimage"},"image":{"@id":"https:\/\/corteospitale.org\/site\/bidibibodibiboo\/#primaryimage"},"thumbnailUrl":"https:\/\/corteospitale.org\/site\/wp-content\/uploads\/2023\/10\/maurizio-cattelan-bidibidobidiboo-e1697647599262.jpg","datePublished":"2023-10-18T16:52:39+00:00","dateModified":"2024-11-27T15:30:33+00:00","description":"Francesco Alberici in residenza aristica in Corte Ospitale per lavorare allo spettacolo BIDIBIBODIBIBOO.","breadcrumb":{"@id":"https:\/\/corteospitale.org\/site\/bidibibodibiboo\/#breadcrumb"},"inLanguage":"it-IT","potentialAction":[{"@type":"ReadAction","target":["https:\/\/corteospitale.org\/site\/bidibibodibiboo\/"]}]},{"@type":"ImageObject","inLanguage":"it-IT","@id":"https:\/\/corteospitale.org\/site\/bidibibodibiboo\/#primaryimage","url":"https:\/\/corteospitale.org\/site\/wp-content\/uploads\/2023\/10\/maurizio-cattelan-bidibidobidiboo-e1697647599262.jpg","contentUrl":"https:\/\/corteospitale.org\/site\/wp-content\/uploads\/2023\/10\/maurizio-cattelan-bidibidobidiboo-e1697647599262.jpg","width":427,"height":427,"caption":"BIDIBIBODIBIBOO, Maurizio Cattelan, 1996"},{"@type":"BreadcrumbList","@id":"https:\/\/corteospitale.org\/site\/bidibibodibiboo\/#breadcrumb","itemListElement":[{"@type":"ListItem","position":1,"name":"Home","item":"https:\/\/corteospitale.org\/site\/"},{"@type":"ListItem","position":2,"name":"BIDIBIBODIBIBOO"}]},{"@type":"WebSite","@id":"https:\/\/corteospitale.org\/site\/#website","url":"https:\/\/corteospitale.org\/site\/","name":"LA CORTE OSPITALE","description":"","publisher":{"@id":"https:\/\/corteospitale.org\/site\/#organization"},"potentialAction":[{"@type":"SearchAction","target":{"@type":"EntryPoint","urlTemplate":"https:\/\/corteospitale.org\/site\/?s={search_term_string}"},"query-input":{"@type":"PropertyValueSpecification","valueRequired":true,"valueName":"search_term_string"}}],"inLanguage":"it-IT"},{"@type":"Organization","@id":"https:\/\/corteospitale.org\/site\/#organization","name":"Corte Ospitale","url":"https:\/\/corteospitale.org\/site\/","logo":{"@type":"ImageObject","inLanguage":"it-IT","@id":"https:\/\/corteospitale.org\/site\/#\/schema\/logo\/image\/","url":"","contentUrl":"","caption":"Corte Ospitale"},"image":{"@id":"https:\/\/corteospitale.org\/site\/#\/schema\/logo\/image\/"},"sameAs":["https:\/\/www.facebook.com\/corteospitale","https:\/\/www.instagram.com\/corteospitale\/","https:\/\/www.youtube.com\/user\/LaCorteOspitale1"]},{"@type":"Person","@id":"https:\/\/corteospitale.org\/site\/#\/schema\/person\/2e6c7771de31d29fa1f09440dc741ce0","name":"Manuela","image":{"@type":"ImageObject","inLanguage":"it-IT","@id":"https:\/\/corteospitale.org\/site\/#\/schema\/person\/image\/","url":"https:\/\/secure.gravatar.com\/avatar\/ac6dcb2697d112cdbed0c3c486cf1a2150a160d7ea8f53aee6865d6c70612228?s=96&r=g","contentUrl":"https:\/\/secure.gravatar.com\/avatar\/ac6dcb2697d112cdbed0c3c486cf1a2150a160d7ea8f53aee6865d6c70612228?s=96&r=g","caption":"Manuela"}}]}},"_links":{"self":[{"href":"https:\/\/corteospitale.org\/site\/wp-json\/wp\/v2\/posts\/8512","targetHints":{"allow":["GET"]}}],"collection":[{"href":"https:\/\/corteospitale.org\/site\/wp-json\/wp\/v2\/posts"}],"about":[{"href":"https:\/\/corteospitale.org\/site\/wp-json\/wp\/v2\/types\/post"}],"author":[{"embeddable":true,"href":"https:\/\/corteospitale.org\/site\/wp-json\/wp\/v2\/users\/2"}],"replies":[{"embeddable":true,"href":"https:\/\/corteospitale.org\/site\/wp-json\/wp\/v2\/comments?post=8512"}],"version-history":[{"count":7,"href":"https:\/\/corteospitale.org\/site\/wp-json\/wp\/v2\/posts\/8512\/revisions"}],"predecessor-version":[{"id":10231,"href":"https:\/\/corteospitale.org\/site\/wp-json\/wp\/v2\/posts\/8512\/revisions\/10231"}],"wp:featuredmedia":[{"embeddable":true,"href":"https:\/\/corteospitale.org\/site\/wp-json\/wp\/v2\/media\/8513"}],"wp:attachment":[{"href":"https:\/\/corteospitale.org\/site\/wp-json\/wp\/v2\/media?parent=8512"}],"wp:term":[{"taxonomy":"category","embeddable":true,"href":"https:\/\/corteospitale.org\/site\/wp-json\/wp\/v2\/categories?post=8512"},{"taxonomy":"post_tag","embeddable":true,"href":"https:\/\/corteospitale.org\/site\/wp-json\/wp\/v2\/tags?post=8512"}],"curies":[{"name":"wp","href":"https:\/\/api.w.org\/{rel}","templated":true}]}}