{"id":8519,"date":"2023-10-18T19:29:33","date_gmt":"2023-10-18T17:29:33","guid":{"rendered":"https:\/\/corteospitale.org\/site\/?p=8519"},"modified":"2023-10-26T18:25:18","modified_gmt":"2023-10-26T16:25:18","slug":"il-pasto-di-compleanno","status":"publish","type":"post","link":"https:\/\/corteospitale.org\/site\/il-pasto-di-compleanno\/","title":{"rendered":"Il pasto di compleanno"},"content":{"rendered":"<div class=\"page\" title=\"Page 1\">\n<div class=\"section\">\n<div class=\"layoutArea\">\n<div class=\"column\">\n<h1>Il pasto di compleanno<\/h1>\n<p>&nbsp;<\/p>\n<p>&nbsp;<\/p>\n<p>&nbsp;<\/p>\n<p>uno spettacolo di <b>Cl\u00e9mentine Lorain<\/b><\/p>\n<p><b><br \/>\n<\/b><em><span style=\"font-variant-caps: normal;\">Progetto inserito all\u2019interno del Nouveau Grand Tour, ideato e concepito dall\u2019Istituto di Francia in Italia (IFI) \/ Ambasciata di Francia in Italia<\/span><\/em><\/p>\n<\/div>\n<\/div>\n<\/div>\n<div class=\"section\">\n<p>&nbsp;<\/p>\n<p style=\"font-weight: 400;\">&#8220;L&#8217;ispirazione per questo progetto \u00e8 venuta dalle opere di Sophie Calle e dalla mia fascinazione per l&#8217;esperienza intima e in situ che rappresentano. Ognuna di esse \u00e8 una vera e propria esplorazione o un&#8217;impudente indagine sul campo che sublima l&#8217;ossessione per un rituale, una persona o una cosa.<\/p>\n<p style=\"font-weight: 400;\">Sono particolarmente colpito dalla franchezza, dall&#8217;inquietante sincerit\u00e0 e dalla tenacia &#8211; a volte minacciosa &#8211; del suo approccio, che mira a elevare l&#8217;intimit\u00e0 al livello di una ricerca, e a trasformare questa ricerca in un&#8217;opera d&#8217;arte. L&#8217;esibizionismo, la manipolazione e il voyeurismo di cui l&#8217;artista spesso fa sfoggio non sminuiscono, a mio avviso, la forza o la sincerit\u00e0 di quella che definisco la sua indagine artistica: non ci consegna l&#8217;intimit\u00e0 cos\u00ec com&#8217;\u00e8, ma la altera, la modifica, ci gioca, ci fa vedere quello che vuole.<\/p>\n<p style=\"font-weight: 400;\">Ho la sensazione che il lavoro di Sophie Calle risponda a questo bisogno, definito scorretto e malsano, di mettere in scena l&#8217;intimit\u00e0 drammatizzata dell&#8217;altro e la propria intimit\u00e0, mantenendo una certa distanza dal fatto iniziale, poich\u00e9 c&#8217;\u00e8 una trasformazione. Impegnarsi a rendere coloro che non lo prenderebbero mai in considerazione, creatori di un&#8217;opera basata su un momento della loro esistenza.<br \/>\nLa teatralit\u00e0 della scrittura di Sophie Calle fa parte di un approccio che mira a denaturalizzare l&#8217;intimo. Non per farne un oggetto d&#8217;arte in s\u00e9, ma per cercare di estrarre la sua dimensione artificiale e ritualizzata.<\/p>\n<p style=\"font-weight: 400;\">La maggior parte dei libri su cui vorrei lavorare sono tratti da un cofanetto intitolato Doublesjeux, preceduto da una &#8220;regola del gioco&#8221; che fa riferimento al legame tra Sophie Calle e Paul Auster : Maria, figura del L\u00e9viathan, \u00e8 il doppio di Sophie Calle.<br \/>\nL&#8217;interesse dei riti di Sophie Calle, e quindi della sua opera, risiede nella loro capacit\u00e0 di iscriversi nella realt\u00e0 della passione alterata, senza alcuna preoccupazione di sublimazione, rendendoli pi\u00f9 sublimi che mai.<\/p>\n<p style=\"font-weight: 400;\">La scrittura di una forma spettacolare, a met\u00e0 strada tra la performance e il monologo in situ, \u00e8 radicata nel desiderio di creare un altro doppio di Sophie Calle attraverso la finzione.<\/p>\n<p style=\"font-weight: 400;\">Moltiplicare le esposizioni e i pericoli di questa nuova figura fittizia, sulla base di ci\u00f2 che l&#8217;artista ci offre di vedere della sua intimit\u00e0 attraverso le sue opere.<br \/>\nIl desiderio di farne una forma vivente per il pubblico fa parte del mio bisogno di condividere con e per lo spettatore la nevrosi tragica e ridicola che colpisce ognuno di noi&#8221;.<\/p>\n<p>&nbsp;<\/p>\n<p style=\"font-weight: 400;\">Dopo un corso di preparazione letteraria, <strong>Cl\u00e9mentine Lorain<\/strong> \u00e8 entrata nel 2018 al Conservatorio di Lione in arte drammatica. Allo stesso tempo, si sta formando nella danza contemporanea presso il centro artistico RAMDAM.<\/p>\n<p style=\"font-weight: 400;\">Si diploma nel 2021, recita in Super Bastringue di Yasmine Berthoin e L&#8217;Invit\u00e9 di Dan Lecuillier. \u00c8 anche burattinaia in Le Bull Machin di Cie Royal de Luxe.<\/p>\n<p style=\"font-weight: 400;\">Nel febbraio 2022 \u00e8 co-regista del suo primo spettacolo con Yasmine Berthoin: L&#8217;Internationale Confusionniste, un progetto multidisciplinare che prevede diverse performance teatrali site-specific, prima di iniziare a lavorare a Hiver di Jon Fosse nel novembre 2022.<\/p>\n<p style=\"font-weight: 400;\">Nel 2023 entra a far parte del programma Cr\u00e9ation en cours presso gli Ateliers M\u00e9dicis di Jonzieux (Loira) e si occupa del modulo &#8220;voce&#8221; per la seconda edizione di Parlement a Villeurbanne (Cie Komplex Kapharna\u00fcm).&nbsp; Nello stesso anno, insieme a Elsa Repellin, fonda la Cie Cr\u00e8ve-Coeur e inizia a lavorare a un nuovo progetto: Le Repas d&#8217;anniversaire.<\/p>\n<p style=\"font-weight: 400;\">Cl\u00e9mentine \u00e8 in Corte Ospitale all\u2019interno del Nouveau Grand Tour, ideato e concepito dall\u2019Istituto di Francia in Italia (IFI) \/ Ambasciata di Francia in Italia, un progetto di residenze artistiche rivolto a giovani talenti europei sotto i trent\u2019anni (<a href=\"https:\/\/www.institutfrancais.it\/italia\/nouveau-grand-tour-scopri-le-residenze-e-i-giovani-talenti-europei\">https:\/\/www.institutfrancais.it\/italia\/nouveau-grand-tour-scopri-le-residenze-e-i-giovani-talenti-europei<\/a>).<\/p>\n<\/div>\n<\/div>\n","protected":false},"excerpt":{"rendered":"<p>Il pasto di compleanno &nbsp; &nbsp; &nbsp; uno spettacolo di Cl\u00e9mentine Lorain Progetto inserito all\u2019interno del Nouveau Grand Tour, ideato e concepito dall\u2019Istituto di Francia in Italia (IFI) \/ Ambasciata di Francia in Italia &nbsp; &#8220;L&#8217;ispirazione per questo progetto \u00e8 &hellip;<\/p>\n","protected":false},"author":2,"featured_media":8520,"comment_status":"closed","ping_status":"closed","sticky":false,"template":"","format":"standard","meta":{"_acf_changed":false,"ngg_post_thumbnail":0,"footnotes":"","_links_to":"","_links_to_target":""},"categories":[301],"tags":[],"class_list":["post-8519","post","type-post","status-publish","format-standard","has-post-thumbnail","hentry","category-residenze-artistiche-2023"],"acf":[],"yoast_head":"<!-- This site is optimized with the Yoast SEO plugin v24.7 - https:\/\/yoast.com\/wordpress\/plugins\/seo\/ -->\n<title>Il pasto di compleanno - LA CORTE OSPITALE<\/title>\n<meta name=\"description\" content=\"Cl\u00e9mentine Lorain in residenza aristica in Corte Ospitale per lavorare allo spettacolo Il pasto di compleanno.\" \/>\n<meta name=\"robots\" content=\"index, follow, max-snippet:-1, max-image-preview:large, max-video-preview:-1\" \/>\n<link rel=\"canonical\" href=\"https:\/\/corteospitale.org\/site\/il-pasto-di-compleanno\/\" \/>\n<meta property=\"og:locale\" content=\"it_IT\" \/>\n<meta property=\"og:type\" content=\"article\" \/>\n<meta property=\"og:title\" content=\"Il pasto di compleanno - LA CORTE OSPITALE\" \/>\n<meta property=\"og:description\" content=\"Cl\u00e9mentine Lorain in residenza aristica in Corte Ospitale per lavorare allo spettacolo Il pasto di compleanno.\" \/>\n<meta property=\"og:url\" content=\"https:\/\/corteospitale.org\/site\/il-pasto-di-compleanno\/\" \/>\n<meta property=\"og:site_name\" content=\"LA CORTE OSPITALE\" \/>\n<meta property=\"article:publisher\" content=\"https:\/\/www.facebook.com\/corteospitale\" \/>\n<meta property=\"article:published_time\" content=\"2023-10-18T17:29:33+00:00\" \/>\n<meta property=\"article:modified_time\" content=\"2023-10-26T16:25:18+00:00\" \/>\n<meta property=\"og:image\" content=\"https:\/\/corteospitale.org\/site\/wp-content\/uploads\/2023\/10\/IMG_0359-scaled-e1697650139348.jpg\" \/>\n\t<meta property=\"og:image:width\" content=\"2240\" \/>\n\t<meta property=\"og:image:height\" content=\"2240\" \/>\n\t<meta property=\"og:image:type\" content=\"image\/jpeg\" \/>\n<meta name=\"author\" content=\"Manuela\" \/>\n<meta name=\"twitter:card\" content=\"summary_large_image\" \/>\n<meta name=\"twitter:label1\" content=\"Scritto da\" \/>\n\t<meta name=\"twitter:data1\" content=\"Manuela\" \/>\n\t<meta name=\"twitter:label2\" content=\"Tempo di lettura stimato\" \/>\n\t<meta name=\"twitter:data2\" content=\"3 minuti\" \/>\n<script type=\"application\/ld+json\" class=\"yoast-schema-graph\">{\"@context\":\"https:\/\/schema.org\",\"@graph\":[{\"@type\":\"Article\",\"@id\":\"https:\/\/corteospitale.org\/site\/il-pasto-di-compleanno\/#article\",\"isPartOf\":{\"@id\":\"https:\/\/corteospitale.org\/site\/il-pasto-di-compleanno\/\"},\"author\":{\"name\":\"Manuela\",\"@id\":\"https:\/\/corteospitale.org\/site\/#\/schema\/person\/2e6c7771de31d29fa1f09440dc741ce0\"},\"headline\":\"Il pasto di compleanno\",\"datePublished\":\"2023-10-18T17:29:33+00:00\",\"dateModified\":\"2023-10-26T16:25:18+00:00\",\"mainEntityOfPage\":{\"@id\":\"https:\/\/corteospitale.org\/site\/il-pasto-di-compleanno\/\"},\"wordCount\":633,\"publisher\":{\"@id\":\"https:\/\/corteospitale.org\/site\/#organization\"},\"image\":{\"@id\":\"https:\/\/corteospitale.org\/site\/il-pasto-di-compleanno\/#primaryimage\"},\"thumbnailUrl\":\"https:\/\/corteospitale.org\/site\/wp-content\/uploads\/2023\/10\/IMG_0359-scaled-e1697650139348.jpg\",\"articleSection\":[\"Residenze 2023\"],\"inLanguage\":\"it-IT\"},{\"@type\":\"WebPage\",\"@id\":\"https:\/\/corteospitale.org\/site\/il-pasto-di-compleanno\/\",\"url\":\"https:\/\/corteospitale.org\/site\/il-pasto-di-compleanno\/\",\"name\":\"Il pasto di compleanno - LA CORTE OSPITALE\",\"isPartOf\":{\"@id\":\"https:\/\/corteospitale.org\/site\/#website\"},\"primaryImageOfPage\":{\"@id\":\"https:\/\/corteospitale.org\/site\/il-pasto-di-compleanno\/#primaryimage\"},\"image\":{\"@id\":\"https:\/\/corteospitale.org\/site\/il-pasto-di-compleanno\/#primaryimage\"},\"thumbnailUrl\":\"https:\/\/corteospitale.org\/site\/wp-content\/uploads\/2023\/10\/IMG_0359-scaled-e1697650139348.jpg\",\"datePublished\":\"2023-10-18T17:29:33+00:00\",\"dateModified\":\"2023-10-26T16:25:18+00:00\",\"description\":\"Cl\u00e9mentine Lorain in residenza aristica in Corte Ospitale per lavorare allo spettacolo Il pasto di compleanno.\",\"breadcrumb\":{\"@id\":\"https:\/\/corteospitale.org\/site\/il-pasto-di-compleanno\/#breadcrumb\"},\"inLanguage\":\"it-IT\",\"potentialAction\":[{\"@type\":\"ReadAction\",\"target\":[\"https:\/\/corteospitale.org\/site\/il-pasto-di-compleanno\/\"]}]},{\"@type\":\"ImageObject\",\"inLanguage\":\"it-IT\",\"@id\":\"https:\/\/corteospitale.org\/site\/il-pasto-di-compleanno\/#primaryimage\",\"url\":\"https:\/\/corteospitale.org\/site\/wp-content\/uploads\/2023\/10\/IMG_0359-scaled-e1697650139348.jpg\",\"contentUrl\":\"https:\/\/corteospitale.org\/site\/wp-content\/uploads\/2023\/10\/IMG_0359-scaled-e1697650139348.jpg\",\"width\":2240,\"height\":2240},{\"@type\":\"BreadcrumbList\",\"@id\":\"https:\/\/corteospitale.org\/site\/il-pasto-di-compleanno\/#breadcrumb\",\"itemListElement\":[{\"@type\":\"ListItem\",\"position\":1,\"name\":\"Home\",\"item\":\"https:\/\/corteospitale.org\/site\/\"},{\"@type\":\"ListItem\",\"position\":2,\"name\":\"Il pasto di compleanno\"}]},{\"@type\":\"WebSite\",\"@id\":\"https:\/\/corteospitale.org\/site\/#website\",\"url\":\"https:\/\/corteospitale.org\/site\/\",\"name\":\"LA CORTE OSPITALE\",\"description\":\"\",\"publisher\":{\"@id\":\"https:\/\/corteospitale.org\/site\/#organization\"},\"potentialAction\":[{\"@type\":\"SearchAction\",\"target\":{\"@type\":\"EntryPoint\",\"urlTemplate\":\"https:\/\/corteospitale.org\/site\/?s={search_term_string}\"},\"query-input\":{\"@type\":\"PropertyValueSpecification\",\"valueRequired\":true,\"valueName\":\"search_term_string\"}}],\"inLanguage\":\"it-IT\"},{\"@type\":\"Organization\",\"@id\":\"https:\/\/corteospitale.org\/site\/#organization\",\"name\":\"Corte Ospitale\",\"url\":\"https:\/\/corteospitale.org\/site\/\",\"logo\":{\"@type\":\"ImageObject\",\"inLanguage\":\"it-IT\",\"@id\":\"https:\/\/corteospitale.org\/site\/#\/schema\/logo\/image\/\",\"url\":\"\",\"contentUrl\":\"\",\"caption\":\"Corte Ospitale\"},\"image\":{\"@id\":\"https:\/\/corteospitale.org\/site\/#\/schema\/logo\/image\/\"},\"sameAs\":[\"https:\/\/www.facebook.com\/corteospitale\",\"https:\/\/www.instagram.com\/corteospitale\/\",\"https:\/\/www.youtube.com\/user\/LaCorteOspitale1\"]},{\"@type\":\"Person\",\"@id\":\"https:\/\/corteospitale.org\/site\/#\/schema\/person\/2e6c7771de31d29fa1f09440dc741ce0\",\"name\":\"Manuela\",\"image\":{\"@type\":\"ImageObject\",\"inLanguage\":\"it-IT\",\"@id\":\"https:\/\/corteospitale.org\/site\/#\/schema\/person\/image\/\",\"url\":\"https:\/\/secure.gravatar.com\/avatar\/ac6dcb2697d112cdbed0c3c486cf1a2150a160d7ea8f53aee6865d6c70612228?s=96&r=g\",\"contentUrl\":\"https:\/\/secure.gravatar.com\/avatar\/ac6dcb2697d112cdbed0c3c486cf1a2150a160d7ea8f53aee6865d6c70612228?s=96&r=g\",\"caption\":\"Manuela\"}}]}<\/script>\n<!-- \/ Yoast SEO plugin. -->","yoast_head_json":{"title":"Il pasto di compleanno - LA CORTE OSPITALE","description":"Cl\u00e9mentine Lorain in residenza aristica in Corte Ospitale per lavorare allo spettacolo Il pasto di compleanno.","robots":{"index":"index","follow":"follow","max-snippet":"max-snippet:-1","max-image-preview":"max-image-preview:large","max-video-preview":"max-video-preview:-1"},"canonical":"https:\/\/corteospitale.org\/site\/il-pasto-di-compleanno\/","og_locale":"it_IT","og_type":"article","og_title":"Il pasto di compleanno - LA CORTE OSPITALE","og_description":"Cl\u00e9mentine Lorain in residenza aristica in Corte Ospitale per lavorare allo spettacolo Il pasto di compleanno.","og_url":"https:\/\/corteospitale.org\/site\/il-pasto-di-compleanno\/","og_site_name":"LA CORTE OSPITALE","article_publisher":"https:\/\/www.facebook.com\/corteospitale","article_published_time":"2023-10-18T17:29:33+00:00","article_modified_time":"2023-10-26T16:25:18+00:00","og_image":[{"width":2240,"height":2240,"url":"https:\/\/corteospitale.org\/site\/wp-content\/uploads\/2023\/10\/IMG_0359-scaled-e1697650139348.jpg","type":"image\/jpeg"}],"author":"Manuela","twitter_card":"summary_large_image","twitter_misc":{"Scritto da":"Manuela","Tempo di lettura stimato":"3 minuti"},"schema":{"@context":"https:\/\/schema.org","@graph":[{"@type":"Article","@id":"https:\/\/corteospitale.org\/site\/il-pasto-di-compleanno\/#article","isPartOf":{"@id":"https:\/\/corteospitale.org\/site\/il-pasto-di-compleanno\/"},"author":{"name":"Manuela","@id":"https:\/\/corteospitale.org\/site\/#\/schema\/person\/2e6c7771de31d29fa1f09440dc741ce0"},"headline":"Il pasto di compleanno","datePublished":"2023-10-18T17:29:33+00:00","dateModified":"2023-10-26T16:25:18+00:00","mainEntityOfPage":{"@id":"https:\/\/corteospitale.org\/site\/il-pasto-di-compleanno\/"},"wordCount":633,"publisher":{"@id":"https:\/\/corteospitale.org\/site\/#organization"},"image":{"@id":"https:\/\/corteospitale.org\/site\/il-pasto-di-compleanno\/#primaryimage"},"thumbnailUrl":"https:\/\/corteospitale.org\/site\/wp-content\/uploads\/2023\/10\/IMG_0359-scaled-e1697650139348.jpg","articleSection":["Residenze 2023"],"inLanguage":"it-IT"},{"@type":"WebPage","@id":"https:\/\/corteospitale.org\/site\/il-pasto-di-compleanno\/","url":"https:\/\/corteospitale.org\/site\/il-pasto-di-compleanno\/","name":"Il pasto di compleanno - LA CORTE OSPITALE","isPartOf":{"@id":"https:\/\/corteospitale.org\/site\/#website"},"primaryImageOfPage":{"@id":"https:\/\/corteospitale.org\/site\/il-pasto-di-compleanno\/#primaryimage"},"image":{"@id":"https:\/\/corteospitale.org\/site\/il-pasto-di-compleanno\/#primaryimage"},"thumbnailUrl":"https:\/\/corteospitale.org\/site\/wp-content\/uploads\/2023\/10\/IMG_0359-scaled-e1697650139348.jpg","datePublished":"2023-10-18T17:29:33+00:00","dateModified":"2023-10-26T16:25:18+00:00","description":"Cl\u00e9mentine Lorain in residenza aristica in Corte Ospitale per lavorare allo spettacolo Il pasto di compleanno.","breadcrumb":{"@id":"https:\/\/corteospitale.org\/site\/il-pasto-di-compleanno\/#breadcrumb"},"inLanguage":"it-IT","potentialAction":[{"@type":"ReadAction","target":["https:\/\/corteospitale.org\/site\/il-pasto-di-compleanno\/"]}]},{"@type":"ImageObject","inLanguage":"it-IT","@id":"https:\/\/corteospitale.org\/site\/il-pasto-di-compleanno\/#primaryimage","url":"https:\/\/corteospitale.org\/site\/wp-content\/uploads\/2023\/10\/IMG_0359-scaled-e1697650139348.jpg","contentUrl":"https:\/\/corteospitale.org\/site\/wp-content\/uploads\/2023\/10\/IMG_0359-scaled-e1697650139348.jpg","width":2240,"height":2240},{"@type":"BreadcrumbList","@id":"https:\/\/corteospitale.org\/site\/il-pasto-di-compleanno\/#breadcrumb","itemListElement":[{"@type":"ListItem","position":1,"name":"Home","item":"https:\/\/corteospitale.org\/site\/"},{"@type":"ListItem","position":2,"name":"Il pasto di compleanno"}]},{"@type":"WebSite","@id":"https:\/\/corteospitale.org\/site\/#website","url":"https:\/\/corteospitale.org\/site\/","name":"LA CORTE OSPITALE","description":"","publisher":{"@id":"https:\/\/corteospitale.org\/site\/#organization"},"potentialAction":[{"@type":"SearchAction","target":{"@type":"EntryPoint","urlTemplate":"https:\/\/corteospitale.org\/site\/?s={search_term_string}"},"query-input":{"@type":"PropertyValueSpecification","valueRequired":true,"valueName":"search_term_string"}}],"inLanguage":"it-IT"},{"@type":"Organization","@id":"https:\/\/corteospitale.org\/site\/#organization","name":"Corte Ospitale","url":"https:\/\/corteospitale.org\/site\/","logo":{"@type":"ImageObject","inLanguage":"it-IT","@id":"https:\/\/corteospitale.org\/site\/#\/schema\/logo\/image\/","url":"","contentUrl":"","caption":"Corte Ospitale"},"image":{"@id":"https:\/\/corteospitale.org\/site\/#\/schema\/logo\/image\/"},"sameAs":["https:\/\/www.facebook.com\/corteospitale","https:\/\/www.instagram.com\/corteospitale\/","https:\/\/www.youtube.com\/user\/LaCorteOspitale1"]},{"@type":"Person","@id":"https:\/\/corteospitale.org\/site\/#\/schema\/person\/2e6c7771de31d29fa1f09440dc741ce0","name":"Manuela","image":{"@type":"ImageObject","inLanguage":"it-IT","@id":"https:\/\/corteospitale.org\/site\/#\/schema\/person\/image\/","url":"https:\/\/secure.gravatar.com\/avatar\/ac6dcb2697d112cdbed0c3c486cf1a2150a160d7ea8f53aee6865d6c70612228?s=96&r=g","contentUrl":"https:\/\/secure.gravatar.com\/avatar\/ac6dcb2697d112cdbed0c3c486cf1a2150a160d7ea8f53aee6865d6c70612228?s=96&r=g","caption":"Manuela"}}]}},"_links":{"self":[{"href":"https:\/\/corteospitale.org\/site\/wp-json\/wp\/v2\/posts\/8519","targetHints":{"allow":["GET"]}}],"collection":[{"href":"https:\/\/corteospitale.org\/site\/wp-json\/wp\/v2\/posts"}],"about":[{"href":"https:\/\/corteospitale.org\/site\/wp-json\/wp\/v2\/types\/post"}],"author":[{"embeddable":true,"href":"https:\/\/corteospitale.org\/site\/wp-json\/wp\/v2\/users\/2"}],"replies":[{"embeddable":true,"href":"https:\/\/corteospitale.org\/site\/wp-json\/wp\/v2\/comments?post=8519"}],"version-history":[{"count":5,"href":"https:\/\/corteospitale.org\/site\/wp-json\/wp\/v2\/posts\/8519\/revisions"}],"predecessor-version":[{"id":8534,"href":"https:\/\/corteospitale.org\/site\/wp-json\/wp\/v2\/posts\/8519\/revisions\/8534"}],"wp:featuredmedia":[{"embeddable":true,"href":"https:\/\/corteospitale.org\/site\/wp-json\/wp\/v2\/media\/8520"}],"wp:attachment":[{"href":"https:\/\/corteospitale.org\/site\/wp-json\/wp\/v2\/media?parent=8519"}],"wp:term":[{"taxonomy":"category","embeddable":true,"href":"https:\/\/corteospitale.org\/site\/wp-json\/wp\/v2\/categories?post=8519"},{"taxonomy":"post_tag","embeddable":true,"href":"https:\/\/corteospitale.org\/site\/wp-json\/wp\/v2\/tags?post=8519"}],"curies":[{"name":"wp","href":"https:\/\/api.w.org\/{rel}","templated":true}]}}