{"id":8641,"date":"2023-11-19T14:06:12","date_gmt":"2023-11-19T11:53:34","guid":{"rendered":"https:\/\/corteospitale.org\/site\/?p=8641"},"modified":"2024-03-24T19:42:25","modified_gmt":"2024-03-24T17:42:25","slug":"anna-ghiaccio","status":"publish","type":"post","link":"https:\/\/corteospitale.org\/site\/anna-ghiaccio\/","title":{"rendered":"ANNA GHIACCIO"},"content":{"rendered":"<h1>Anna Ghiaccio<\/h1>\n<h1>&nbsp;<\/h1>\n<p>&nbsp;<\/p>\n<p><span style=\"font-weight: 400;\">sognando liberamente <\/span><i><span style=\"font-weight: 400;\">La regina delle nevi <\/span><\/i><span style=\"font-weight: 400;\">di H. C. Andersen<br \/>\n<\/span><\/p>\n<p>uno spettacolo di <strong>Drama Teatro<\/strong><\/p>\n<p><span style=\"font-weight: 400;\">con <strong>Isadora Angelini<\/strong><br \/>\n<\/span><span style=\"font-weight: 400;\">drammaturgia e regia <strong>Rita Frongia<\/strong><\/span><\/p>\n<p>&nbsp;<\/p>\n<p><b>Anna Ghiaccio <\/b><span style=\"font-weight: 400;\">\u00e8 come una regina su quelle nevi, ne conosce ogni crepa, ogni traccia di slitta, Anna sente le note basse del ghiaccio che si divide e quando c\u2019\u00e8 il vento che porta via, scalda una moneta e la mette sulla finestra gelata del suo castello di ghiaccio: apre uno spiraglio per guardare il mondo.&nbsp;<\/span><\/p>\n<p><b>Anna <\/b><span style=\"font-weight: 400;\">abita quelle nevi in soddisfatta solitudine fino all\u2019arrivo di <\/span><b>Kay<\/b><span style=\"font-weight: 400;\">, un bambino dagli occhi fissi come chiare stelle. Un nuovo fiato entra nella sua vita, nel suo castello di ghiaccio, un bacio gelido suggella questa nuova intimit\u00e0 e cos\u00ec <\/span><b>Anna Ghiaccio <\/b><span style=\"font-weight: 400;\">comincia a pensare all\u2019eternit\u00e0. <\/span><b><i>Scalare la cima pi\u00f9 alta del mondo con Kay<\/i><\/b><span style=\"font-weight: 400;\">, questo \u00e8 il sogno di gloria che Anna ha in mente per il suo bambino di 8 anni : <\/span><i><span style=\"font-weight: 400;\">sulla vetta pi\u00f9 alta della terra il mio Kay vedrebbe come un dio, avrebbe il mondo ai suoi piedi e un destino di gloria certa. P<\/span><\/i><span style=\"font-weight: 400;\">erch\u00e9 lui <\/span><i><span style=\"font-weight: 400;\">non \u00e8 come gli altri, \u00e8 speciale e io voglio vederlo in cima, prima di morire. E una volta in cima, gli regaler\u00f2 dei pattini nuovi.<\/span><\/i><\/p>\n<p><span style=\"font-weight: 400;\">Ma le cose vanno come vanno e non come desideriamo e il destino ha in mente un\u2019altra musica per <\/span><b>Anna <\/b><span style=\"font-weight: 400;\">e <\/span><b>Kay. Kay <\/b><span style=\"font-weight: 400;\">ha tanto freddo a pochi passi dalla vetta del Kukur\u00e0ke , ma non riesce a dirlo mentre <\/span><b>Anna <\/b><span style=\"font-weight: 400;\">lo incanta con fredda intelligenza. Che cosa \u00e8 realmente accaduto sulla vetta pi\u00f9 alta del mondo? Come fa il fiato sotto zero<\/span><i><span style=\"font-weight: 400;\">, <\/span><\/i><b>Anna Ghiaccio <\/b><span style=\"font-weight: 400;\">crea nebbia quando racconta che quel giorno sulla vetta splendeva il sole e che <\/span><i><span style=\"font-weight: 400;\">\u00e8 colpa del diavolo, \u00e8 stata chiaramente la mano del diavolo. Lo sento ancora ridere e ballare. Lui. Non io. \u00c8 lui il cattivo. <\/span><\/i><span style=\"font-weight: 400;\">\u00c8 difficile giudicare i fatti che occorsero a madre e figlio sul Monte Kukur\u00e0ke, non ci sono testimoni, solo la voce di Anna Ghiaccio. Che cosa ha ostacolato il suo progetto di gloria? Chi ha impedito che si avverasse il grande sogno di una madre? Il diavolo si \u00e8 davvero messo in mezzo? Anna dice il vero? Cos\u2019\u00e8 realmente accaduto quel giorno sul Kukur\u00e0ke? Cos\u2019\u00e8 accaduto alla nostra capacit\u00e0 di essere umani? Alla fine della storia ne sapremo pi\u00f9 di quanto ne sappiamo adesso perch\u00e9 qui si parla di <\/span><b>Anna Ghiaccio <\/b><span style=\"font-weight: 400;\">e del suo destino, della glaciazione dei cuori, dell\u2019uso doloroso di un\u2019intelligenza ghiacciata che non distingue una fitta al cuore da un pulviscolo nell\u2019occhio.<\/span><\/p>\n<p>&nbsp;<\/p>\n<p><strong>DENTRO LA RESIDENZA<\/strong><\/p>\n<p><em>Data e ora In corso di definizione<br \/>\n<\/em>Incontri con spettatori e spettatrici durante la residenza.<\/p>\n<p>&nbsp;<\/p>\n<h1><a href=\"https:\/\/corteospitale.org\/site\/wp-content\/uploads\/2024\/01\/CENTRO_RES_EMILIA_ORIZZONTALE_BIANCO-scaled.jpg\"><img loading=\"lazy\" decoding=\"async\" class=\"alignnone wp-image-9113\" src=\"https:\/\/corteospitale.org\/site\/wp-content\/uploads\/2024\/01\/CENTRO_RES_EMILIA_ORIZZONTALE_BIANCO-300x237.jpg\" alt=\"\" width=\"194\" height=\"155\"><\/a><\/h1>\n","protected":false},"excerpt":{"rendered":"<p>Anna Ghiaccio &nbsp; &nbsp; sognando liberamente La regina delle nevi di H. C. Andersen uno spettacolo di Drama Teatro con Isadora Angelini drammaturgia e regia Rita Frongia &nbsp; Anna Ghiaccio \u00e8 come una regina su quelle nevi, ne conosce ogni &hellip;<\/p>\n","protected":false},"author":2,"featured_media":8990,"comment_status":"closed","ping_status":"closed","sticky":false,"template":"","format":"standard","meta":{"_acf_changed":false,"ngg_post_thumbnail":0,"footnotes":"","_links_to":"","_links_to_target":""},"categories":[309],"tags":[],"class_list":["post-8641","post","type-post","status-publish","format-standard","has-post-thumbnail","hentry","category-residenze-artistiche-2024"],"acf":[],"yoast_head":"<!-- This site is optimized with the Yoast SEO plugin v24.7 - https:\/\/yoast.com\/wordpress\/plugins\/seo\/ -->\n<title>ANNA GHIACCIO - LA CORTE OSPITALE<\/title>\n<meta name=\"description\" content=\"La compagnia Drama Teatro in residenza aristica in Corte Ospitale per lavorare ad Anna Ghiaccio, drammaturgia e regia Rita Frongia.\" \/>\n<meta name=\"robots\" content=\"index, follow, max-snippet:-1, max-image-preview:large, max-video-preview:-1\" \/>\n<link rel=\"canonical\" href=\"https:\/\/corteospitale.org\/site\/anna-ghiaccio\/\" \/>\n<meta property=\"og:locale\" content=\"it_IT\" \/>\n<meta property=\"og:type\" content=\"article\" \/>\n<meta property=\"og:title\" content=\"ANNA GHIACCIO - LA CORTE OSPITALE\" \/>\n<meta property=\"og:description\" content=\"La compagnia Drama Teatro in residenza aristica in Corte Ospitale per lavorare ad Anna Ghiaccio, drammaturgia e regia Rita Frongia.\" \/>\n<meta property=\"og:url\" content=\"https:\/\/corteospitale.org\/site\/anna-ghiaccio\/\" \/>\n<meta property=\"og:site_name\" content=\"LA CORTE OSPITALE\" \/>\n<meta property=\"article:publisher\" content=\"https:\/\/www.facebook.com\/corteospitale\" \/>\n<meta property=\"article:published_time\" content=\"2023-11-19T11:53:34+00:00\" \/>\n<meta property=\"article:modified_time\" content=\"2024-03-24T17:42:25+00:00\" \/>\n<meta property=\"og:image\" content=\"https:\/\/corteospitale.org\/site\/wp-content\/uploads\/2023\/11\/TEA_1562-e1705487571801.jpg\" \/>\n\t<meta property=\"og:image:width\" content=\"1272\" \/>\n\t<meta property=\"og:image:height\" content=\"1272\" \/>\n\t<meta property=\"og:image:type\" content=\"image\/jpeg\" \/>\n<meta name=\"author\" content=\"Manuela\" \/>\n<meta name=\"twitter:card\" content=\"summary_large_image\" \/>\n<meta name=\"twitter:label1\" content=\"Scritto da\" \/>\n\t<meta name=\"twitter:data1\" content=\"Manuela\" \/>\n\t<meta name=\"twitter:label2\" content=\"Tempo di lettura stimato\" \/>\n\t<meta name=\"twitter:data2\" content=\"3 minuti\" \/>\n<script type=\"application\/ld+json\" class=\"yoast-schema-graph\">{\"@context\":\"https:\/\/schema.org\",\"@graph\":[{\"@type\":\"Article\",\"@id\":\"https:\/\/corteospitale.org\/site\/anna-ghiaccio\/#article\",\"isPartOf\":{\"@id\":\"https:\/\/corteospitale.org\/site\/anna-ghiaccio\/\"},\"author\":{\"name\":\"Manuela\",\"@id\":\"https:\/\/corteospitale.org\/site\/#\/schema\/person\/2e6c7771de31d29fa1f09440dc741ce0\"},\"headline\":\"ANNA GHIACCIO\",\"datePublished\":\"2023-11-19T11:53:34+00:00\",\"dateModified\":\"2024-03-24T17:42:25+00:00\",\"mainEntityOfPage\":{\"@id\":\"https:\/\/corteospitale.org\/site\/anna-ghiaccio\/\"},\"wordCount\":449,\"publisher\":{\"@id\":\"https:\/\/corteospitale.org\/site\/#organization\"},\"image\":{\"@id\":\"https:\/\/corteospitale.org\/site\/anna-ghiaccio\/#primaryimage\"},\"thumbnailUrl\":\"https:\/\/corteospitale.org\/site\/wp-content\/uploads\/2023\/11\/TEA_1562-e1705487571801.jpg\",\"articleSection\":[\"Residenze 2024\"],\"inLanguage\":\"it-IT\"},{\"@type\":\"WebPage\",\"@id\":\"https:\/\/corteospitale.org\/site\/anna-ghiaccio\/\",\"url\":\"https:\/\/corteospitale.org\/site\/anna-ghiaccio\/\",\"name\":\"ANNA GHIACCIO - LA CORTE OSPITALE\",\"isPartOf\":{\"@id\":\"https:\/\/corteospitale.org\/site\/#website\"},\"primaryImageOfPage\":{\"@id\":\"https:\/\/corteospitale.org\/site\/anna-ghiaccio\/#primaryimage\"},\"image\":{\"@id\":\"https:\/\/corteospitale.org\/site\/anna-ghiaccio\/#primaryimage\"},\"thumbnailUrl\":\"https:\/\/corteospitale.org\/site\/wp-content\/uploads\/2023\/11\/TEA_1562-e1705487571801.jpg\",\"datePublished\":\"2023-11-19T11:53:34+00:00\",\"dateModified\":\"2024-03-24T17:42:25+00:00\",\"description\":\"La compagnia Drama Teatro in residenza aristica in Corte Ospitale per lavorare ad Anna Ghiaccio, drammaturgia e regia Rita Frongia.\",\"breadcrumb\":{\"@id\":\"https:\/\/corteospitale.org\/site\/anna-ghiaccio\/#breadcrumb\"},\"inLanguage\":\"it-IT\",\"potentialAction\":[{\"@type\":\"ReadAction\",\"target\":[\"https:\/\/corteospitale.org\/site\/anna-ghiaccio\/\"]}]},{\"@type\":\"ImageObject\",\"inLanguage\":\"it-IT\",\"@id\":\"https:\/\/corteospitale.org\/site\/anna-ghiaccio\/#primaryimage\",\"url\":\"https:\/\/corteospitale.org\/site\/wp-content\/uploads\/2023\/11\/TEA_1562-e1705487571801.jpg\",\"contentUrl\":\"https:\/\/corteospitale.org\/site\/wp-content\/uploads\/2023\/11\/TEA_1562-e1705487571801.jpg\",\"width\":1272,\"height\":1272,\"caption\":\"\u201cWhite dream\/ Arsenij Tarkovsky\u2019s poem\u201d Project Elisabetta Zavoli and Stefania Prandi Art director Elisabetta Zavoli Photo by Elisabetta Zavoli @elizavola Words by Stefania Prandi @stefania.prandi Setting by Elisabetta Zavoli, Stefania Prandi, Luca Serrani Styling and Make up by Elisabetta Zavoli and Isadora Angelini Location ex-Corderia Santarcangelo (RN), Italy Assistant Luca Serrani @luca_serrani The long periods of interruption from the scenes were very challenging for the theatre actresses and actors, especially for the independent ones. In addition to the economic penalty, there was also the difficulty of maintaining inspiration. They tried to survive as they could. \\\"Immediately I began the practice of memorizing texts by heart, poems. It is something I have always done in times of difficulty, even in the past, and sometimes I recorded it. The first poem I memorized was a poem that I had already memorized for a play, by Arsenij Aleksandrovic Tarkovsky, about a child who remembers when he got sick. He says: As a child, I fell ill with cold and fear. He remembers that from his hospital bed he saw a white nurse. When I think about this poem and about my feeling of those days I see the white colour. White comes to mind, like a glow, as if people also had this glow around them\\\", stated actress Isadora Angelini in her interview. Isadora Angelini is an award-winning independent actress dancer and director. She performs in international festivals such as Santarcangelo. She collaborates with national companies and directors and teaches theatre. In 2006 she founded the independent theatre company Patalo\u0300 together with Luca Serrani.\"},{\"@type\":\"BreadcrumbList\",\"@id\":\"https:\/\/corteospitale.org\/site\/anna-ghiaccio\/#breadcrumb\",\"itemListElement\":[{\"@type\":\"ListItem\",\"position\":1,\"name\":\"Home\",\"item\":\"https:\/\/corteospitale.org\/site\/\"},{\"@type\":\"ListItem\",\"position\":2,\"name\":\"ANNA GHIACCIO\"}]},{\"@type\":\"WebSite\",\"@id\":\"https:\/\/corteospitale.org\/site\/#website\",\"url\":\"https:\/\/corteospitale.org\/site\/\",\"name\":\"LA CORTE OSPITALE\",\"description\":\"\",\"publisher\":{\"@id\":\"https:\/\/corteospitale.org\/site\/#organization\"},\"potentialAction\":[{\"@type\":\"SearchAction\",\"target\":{\"@type\":\"EntryPoint\",\"urlTemplate\":\"https:\/\/corteospitale.org\/site\/?s={search_term_string}\"},\"query-input\":{\"@type\":\"PropertyValueSpecification\",\"valueRequired\":true,\"valueName\":\"search_term_string\"}}],\"inLanguage\":\"it-IT\"},{\"@type\":\"Organization\",\"@id\":\"https:\/\/corteospitale.org\/site\/#organization\",\"name\":\"Corte Ospitale\",\"url\":\"https:\/\/corteospitale.org\/site\/\",\"logo\":{\"@type\":\"ImageObject\",\"inLanguage\":\"it-IT\",\"@id\":\"https:\/\/corteospitale.org\/site\/#\/schema\/logo\/image\/\",\"url\":\"\",\"contentUrl\":\"\",\"caption\":\"Corte Ospitale\"},\"image\":{\"@id\":\"https:\/\/corteospitale.org\/site\/#\/schema\/logo\/image\/\"},\"sameAs\":[\"https:\/\/www.facebook.com\/corteospitale\",\"https:\/\/www.instagram.com\/corteospitale\/\",\"https:\/\/www.youtube.com\/user\/LaCorteOspitale1\"]},{\"@type\":\"Person\",\"@id\":\"https:\/\/corteospitale.org\/site\/#\/schema\/person\/2e6c7771de31d29fa1f09440dc741ce0\",\"name\":\"Manuela\",\"image\":{\"@type\":\"ImageObject\",\"inLanguage\":\"it-IT\",\"@id\":\"https:\/\/corteospitale.org\/site\/#\/schema\/person\/image\/\",\"url\":\"https:\/\/secure.gravatar.com\/avatar\/ac6dcb2697d112cdbed0c3c486cf1a2150a160d7ea8f53aee6865d6c70612228?s=96&r=g\",\"contentUrl\":\"https:\/\/secure.gravatar.com\/avatar\/ac6dcb2697d112cdbed0c3c486cf1a2150a160d7ea8f53aee6865d6c70612228?s=96&r=g\",\"caption\":\"Manuela\"}}]}<\/script>\n<!-- \/ Yoast SEO plugin. -->","yoast_head_json":{"title":"ANNA GHIACCIO - LA CORTE OSPITALE","description":"La compagnia Drama Teatro in residenza aristica in Corte Ospitale per lavorare ad Anna Ghiaccio, drammaturgia e regia Rita Frongia.","robots":{"index":"index","follow":"follow","max-snippet":"max-snippet:-1","max-image-preview":"max-image-preview:large","max-video-preview":"max-video-preview:-1"},"canonical":"https:\/\/corteospitale.org\/site\/anna-ghiaccio\/","og_locale":"it_IT","og_type":"article","og_title":"ANNA GHIACCIO - LA CORTE OSPITALE","og_description":"La compagnia Drama Teatro in residenza aristica in Corte Ospitale per lavorare ad Anna Ghiaccio, drammaturgia e regia Rita Frongia.","og_url":"https:\/\/corteospitale.org\/site\/anna-ghiaccio\/","og_site_name":"LA CORTE OSPITALE","article_publisher":"https:\/\/www.facebook.com\/corteospitale","article_published_time":"2023-11-19T11:53:34+00:00","article_modified_time":"2024-03-24T17:42:25+00:00","og_image":[{"width":1272,"height":1272,"url":"https:\/\/corteospitale.org\/site\/wp-content\/uploads\/2023\/11\/TEA_1562-e1705487571801.jpg","type":"image\/jpeg"}],"author":"Manuela","twitter_card":"summary_large_image","twitter_misc":{"Scritto da":"Manuela","Tempo di lettura stimato":"3 minuti"},"schema":{"@context":"https:\/\/schema.org","@graph":[{"@type":"Article","@id":"https:\/\/corteospitale.org\/site\/anna-ghiaccio\/#article","isPartOf":{"@id":"https:\/\/corteospitale.org\/site\/anna-ghiaccio\/"},"author":{"name":"Manuela","@id":"https:\/\/corteospitale.org\/site\/#\/schema\/person\/2e6c7771de31d29fa1f09440dc741ce0"},"headline":"ANNA GHIACCIO","datePublished":"2023-11-19T11:53:34+00:00","dateModified":"2024-03-24T17:42:25+00:00","mainEntityOfPage":{"@id":"https:\/\/corteospitale.org\/site\/anna-ghiaccio\/"},"wordCount":449,"publisher":{"@id":"https:\/\/corteospitale.org\/site\/#organization"},"image":{"@id":"https:\/\/corteospitale.org\/site\/anna-ghiaccio\/#primaryimage"},"thumbnailUrl":"https:\/\/corteospitale.org\/site\/wp-content\/uploads\/2023\/11\/TEA_1562-e1705487571801.jpg","articleSection":["Residenze 2024"],"inLanguage":"it-IT"},{"@type":"WebPage","@id":"https:\/\/corteospitale.org\/site\/anna-ghiaccio\/","url":"https:\/\/corteospitale.org\/site\/anna-ghiaccio\/","name":"ANNA GHIACCIO - LA CORTE OSPITALE","isPartOf":{"@id":"https:\/\/corteospitale.org\/site\/#website"},"primaryImageOfPage":{"@id":"https:\/\/corteospitale.org\/site\/anna-ghiaccio\/#primaryimage"},"image":{"@id":"https:\/\/corteospitale.org\/site\/anna-ghiaccio\/#primaryimage"},"thumbnailUrl":"https:\/\/corteospitale.org\/site\/wp-content\/uploads\/2023\/11\/TEA_1562-e1705487571801.jpg","datePublished":"2023-11-19T11:53:34+00:00","dateModified":"2024-03-24T17:42:25+00:00","description":"La compagnia Drama Teatro in residenza aristica in Corte Ospitale per lavorare ad Anna Ghiaccio, drammaturgia e regia Rita Frongia.","breadcrumb":{"@id":"https:\/\/corteospitale.org\/site\/anna-ghiaccio\/#breadcrumb"},"inLanguage":"it-IT","potentialAction":[{"@type":"ReadAction","target":["https:\/\/corteospitale.org\/site\/anna-ghiaccio\/"]}]},{"@type":"ImageObject","inLanguage":"it-IT","@id":"https:\/\/corteospitale.org\/site\/anna-ghiaccio\/#primaryimage","url":"https:\/\/corteospitale.org\/site\/wp-content\/uploads\/2023\/11\/TEA_1562-e1705487571801.jpg","contentUrl":"https:\/\/corteospitale.org\/site\/wp-content\/uploads\/2023\/11\/TEA_1562-e1705487571801.jpg","width":1272,"height":1272,"caption":"\u201cWhite dream\/ Arsenij Tarkovsky\u2019s poem\u201d Project Elisabetta Zavoli and Stefania Prandi Art director Elisabetta Zavoli Photo by Elisabetta Zavoli @elizavola Words by Stefania Prandi @stefania.prandi Setting by Elisabetta Zavoli, Stefania Prandi, Luca Serrani Styling and Make up by Elisabetta Zavoli and Isadora Angelini Location ex-Corderia Santarcangelo (RN), Italy Assistant Luca Serrani @luca_serrani The long periods of interruption from the scenes were very challenging for the theatre actresses and actors, especially for the independent ones. In addition to the economic penalty, there was also the difficulty of maintaining inspiration. They tried to survive as they could. \"Immediately I began the practice of memorizing texts by heart, poems. It is something I have always done in times of difficulty, even in the past, and sometimes I recorded it. The first poem I memorized was a poem that I had already memorized for a play, by Arsenij Aleksandrovic Tarkovsky, about a child who remembers when he got sick. He says: As a child, I fell ill with cold and fear. He remembers that from his hospital bed he saw a white nurse. When I think about this poem and about my feeling of those days I see the white colour. White comes to mind, like a glow, as if people also had this glow around them\", stated actress Isadora Angelini in her interview. Isadora Angelini is an award-winning independent actress dancer and director. She performs in international festivals such as Santarcangelo. She collaborates with national companies and directors and teaches theatre. In 2006 she founded the independent theatre company Patalo\u0300 together with Luca Serrani."},{"@type":"BreadcrumbList","@id":"https:\/\/corteospitale.org\/site\/anna-ghiaccio\/#breadcrumb","itemListElement":[{"@type":"ListItem","position":1,"name":"Home","item":"https:\/\/corteospitale.org\/site\/"},{"@type":"ListItem","position":2,"name":"ANNA GHIACCIO"}]},{"@type":"WebSite","@id":"https:\/\/corteospitale.org\/site\/#website","url":"https:\/\/corteospitale.org\/site\/","name":"LA CORTE OSPITALE","description":"","publisher":{"@id":"https:\/\/corteospitale.org\/site\/#organization"},"potentialAction":[{"@type":"SearchAction","target":{"@type":"EntryPoint","urlTemplate":"https:\/\/corteospitale.org\/site\/?s={search_term_string}"},"query-input":{"@type":"PropertyValueSpecification","valueRequired":true,"valueName":"search_term_string"}}],"inLanguage":"it-IT"},{"@type":"Organization","@id":"https:\/\/corteospitale.org\/site\/#organization","name":"Corte Ospitale","url":"https:\/\/corteospitale.org\/site\/","logo":{"@type":"ImageObject","inLanguage":"it-IT","@id":"https:\/\/corteospitale.org\/site\/#\/schema\/logo\/image\/","url":"","contentUrl":"","caption":"Corte Ospitale"},"image":{"@id":"https:\/\/corteospitale.org\/site\/#\/schema\/logo\/image\/"},"sameAs":["https:\/\/www.facebook.com\/corteospitale","https:\/\/www.instagram.com\/corteospitale\/","https:\/\/www.youtube.com\/user\/LaCorteOspitale1"]},{"@type":"Person","@id":"https:\/\/corteospitale.org\/site\/#\/schema\/person\/2e6c7771de31d29fa1f09440dc741ce0","name":"Manuela","image":{"@type":"ImageObject","inLanguage":"it-IT","@id":"https:\/\/corteospitale.org\/site\/#\/schema\/person\/image\/","url":"https:\/\/secure.gravatar.com\/avatar\/ac6dcb2697d112cdbed0c3c486cf1a2150a160d7ea8f53aee6865d6c70612228?s=96&r=g","contentUrl":"https:\/\/secure.gravatar.com\/avatar\/ac6dcb2697d112cdbed0c3c486cf1a2150a160d7ea8f53aee6865d6c70612228?s=96&r=g","caption":"Manuela"}}]}},"_links":{"self":[{"href":"https:\/\/corteospitale.org\/site\/wp-json\/wp\/v2\/posts\/8641","targetHints":{"allow":["GET"]}}],"collection":[{"href":"https:\/\/corteospitale.org\/site\/wp-json\/wp\/v2\/posts"}],"about":[{"href":"https:\/\/corteospitale.org\/site\/wp-json\/wp\/v2\/types\/post"}],"author":[{"embeddable":true,"href":"https:\/\/corteospitale.org\/site\/wp-json\/wp\/v2\/users\/2"}],"replies":[{"embeddable":true,"href":"https:\/\/corteospitale.org\/site\/wp-json\/wp\/v2\/comments?post=8641"}],"version-history":[{"count":7,"href":"https:\/\/corteospitale.org\/site\/wp-json\/wp\/v2\/posts\/8641\/revisions"}],"predecessor-version":[{"id":9141,"href":"https:\/\/corteospitale.org\/site\/wp-json\/wp\/v2\/posts\/8641\/revisions\/9141"}],"wp:featuredmedia":[{"embeddable":true,"href":"https:\/\/corteospitale.org\/site\/wp-json\/wp\/v2\/media\/8990"}],"wp:attachment":[{"href":"https:\/\/corteospitale.org\/site\/wp-json\/wp\/v2\/media?parent=8641"}],"wp:term":[{"taxonomy":"category","embeddable":true,"href":"https:\/\/corteospitale.org\/site\/wp-json\/wp\/v2\/categories?post=8641"},{"taxonomy":"post_tag","embeddable":true,"href":"https:\/\/corteospitale.org\/site\/wp-json\/wp\/v2\/tags?post=8641"}],"curies":[{"name":"wp","href":"https:\/\/api.w.org\/{rel}","templated":true}]}}