{"id":8643,"date":"2023-11-19T13:10:03","date_gmt":"2023-11-19T12:06:12","guid":{"rendered":"https:\/\/corteospitale.org\/site\/?p=8643"},"modified":"2024-11-27T17:33:19","modified_gmt":"2024-11-27T15:33:19","slug":"ars-moriendi-larte-di-vivere-bene","status":"publish","type":"post","link":"https:\/\/corteospitale.org\/site\/ars-moriendi-larte-di-vivere-bene\/","title":{"rendered":"ARS MORIENDI"},"content":{"rendered":"<h1>ARS MORIENDI<\/h1>\n<p>&nbsp;<\/p>\n<p><strong>L&#8217;arte di vivere<\/strong><\/p>\n<div class=\"page\" title=\"Page 1\">\n<div class=\"section\">\n<div class=\"layoutArea\">\n<div class=\"column\">\n<p><strong>MERLI&amp;SERENA &#8211; DOMESTICALCHIMIA<\/strong><\/p>\n<p>Ideazione di <strong>Francesca Merli<\/strong> e <strong>Laura Serena<\/strong><br \/>\ncon <strong>Laura Serena<\/strong><br \/>\nregia <strong>Francesca Merli<\/strong><br \/>\ndrammaturgia <strong>Francesca Garolla<\/strong><br \/>\ncon il sostegno di <strong>Corte Ospitale<\/strong><\/p>\n<\/div>\n<\/div>\n<\/div>\n<\/div>\n<div class=\"page\" title=\"Page 1\">\n<div class=\"section\">\n<div class=\"layoutArea\">\n<div class=\"column\">\n<p>&nbsp;<\/p>\n<p>Come si fa a \u201cvivere bene\u201d? Quali sono i giusti passi da fare per non perdere anni preziosi, possibilita\u0300 luminose, relazioni felici? Per lasciare un segno che non si fermi al nostro (estemporaneo) passaggio ma ci faccia accedere al tempo non finito del ricordo?<br \/>\nLa riflessione non e\u0300 di senso, ma di sostanza: chi non vorrebbe avere delle istruzioni per vivere? Un manualetto rilegato a cui fare affidamento, una garanzia di riuscita che ci permetta di passare a miglior vita senza aver sprecato, danneggiato, perduto nulla.<\/p>\n<p>La riflessione parte da qui, dalla nostra necessita\u0300 di vivere bene, per poter arrivare ad una morte felice: come se la morte fosse qualcosa che possiamo controllare, come se fosse qualcosa da addomesticare, come se fosse un traguardo da raggiungere dopo una gara. Ma in realta\u0300 si muore, per lo piu\u0300, impreparati, e si arriva alla morte altrettanto impreparati: alla nostra morte e a quella degli altri. E, allora, come si fa?<\/p>\n<p>In realta\u0300 non lo sappiamo, per questo, con Ars moriendi &#8211; L\u2019arte di vivere, ci rivolgiamo a dei professionisti: per analizzare, studiare, comprendere \u201cla vecchia signora\u201d, da tanti punti di vista diversi e, soprattutto, vitali.<br \/>\nLa morte e\u0300 una dotazione che abbiamo dalla nascita, esattamente come gli occhi azzurri o castani, come il colore della pelle o dei capelli: e\u0300 una parte di noi, viviamo e quindi moriremo, e allora perche\u0301 facciamo tanta fatica a parlarne? Per nominarla facciamo giri di parole (il trapasso, l\u2019andare via, lo scomparire, il passare a miglior vita&#8230;), eppure lei e\u0300 la nostra vicina di casa. In questo lavoro, proveremo a chiamarla per nome, a osservarla come se fosse un qualsiasi oggetto di uso comune, ad analizzarla come se fossimo scienziate o detective, a prenderla in giro: del resto, spesso, e\u0300 molto piu\u0300 fantasiosa di noi, nelle sue mille declinazioni.<\/p>\n<p>&nbsp;<\/p>\n<\/div>\n<\/div>\n<\/div>\n<p><strong>DIARIO DI VIAGGIO: IL RACCONTO DELLA RESIDENZA ATTRAVERSO LA VOCE E GLI OCCHI DELL\u2019ARTISTA<\/strong><\/p>\n<p><strong>Qual \u00e8 per te il senso e il valore di uno spazio di residenza artistica?<br \/>\n<\/strong>&#8220;Questo luogo ci ha dato la possibilit\u00e0 di lavorare al meglio perch\u00e8 \u00e8 un convento meraviglioso dove la concentrazione \u00e8 massima&#8221;.<\/p>\n<p>Reel &gt;&gt;&nbsp;<a href=\"https:\/\/www.instagram.com\/reel\/C5gXPsMNvcU\/\">https:\/\/www.instagram.com\/reel\/C5gXPsMNvcU\/<\/a><\/p>\n<p>&nbsp;<\/p>\n<p><strong>DENTRO LA RESIDENZA<\/strong><\/p>\n<p><strong>MARTED\u00cc 19 MARZO<\/strong><br \/>\n<em><strong>La Corte Ospitale, Rubiera<br \/>\n<\/strong><\/em><em>Percorsi per le Competenze Trasversali e l&#8217;Orientamento<br \/>\n<\/em>Domesticalchimia incontra i ragazzi e le ragazze della scuola superiore di Rubiera.<\/p>\n<p>&nbsp;<\/p>\n<div class=\"section\">\n<div class=\"layoutArea\">\n<div class=\"column\">\n<p><a href=\"https:\/\/corteospitale.org\/site\/wp-content\/uploads\/2024\/01\/CENTRO_RES_EMILIA_ORIZZONTALE_BIANCO-scaled.jpg\"><img loading=\"lazy\" decoding=\"async\" class=\"alignnone wp-image-9113\" src=\"https:\/\/corteospitale.org\/site\/wp-content\/uploads\/2024\/01\/CENTRO_RES_EMILIA_ORIZZONTALE_BIANCO-300x237.jpg\" alt=\"\" width=\"247\" height=\"197\"><\/a><\/p>\n<\/div>\n<\/div>\n<\/div>\n<\/div>\n","protected":false},"excerpt":{"rendered":"<p>ARS MORIENDI &nbsp; L&#8217;arte di vivere MERLI&amp;SERENA &#8211; DOMESTICALCHIMIA Ideazione di Francesca Merli e Laura Serena con Laura Serena regia Francesca Merli drammaturgia Francesca Garolla con il sostegno di Corte Ospitale &nbsp; Come si fa a \u201cvivere bene\u201d? Quali sono &hellip;<\/p>\n","protected":false},"author":2,"featured_media":8644,"comment_status":"closed","ping_status":"closed","sticky":false,"template":"","format":"standard","meta":{"_acf_changed":false,"ngg_post_thumbnail":0,"footnotes":"","_links_to":"","_links_to_target":""},"categories":[309],"tags":[],"class_list":["post-8643","post","type-post","status-publish","format-standard","has-post-thumbnail","hentry","category-residenze-artistiche-2024"],"acf":[],"yoast_head":"<!-- This site is optimized with the Yoast SEO plugin v24.7 - https:\/\/yoast.com\/wordpress\/plugins\/seo\/ -->\n<title>ARS MORIENDI - LA CORTE OSPITALE<\/title>\n<meta name=\"description\" content=\"La compagnia DOMESTICALCHIMIA in residenza aristica in Corte Ospitale per lavorare ad Ars Moriendi - L&#039;arte di vivere, ideazione Francesca Merli e Laura Serena.\" \/>\n<meta name=\"robots\" content=\"index, follow, max-snippet:-1, max-image-preview:large, max-video-preview:-1\" \/>\n<link rel=\"canonical\" href=\"https:\/\/corteospitale.org\/site\/ars-moriendi-larte-di-vivere-bene\/\" \/>\n<meta property=\"og:locale\" content=\"it_IT\" \/>\n<meta property=\"og:type\" content=\"article\" \/>\n<meta property=\"og:title\" content=\"ARS MORIENDI - LA CORTE OSPITALE\" \/>\n<meta property=\"og:description\" content=\"La compagnia DOMESTICALCHIMIA in residenza aristica in Corte Ospitale per lavorare ad Ars Moriendi - L&#039;arte di vivere, ideazione Francesca Merli e Laura Serena.\" \/>\n<meta property=\"og:url\" content=\"https:\/\/corteospitale.org\/site\/ars-moriendi-larte-di-vivere-bene\/\" \/>\n<meta property=\"og:site_name\" content=\"LA CORTE OSPITALE\" \/>\n<meta property=\"article:publisher\" content=\"https:\/\/www.facebook.com\/corteospitale\" \/>\n<meta property=\"article:published_time\" content=\"2023-11-19T12:06:12+00:00\" \/>\n<meta property=\"article:modified_time\" content=\"2024-11-27T15:33:19+00:00\" \/>\n<meta property=\"og:image\" content=\"https:\/\/corteospitale.org\/site\/wp-content\/uploads\/2023\/11\/ars-moriendi-immagine-1024x1024.jpg\" \/>\n\t<meta property=\"og:image:width\" content=\"1024\" \/>\n\t<meta property=\"og:image:height\" content=\"1024\" \/>\n\t<meta property=\"og:image:type\" content=\"image\/jpeg\" \/>\n<meta name=\"author\" content=\"Manuela\" \/>\n<meta name=\"twitter:card\" content=\"summary_large_image\" \/>\n<meta name=\"twitter:label1\" content=\"Scritto da\" \/>\n\t<meta name=\"twitter:data1\" content=\"Manuela\" \/>\n\t<meta name=\"twitter:label2\" content=\"Tempo di lettura stimato\" \/>\n\t<meta name=\"twitter:data2\" content=\"3 minuti\" \/>\n<script type=\"application\/ld+json\" class=\"yoast-schema-graph\">{\"@context\":\"https:\/\/schema.org\",\"@graph\":[{\"@type\":\"Article\",\"@id\":\"https:\/\/corteospitale.org\/site\/ars-moriendi-larte-di-vivere-bene\/#article\",\"isPartOf\":{\"@id\":\"https:\/\/corteospitale.org\/site\/ars-moriendi-larte-di-vivere-bene\/\"},\"author\":{\"name\":\"Manuela\",\"@id\":\"https:\/\/corteospitale.org\/site\/#\/schema\/person\/2e6c7771de31d29fa1f09440dc741ce0\"},\"headline\":\"ARS MORIENDI\",\"datePublished\":\"2023-11-19T12:06:12+00:00\",\"dateModified\":\"2024-11-27T15:33:19+00:00\",\"mainEntityOfPage\":{\"@id\":\"https:\/\/corteospitale.org\/site\/ars-moriendi-larte-di-vivere-bene\/\"},\"wordCount\":431,\"publisher\":{\"@id\":\"https:\/\/corteospitale.org\/site\/#organization\"},\"image\":{\"@id\":\"https:\/\/corteospitale.org\/site\/ars-moriendi-larte-di-vivere-bene\/#primaryimage\"},\"thumbnailUrl\":\"https:\/\/corteospitale.org\/site\/wp-content\/uploads\/2023\/11\/ars-moriendi-immagine.jpg\",\"articleSection\":[\"Residenze 2024\"],\"inLanguage\":\"it-IT\"},{\"@type\":\"WebPage\",\"@id\":\"https:\/\/corteospitale.org\/site\/ars-moriendi-larte-di-vivere-bene\/\",\"url\":\"https:\/\/corteospitale.org\/site\/ars-moriendi-larte-di-vivere-bene\/\",\"name\":\"ARS MORIENDI - LA CORTE OSPITALE\",\"isPartOf\":{\"@id\":\"https:\/\/corteospitale.org\/site\/#website\"},\"primaryImageOfPage\":{\"@id\":\"https:\/\/corteospitale.org\/site\/ars-moriendi-larte-di-vivere-bene\/#primaryimage\"},\"image\":{\"@id\":\"https:\/\/corteospitale.org\/site\/ars-moriendi-larte-di-vivere-bene\/#primaryimage\"},\"thumbnailUrl\":\"https:\/\/corteospitale.org\/site\/wp-content\/uploads\/2023\/11\/ars-moriendi-immagine.jpg\",\"datePublished\":\"2023-11-19T12:06:12+00:00\",\"dateModified\":\"2024-11-27T15:33:19+00:00\",\"description\":\"La compagnia DOMESTICALCHIMIA in residenza aristica in Corte Ospitale per lavorare ad Ars Moriendi - L'arte di vivere, ideazione Francesca Merli e Laura Serena.\",\"breadcrumb\":{\"@id\":\"https:\/\/corteospitale.org\/site\/ars-moriendi-larte-di-vivere-bene\/#breadcrumb\"},\"inLanguage\":\"it-IT\",\"potentialAction\":[{\"@type\":\"ReadAction\",\"target\":[\"https:\/\/corteospitale.org\/site\/ars-moriendi-larte-di-vivere-bene\/\"]}]},{\"@type\":\"ImageObject\",\"inLanguage\":\"it-IT\",\"@id\":\"https:\/\/corteospitale.org\/site\/ars-moriendi-larte-di-vivere-bene\/#primaryimage\",\"url\":\"https:\/\/corteospitale.org\/site\/wp-content\/uploads\/2023\/11\/ars-moriendi-immagine.jpg\",\"contentUrl\":\"https:\/\/corteospitale.org\/site\/wp-content\/uploads\/2023\/11\/ars-moriendi-immagine.jpg\",\"width\":1920,\"height\":1920},{\"@type\":\"BreadcrumbList\",\"@id\":\"https:\/\/corteospitale.org\/site\/ars-moriendi-larte-di-vivere-bene\/#breadcrumb\",\"itemListElement\":[{\"@type\":\"ListItem\",\"position\":1,\"name\":\"Home\",\"item\":\"https:\/\/corteospitale.org\/site\/\"},{\"@type\":\"ListItem\",\"position\":2,\"name\":\"ARS MORIENDI\"}]},{\"@type\":\"WebSite\",\"@id\":\"https:\/\/corteospitale.org\/site\/#website\",\"url\":\"https:\/\/corteospitale.org\/site\/\",\"name\":\"LA CORTE OSPITALE\",\"description\":\"\",\"publisher\":{\"@id\":\"https:\/\/corteospitale.org\/site\/#organization\"},\"potentialAction\":[{\"@type\":\"SearchAction\",\"target\":{\"@type\":\"EntryPoint\",\"urlTemplate\":\"https:\/\/corteospitale.org\/site\/?s={search_term_string}\"},\"query-input\":{\"@type\":\"PropertyValueSpecification\",\"valueRequired\":true,\"valueName\":\"search_term_string\"}}],\"inLanguage\":\"it-IT\"},{\"@type\":\"Organization\",\"@id\":\"https:\/\/corteospitale.org\/site\/#organization\",\"name\":\"Corte Ospitale\",\"url\":\"https:\/\/corteospitale.org\/site\/\",\"logo\":{\"@type\":\"ImageObject\",\"inLanguage\":\"it-IT\",\"@id\":\"https:\/\/corteospitale.org\/site\/#\/schema\/logo\/image\/\",\"url\":\"\",\"contentUrl\":\"\",\"caption\":\"Corte Ospitale\"},\"image\":{\"@id\":\"https:\/\/corteospitale.org\/site\/#\/schema\/logo\/image\/\"},\"sameAs\":[\"https:\/\/www.facebook.com\/corteospitale\",\"https:\/\/www.instagram.com\/corteospitale\/\",\"https:\/\/www.youtube.com\/user\/LaCorteOspitale1\"]},{\"@type\":\"Person\",\"@id\":\"https:\/\/corteospitale.org\/site\/#\/schema\/person\/2e6c7771de31d29fa1f09440dc741ce0\",\"name\":\"Manuela\",\"image\":{\"@type\":\"ImageObject\",\"inLanguage\":\"it-IT\",\"@id\":\"https:\/\/corteospitale.org\/site\/#\/schema\/person\/image\/\",\"url\":\"https:\/\/secure.gravatar.com\/avatar\/ac6dcb2697d112cdbed0c3c486cf1a2150a160d7ea8f53aee6865d6c70612228?s=96&r=g\",\"contentUrl\":\"https:\/\/secure.gravatar.com\/avatar\/ac6dcb2697d112cdbed0c3c486cf1a2150a160d7ea8f53aee6865d6c70612228?s=96&r=g\",\"caption\":\"Manuela\"}}]}<\/script>\n<!-- \/ Yoast SEO plugin. -->","yoast_head_json":{"title":"ARS MORIENDI - LA CORTE OSPITALE","description":"La compagnia DOMESTICALCHIMIA in residenza aristica in Corte Ospitale per lavorare ad Ars Moriendi - L'arte di vivere, ideazione Francesca Merli e Laura Serena.","robots":{"index":"index","follow":"follow","max-snippet":"max-snippet:-1","max-image-preview":"max-image-preview:large","max-video-preview":"max-video-preview:-1"},"canonical":"https:\/\/corteospitale.org\/site\/ars-moriendi-larte-di-vivere-bene\/","og_locale":"it_IT","og_type":"article","og_title":"ARS MORIENDI - LA CORTE OSPITALE","og_description":"La compagnia DOMESTICALCHIMIA in residenza aristica in Corte Ospitale per lavorare ad Ars Moriendi - L'arte di vivere, ideazione Francesca Merli e Laura Serena.","og_url":"https:\/\/corteospitale.org\/site\/ars-moriendi-larte-di-vivere-bene\/","og_site_name":"LA CORTE OSPITALE","article_publisher":"https:\/\/www.facebook.com\/corteospitale","article_published_time":"2023-11-19T12:06:12+00:00","article_modified_time":"2024-11-27T15:33:19+00:00","og_image":[{"width":1024,"height":1024,"url":"https:\/\/corteospitale.org\/site\/wp-content\/uploads\/2023\/11\/ars-moriendi-immagine-1024x1024.jpg","type":"image\/jpeg"}],"author":"Manuela","twitter_card":"summary_large_image","twitter_misc":{"Scritto da":"Manuela","Tempo di lettura stimato":"3 minuti"},"schema":{"@context":"https:\/\/schema.org","@graph":[{"@type":"Article","@id":"https:\/\/corteospitale.org\/site\/ars-moriendi-larte-di-vivere-bene\/#article","isPartOf":{"@id":"https:\/\/corteospitale.org\/site\/ars-moriendi-larte-di-vivere-bene\/"},"author":{"name":"Manuela","@id":"https:\/\/corteospitale.org\/site\/#\/schema\/person\/2e6c7771de31d29fa1f09440dc741ce0"},"headline":"ARS MORIENDI","datePublished":"2023-11-19T12:06:12+00:00","dateModified":"2024-11-27T15:33:19+00:00","mainEntityOfPage":{"@id":"https:\/\/corteospitale.org\/site\/ars-moriendi-larte-di-vivere-bene\/"},"wordCount":431,"publisher":{"@id":"https:\/\/corteospitale.org\/site\/#organization"},"image":{"@id":"https:\/\/corteospitale.org\/site\/ars-moriendi-larte-di-vivere-bene\/#primaryimage"},"thumbnailUrl":"https:\/\/corteospitale.org\/site\/wp-content\/uploads\/2023\/11\/ars-moriendi-immagine.jpg","articleSection":["Residenze 2024"],"inLanguage":"it-IT"},{"@type":"WebPage","@id":"https:\/\/corteospitale.org\/site\/ars-moriendi-larte-di-vivere-bene\/","url":"https:\/\/corteospitale.org\/site\/ars-moriendi-larte-di-vivere-bene\/","name":"ARS MORIENDI - LA CORTE OSPITALE","isPartOf":{"@id":"https:\/\/corteospitale.org\/site\/#website"},"primaryImageOfPage":{"@id":"https:\/\/corteospitale.org\/site\/ars-moriendi-larte-di-vivere-bene\/#primaryimage"},"image":{"@id":"https:\/\/corteospitale.org\/site\/ars-moriendi-larte-di-vivere-bene\/#primaryimage"},"thumbnailUrl":"https:\/\/corteospitale.org\/site\/wp-content\/uploads\/2023\/11\/ars-moriendi-immagine.jpg","datePublished":"2023-11-19T12:06:12+00:00","dateModified":"2024-11-27T15:33:19+00:00","description":"La compagnia DOMESTICALCHIMIA in residenza aristica in Corte Ospitale per lavorare ad Ars Moriendi - L'arte di vivere, ideazione Francesca Merli e Laura Serena.","breadcrumb":{"@id":"https:\/\/corteospitale.org\/site\/ars-moriendi-larte-di-vivere-bene\/#breadcrumb"},"inLanguage":"it-IT","potentialAction":[{"@type":"ReadAction","target":["https:\/\/corteospitale.org\/site\/ars-moriendi-larte-di-vivere-bene\/"]}]},{"@type":"ImageObject","inLanguage":"it-IT","@id":"https:\/\/corteospitale.org\/site\/ars-moriendi-larte-di-vivere-bene\/#primaryimage","url":"https:\/\/corteospitale.org\/site\/wp-content\/uploads\/2023\/11\/ars-moriendi-immagine.jpg","contentUrl":"https:\/\/corteospitale.org\/site\/wp-content\/uploads\/2023\/11\/ars-moriendi-immagine.jpg","width":1920,"height":1920},{"@type":"BreadcrumbList","@id":"https:\/\/corteospitale.org\/site\/ars-moriendi-larte-di-vivere-bene\/#breadcrumb","itemListElement":[{"@type":"ListItem","position":1,"name":"Home","item":"https:\/\/corteospitale.org\/site\/"},{"@type":"ListItem","position":2,"name":"ARS MORIENDI"}]},{"@type":"WebSite","@id":"https:\/\/corteospitale.org\/site\/#website","url":"https:\/\/corteospitale.org\/site\/","name":"LA CORTE OSPITALE","description":"","publisher":{"@id":"https:\/\/corteospitale.org\/site\/#organization"},"potentialAction":[{"@type":"SearchAction","target":{"@type":"EntryPoint","urlTemplate":"https:\/\/corteospitale.org\/site\/?s={search_term_string}"},"query-input":{"@type":"PropertyValueSpecification","valueRequired":true,"valueName":"search_term_string"}}],"inLanguage":"it-IT"},{"@type":"Organization","@id":"https:\/\/corteospitale.org\/site\/#organization","name":"Corte Ospitale","url":"https:\/\/corteospitale.org\/site\/","logo":{"@type":"ImageObject","inLanguage":"it-IT","@id":"https:\/\/corteospitale.org\/site\/#\/schema\/logo\/image\/","url":"","contentUrl":"","caption":"Corte Ospitale"},"image":{"@id":"https:\/\/corteospitale.org\/site\/#\/schema\/logo\/image\/"},"sameAs":["https:\/\/www.facebook.com\/corteospitale","https:\/\/www.instagram.com\/corteospitale\/","https:\/\/www.youtube.com\/user\/LaCorteOspitale1"]},{"@type":"Person","@id":"https:\/\/corteospitale.org\/site\/#\/schema\/person\/2e6c7771de31d29fa1f09440dc741ce0","name":"Manuela","image":{"@type":"ImageObject","inLanguage":"it-IT","@id":"https:\/\/corteospitale.org\/site\/#\/schema\/person\/image\/","url":"https:\/\/secure.gravatar.com\/avatar\/ac6dcb2697d112cdbed0c3c486cf1a2150a160d7ea8f53aee6865d6c70612228?s=96&r=g","contentUrl":"https:\/\/secure.gravatar.com\/avatar\/ac6dcb2697d112cdbed0c3c486cf1a2150a160d7ea8f53aee6865d6c70612228?s=96&r=g","caption":"Manuela"}}]}},"_links":{"self":[{"href":"https:\/\/corteospitale.org\/site\/wp-json\/wp\/v2\/posts\/8643","targetHints":{"allow":["GET"]}}],"collection":[{"href":"https:\/\/corteospitale.org\/site\/wp-json\/wp\/v2\/posts"}],"about":[{"href":"https:\/\/corteospitale.org\/site\/wp-json\/wp\/v2\/types\/post"}],"author":[{"embeddable":true,"href":"https:\/\/corteospitale.org\/site\/wp-json\/wp\/v2\/users\/2"}],"replies":[{"embeddable":true,"href":"https:\/\/corteospitale.org\/site\/wp-json\/wp\/v2\/comments?post=8643"}],"version-history":[{"count":15,"href":"https:\/\/corteospitale.org\/site\/wp-json\/wp\/v2\/posts\/8643\/revisions"}],"predecessor-version":[{"id":10234,"href":"https:\/\/corteospitale.org\/site\/wp-json\/wp\/v2\/posts\/8643\/revisions\/10234"}],"wp:featuredmedia":[{"embeddable":true,"href":"https:\/\/corteospitale.org\/site\/wp-json\/wp\/v2\/media\/8644"}],"wp:attachment":[{"href":"https:\/\/corteospitale.org\/site\/wp-json\/wp\/v2\/media?parent=8643"}],"wp:term":[{"taxonomy":"category","embeddable":true,"href":"https:\/\/corteospitale.org\/site\/wp-json\/wp\/v2\/categories?post=8643"},{"taxonomy":"post_tag","embeddable":true,"href":"https:\/\/corteospitale.org\/site\/wp-json\/wp\/v2\/tags?post=8643"}],"curies":[{"name":"wp","href":"https:\/\/api.w.org\/{rel}","templated":true}]}}