{"id":9008,"date":"2021-12-21T17:09:06","date_gmt":"2021-12-21T15:25:55","guid":{"rendered":"https:\/\/corteospitale.org\/site\/?p=9008"},"modified":"2025-01-10T16:50:00","modified_gmt":"2025-01-10T14:50:00","slug":"call-of-beauty","status":"publish","type":"post","link":"https:\/\/corteospitale.org\/site\/call-of-beauty\/","title":{"rendered":"Call of beauty"},"content":{"rendered":"<h1>Call of beauty<\/h1>\n<p>&nbsp;<\/p>\n<p>&nbsp;<\/p>\n<p>di e con <b>Nicoletta Nobile<br \/>\n<\/b>e con <b>Sharon Ne<br \/>\n<\/b>videomaker <b>Rocco Ancarola<br \/>\n<\/b>dramaturg <b>Mila Di Giulio<br \/>\n<\/b><span style=\"font-variant-caps: normal;\">accompagnamento artistico <\/span><b style=\"font-variant-caps: normal;\">Maria Vittoria Bellingeri<br \/>\n<\/b>scene e luci <b>Giovanni Di Capua<br \/>\n<\/b>suono <b>Manfredi Clemente<br \/>\n<\/b>fotografia <b>Sharon Ne<br \/>\n<\/b><span style=\"font-variant-caps: normal;\">produzione <\/span><b style=\"font-variant-caps: normal;\">La Corte Ospitale<br \/>\n<\/b><em><span style=\"font-variant-caps: normal;\">con il contributo di <\/span><b style=\"font-variant-caps: normal;\">Regione Emilia-Romagna<br \/>\n<\/b><span style=\"font-variant-caps: normal;\">con il sostegno di <\/span><b style=\"font-variant-caps: normal;\">MiC<\/b><span style=\"font-variant-caps: normal;\"> e <\/span><b style=\"font-variant-caps: normal;\">SIAE<\/b><span style=\"font-variant-caps: normal;\">, nell\u2019ambito del programma \u201c<\/span><b style=\"font-variant-caps: normal;\">Per Chi Crea<\/b><span style=\"font-variant-caps: normal;\">\u201d<\/span><\/em><\/p>\n<p><a href=\"https:\/\/corteospitale.org\/site\/wp-content\/uploads\/2024\/01\/Progetto-senza-titolo-e1711012981988.png\"><img loading=\"lazy\" decoding=\"async\" class=\"alignnone wp-image-9103\" src=\"https:\/\/corteospitale.org\/site\/wp-content\/uploads\/2024\/01\/Progetto-senza-titolo-e1711012981988-300x86.png\" alt=\"\" width=\"232\" height=\"73\"><\/a><\/p>\n<p>Call of beauty \u00e8 una performance intorno al mito della bellezza e al potere dello sguardo, e su che cosa questi significhino in particolare per il corpo femminile.<br \/>\nChe cos\u2019\u00e8 il mio corpo quando non \u00e8 guardato? Quando non rientra nei canoni estetici del mio genere di appartenenza? Quando si nasconde? Quando non tenta di compiacere lo sguardo altrui?<br \/>\nRoland Barthes ne La camera chiara dice: &#8220;non appena mi sento guardato dall\u2019obbiettivo tutto cambia: mi fabbrico anticipatamente un corpo, mi trasformo in immagine.\u201d<br \/>\nA partire da queste riflessioni nasce una performance installativa in cui il corpo della performer-autrice \u00e8 sovraesposto allo sguardo nella nudit\u00e0 pi\u00f9 completa, mettendo in gioco il suo corpo come corpo politico e personale poetico, come oggetto performativo e di ricerca. Come corpo che vive in societ\u00e0 e alla societ\u00e0 risponde.<\/p>\n<p>\u201cHo chiesto alle persone quale fosse la parte che guardano in un corpo.<br \/>\nHanno detto: le mani, il viso, i piedi.<br \/>\nHo chiesto a Carmen cosa le piace pi\u00f9 dipingere del corpo femminile, mi ha risposto: le tette. E di quello maschile? \u00c8 evidente. Il cazzo.\u201d<\/p>\n<p>\u201cHo chiesto alle persone perch\u00e9, secondo loro, gli uomini subissero meno la pressione dello sguardo. Hanno detto. che non lo sapevano, ragioni culturali, sociali, socioeconomiche, di potere.<br \/>\nHo chiesto a Carmen perch\u00e9 fosse pi\u00f9 difficile reperire modelli uomini per posare nudi. Mi ha risposto: \u00c8 evidente. Per la vergogna del cazzo.\u201d<\/p>\n<p>La fruizione \u00e8 da principio individuale, come dentro ad una mostra, finch\u00e9 ad un certo punto non diventer\u00e0 orientata e condivisa, e gli spettatori non si troveranno immersi fra natiche danzanti e immagini di corpi al microscopio, proiettati su tre lati della sala. L\u2019ispezione sul corpo e l\u2019intimit\u00e0 della performer che da prima \u00e8 stata operata dal pubblico, adesso \u00e8 condotta da lei su se stessa, percorrendo con una torcia il proprio corpo con meticolosit\u00e0.<\/p>\n<p>Pelle, peli, orifizi, liquidi, ogni punti neri, trionfano sulle pareti della sala.<\/p>\n<p><strong>Sono presenti scene di nudo.<br \/>\n<\/strong><strong>Consigliato ad un pubblico dai 16 anni.<br \/>\n<\/strong><strong>Sono presenti luci ad intermittenza.<br \/>\n<\/strong><strong>Durata 45 min circa<\/strong><\/p>\n<p><strong>Nicoletta NOBILE<\/strong>, 28 anni, attrice e autrice. Dopo un anno di studi teatrali in Francia si forma alla scuola di teatro Iolanda Gazzerro di Ert- emilia Romagna Teatro, Teatro Nazionale, concludendo la formazione con uno stage al Teatro Nazionale Wallonie Bruxelles. Tra il 2019 e il 2020 lavora come attrice per ERT con la compagnia belga Laika- Theatre of senses e per il progetto La commedia della vanit\u00e0 di Elias Canetti con la regia di Claudio Longhi. Nel 2021 scrive e dirige \u201cBiancaneve e i sette nazi\u201d con la compagnia FanniBanni\u2019s, progetto finalista al Premio Scenario, selezionato per la rassegna di nuova drammaturgia \u201cNuove Storie\u201d al Teatro Elfo Puccini di Milano. Nel 2022 \u00e8 artista di Pang- Performing arts for the next generation, un progetto di co-creazione con adolescenti, sovvenzionato dal dispositivo europeo Europe Creative. Nel 2023 \u00e8 autrice e performer di \u201cTutte le immagini scompariranno\u201d con la compagnia FanniBanni\u2019s, vincendo il bando \u201cIndagini-Milano\u201d di Mare culturale Urbano con Piccolo Teatro di Milano. Comincia a lavorare anche in Francia come attrice e autrice con il progetto \u201cCendrillon et le mythe de la beaut\u00e8\u201d, progetto di educazione artistica e culturale finanziato dalla DRAC.<\/p>\n<p>&nbsp;<\/p>\n<p><strong>Diario di viaggio<\/strong><\/p>\n<p><em><strong>Residenza di febbraio<\/strong><\/em><br \/>\nUna prima fase di ricerca e raccolta del materiale che ha visto Nicoletta impegnata in vari incontri con diversi target di pubblico del nostro territorio.<\/p>\n<p><em><strong>Residenza di marzo<\/strong><\/em><br \/>\nIl progetto, che si propone come un\u2019indagine sul mito della bellezza e sul tema dello sguardo, ha previsto una fase iniziale di ricerca e di raccolta del materiale. Nella residenza di marzo, infatti, Nicoletta ha interrogato e ascoltato diverse voci del nostro territorio, da un gruppo di pittrici e pittori a due classi delle medie, esplorando insieme a loro cosa significa guardare ed essere guardati, quanto costa esporsi allo sguardo dell\u2019altro.<\/p>\n<div class=\"x11i5rnm xat24cr x1mh8g0r x1vvkbs xtlvy1s x126k92a\">\n<div dir=\"auto\"><em><strong>Residenza di aprile<\/strong><\/em><\/div>\n<div dir=\"auto\">Aprile \u00e8 stato invece dedicato alla scrittura: partendo dall&#8217;elaborazione del materiale raccolto, l&#8217;artista ha proceduto alla creazione della drammaturgia del futuro spettacolo mentre la vediamo ora impegnata in una fase di sperimentazione scenica.<\/div>\n<div dir=\"auto\">&nbsp;<\/div>\n<div dir=\"auto\"><em><strong>Residenza di maggio e giugno<\/strong><\/em><\/div>\n<div dir=\"auto\">Durante la residenza di maggio l&#8217;artista si \u00e8 dedicata alla progettazione dello spettacolo, definendone la struttura, insieme anche alle figure pi\u00f9 tecniche: Giovanni di Capua alle scene e luci, Rocco Ancarola al video e con l\u2019accompagnamento artistico della regista Maria Vittoria Bellingueri. <span style=\"font-variant-caps: normal;\">Pian piano lo spettacolo prende forma!<\/span><\/div>\n<\/div>\n<p>Alcuni momenti del percorso di ricerca e di raccolta del materiale:<\/p>\n\n\t\t<style type=\"text\/css\">\n\t\t\t#gallery-1 {\n\t\t\t\tmargin: auto;\n\t\t\t}\n\t\t\t#gallery-1 .gallery-item {\n\t\t\t\tfloat: left;\n\t\t\t\tmargin-top: 10px;\n\t\t\t\ttext-align: center;\n\t\t\t\twidth: 33%;\n\t\t\t}\n\t\t\t#gallery-1 img {\n\t\t\t\tborder: 2px solid #cfcfcf;\n\t\t\t}\n\t\t\t#gallery-1 .gallery-caption {\n\t\t\t\tmargin-left: 0;\n\t\t\t}\n\t\t\t\/* see gallery_shortcode() in wp-includes\/media.php *\/\n\t\t<\/style>\n\t\t<div id='gallery-1' class='gallery galleryid-9008 gallery-columns-3 gallery-size-thumbnail'><dl class='gallery-item'>\n\t\t\t<dt class='gallery-icon portrait'>\n\t\t\t\t<a href='https:\/\/corteospitale.org\/site\/call-of-beauty\/176fa75e-e0e7-4f48-bc1d-764badc6cb89\/'><img loading=\"lazy\" decoding=\"async\" width=\"150\" height=\"150\" src=\"https:\/\/corteospitale.org\/site\/wp-content\/uploads\/2024\/01\/176fa75e-e0e7-4f48-bc1d-764badc6cb89-150x150.jpg\" class=\"attachment-thumbnail size-thumbnail\" alt=\"\" srcset=\"https:\/\/corteospitale.org\/site\/wp-content\/uploads\/2024\/01\/176fa75e-e0e7-4f48-bc1d-764badc6cb89-150x150.jpg 150w, https:\/\/corteospitale.org\/site\/wp-content\/uploads\/2024\/01\/176fa75e-e0e7-4f48-bc1d-764badc6cb89-300x300.jpg 300w, https:\/\/corteospitale.org\/site\/wp-content\/uploads\/2024\/01\/176fa75e-e0e7-4f48-bc1d-764badc6cb89-100x100.jpg 100w\" sizes=\"auto, (max-width: 150px) 100vw, 150px\" \/><\/a>\n\t\t\t<\/dt><\/dl><dl class='gallery-item'>\n\t\t\t<dt class='gallery-icon portrait'>\n\t\t\t\t<a href='https:\/\/corteospitale.org\/site\/call-of-beauty\/be92322c-d190-4f5a-a586-6d430a4183e2\/'><img loading=\"lazy\" decoding=\"async\" width=\"150\" height=\"150\" src=\"https:\/\/corteospitale.org\/site\/wp-content\/uploads\/2024\/01\/be92322c-d190-4f5a-a586-6d430a4183e2-150x150.jpg\" class=\"attachment-thumbnail size-thumbnail\" alt=\"\" srcset=\"https:\/\/corteospitale.org\/site\/wp-content\/uploads\/2024\/01\/be92322c-d190-4f5a-a586-6d430a4183e2-150x150.jpg 150w, https:\/\/corteospitale.org\/site\/wp-content\/uploads\/2024\/01\/be92322c-d190-4f5a-a586-6d430a4183e2-300x300.jpg 300w, https:\/\/corteospitale.org\/site\/wp-content\/uploads\/2024\/01\/be92322c-d190-4f5a-a586-6d430a4183e2-100x100.jpg 100w\" sizes=\"auto, (max-width: 150px) 100vw, 150px\" \/><\/a>\n\t\t\t<\/dt><\/dl><dl class='gallery-item'>\n\t\t\t<dt class='gallery-icon portrait'>\n\t\t\t\t<a href='https:\/\/corteospitale.org\/site\/call-of-beauty\/ca9d0e11-3ab5-4615-af5c-cbd240a445c3\/'><img loading=\"lazy\" decoding=\"async\" width=\"150\" height=\"150\" src=\"https:\/\/corteospitale.org\/site\/wp-content\/uploads\/2024\/01\/ca9d0e11-3ab5-4615-af5c-cbd240a445c3-150x150.jpg\" class=\"attachment-thumbnail size-thumbnail\" alt=\"\" srcset=\"https:\/\/corteospitale.org\/site\/wp-content\/uploads\/2024\/01\/ca9d0e11-3ab5-4615-af5c-cbd240a445c3-150x150.jpg 150w, https:\/\/corteospitale.org\/site\/wp-content\/uploads\/2024\/01\/ca9d0e11-3ab5-4615-af5c-cbd240a445c3-300x300.jpg 300w, https:\/\/corteospitale.org\/site\/wp-content\/uploads\/2024\/01\/ca9d0e11-3ab5-4615-af5c-cbd240a445c3-100x100.jpg 100w\" sizes=\"auto, (max-width: 150px) 100vw, 150px\" \/><\/a>\n\t\t\t<\/dt><\/dl><br style=\"clear: both\" \/><dl class='gallery-item'>\n\t\t\t<dt class='gallery-icon portrait'>\n\t\t\t\t<a href='https:\/\/corteospitale.org\/site\/call-of-beauty\/ed7a58c7-faa9-461e-9175-45161a6c59e5\/'><img loading=\"lazy\" decoding=\"async\" width=\"150\" height=\"150\" src=\"https:\/\/corteospitale.org\/site\/wp-content\/uploads\/2024\/01\/ed7a58c7-faa9-461e-9175-45161a6c59e5-150x150.jpg\" class=\"attachment-thumbnail size-thumbnail\" alt=\"\" srcset=\"https:\/\/corteospitale.org\/site\/wp-content\/uploads\/2024\/01\/ed7a58c7-faa9-461e-9175-45161a6c59e5-150x150.jpg 150w, https:\/\/corteospitale.org\/site\/wp-content\/uploads\/2024\/01\/ed7a58c7-faa9-461e-9175-45161a6c59e5-300x300.jpg 300w, https:\/\/corteospitale.org\/site\/wp-content\/uploads\/2024\/01\/ed7a58c7-faa9-461e-9175-45161a6c59e5-100x100.jpg 100w\" sizes=\"auto, (max-width: 150px) 100vw, 150px\" \/><\/a>\n\t\t\t<\/dt><\/dl><dl class='gallery-item'>\n\t\t\t<dt class='gallery-icon portrait'>\n\t\t\t\t<a href='https:\/\/corteospitale.org\/site\/call-of-beauty\/fa5dbaa9-0668-4584-80da-18e0f1b34451\/'><img loading=\"lazy\" decoding=\"async\" width=\"150\" height=\"150\" src=\"https:\/\/corteospitale.org\/site\/wp-content\/uploads\/2024\/01\/fa5dbaa9-0668-4584-80da-18e0f1b34451-150x150.jpg\" class=\"attachment-thumbnail size-thumbnail\" alt=\"\" srcset=\"https:\/\/corteospitale.org\/site\/wp-content\/uploads\/2024\/01\/fa5dbaa9-0668-4584-80da-18e0f1b34451-150x150.jpg 150w, https:\/\/corteospitale.org\/site\/wp-content\/uploads\/2024\/01\/fa5dbaa9-0668-4584-80da-18e0f1b34451-300x300.jpg 300w, https:\/\/corteospitale.org\/site\/wp-content\/uploads\/2024\/01\/fa5dbaa9-0668-4584-80da-18e0f1b34451-100x100.jpg 100w\" sizes=\"auto, (max-width: 150px) 100vw, 150px\" \/><\/a>\n\t\t\t<\/dt><\/dl><dl class='gallery-item'>\n\t\t\t<dt class='gallery-icon portrait'>\n\t\t\t\t<a href='https:\/\/corteospitale.org\/site\/call-of-beauty\/image006\/'><img loading=\"lazy\" decoding=\"async\" width=\"150\" height=\"150\" src=\"https:\/\/corteospitale.org\/site\/wp-content\/uploads\/2024\/01\/image006-150x150.jpg\" class=\"attachment-thumbnail size-thumbnail\" alt=\"\" srcset=\"https:\/\/corteospitale.org\/site\/wp-content\/uploads\/2024\/01\/image006-150x150.jpg 150w, https:\/\/corteospitale.org\/site\/wp-content\/uploads\/2024\/01\/image006-100x100.jpg 100w\" sizes=\"auto, (max-width: 150px) 100vw, 150px\" \/><\/a>\n\t\t\t<\/dt><\/dl><br style=\"clear: both\" \/><dl class='gallery-item'>\n\t\t\t<dt class='gallery-icon portrait'>\n\t\t\t\t<a href='https:\/\/corteospitale.org\/site\/call-of-beauty\/pcto-call-of-beauty\/'><img loading=\"lazy\" decoding=\"async\" width=\"150\" height=\"150\" src=\"https:\/\/corteospitale.org\/site\/wp-content\/uploads\/2024\/01\/PCTO-CALL-of-Beauty-150x150.jpeg\" class=\"attachment-thumbnail size-thumbnail\" alt=\"\" srcset=\"https:\/\/corteospitale.org\/site\/wp-content\/uploads\/2024\/01\/PCTO-CALL-of-Beauty-150x150.jpeg 150w, https:\/\/corteospitale.org\/site\/wp-content\/uploads\/2024\/01\/PCTO-CALL-of-Beauty-300x300.jpeg 300w, https:\/\/corteospitale.org\/site\/wp-content\/uploads\/2024\/01\/PCTO-CALL-of-Beauty-100x100.jpeg 100w\" sizes=\"auto, (max-width: 150px) 100vw, 150px\" \/><\/a>\n\t\t\t<\/dt><\/dl>\n\t\t\t<br style='clear: both' \/>\n\t\t<\/div>\n\n<p>&nbsp;<\/p>\n<p>&nbsp;<\/p>\n<p><em><strong><a href=\"https:\/\/corteospitale.org\/site\/wp-content\/uploads\/2024\/01\/esempio_applicazione_loghi_standard-1.png\"><img loading=\"lazy\" decoding=\"async\" class=\"alignnone size-medium wp-image-9386\" src=\"https:\/\/corteospitale.org\/site\/wp-content\/uploads\/2024\/01\/esempio_applicazione_loghi_standard-1-300x141.png\" alt=\"\" width=\"300\" height=\"141\" srcset=\"https:\/\/corteospitale.org\/site\/wp-content\/uploads\/2024\/01\/esempio_applicazione_loghi_standard-1-300x141.png 300w, https:\/\/corteospitale.org\/site\/wp-content\/uploads\/2024\/01\/esempio_applicazione_loghi_standard-1-1024x482.png 1024w, https:\/\/corteospitale.org\/site\/wp-content\/uploads\/2024\/01\/esempio_applicazione_loghi_standard-1-768x362.png 768w, https:\/\/corteospitale.org\/site\/wp-content\/uploads\/2024\/01\/esempio_applicazione_loghi_standard-1-1536x723.png 1536w, https:\/\/corteospitale.org\/site\/wp-content\/uploads\/2024\/01\/esempio_applicazione_loghi_standard-1-500x235.png 500w, https:\/\/corteospitale.org\/site\/wp-content\/uploads\/2024\/01\/esempio_applicazione_loghi_standard-1-600x282.png 600w, https:\/\/corteospitale.org\/site\/wp-content\/uploads\/2024\/01\/esempio_applicazione_loghi_standard-1.png 2001w\" sizes=\"auto, (max-width: 300px) 100vw, 300px\" \/><\/a><\/strong><\/em><\/p>\n<p>&nbsp;<\/p>\n<p>&nbsp;<\/p>\n<p><strong>Laboratori con il contributo di<\/strong><\/p>\n<p><a href=\"https:\/\/corteospitale.org\/site\/wp-content\/uploads\/2025\/01\/ALTA-DEFINIZIONE-scaled.jpg\"><img loading=\"lazy\" decoding=\"async\" class=\"alignnone  wp-image-10410\" src=\"https:\/\/corteospitale.org\/site\/wp-content\/uploads\/2025\/01\/ALTA-DEFINIZIONE-300x238.jpg\" alt=\"\" width=\"151\" height=\"122\"><\/a><\/p>\n","protected":false},"excerpt":{"rendered":"<p>Call of beauty &nbsp; &nbsp; di e con Nicoletta Nobile e con Sharon Ne videomaker Rocco Ancarola dramaturg Mila Di Giulio accompagnamento artistico Maria Vittoria Bellingeri scene e luci Giovanni Di Capua suono Manfredi Clemente fotografia Sharon Ne produzione La &hellip;<\/p>\n","protected":false},"author":2,"featured_media":9494,"comment_status":"closed","ping_status":"closed","sticky":false,"template":"","format":"standard","meta":{"_acf_changed":false,"ngg_post_thumbnail":0,"footnotes":"","_links_to":"","_links_to_target":""},"categories":[152,322],"tags":[],"class_list":["post-9008","post","type-post","status-publish","format-standard","has-post-thumbnail","hentry","category-novita","category-nicoletta-nobile"],"acf":[],"yoast_head":"<!-- This site is optimized with the Yoast SEO plugin v24.7 - https:\/\/yoast.com\/wordpress\/plugins\/seo\/ -->\n<title>Call of beauty - LA CORTE OSPITALE<\/title>\n<meta name=\"description\" content=\"Call of Beauty di Nicoletta Nobile \u00e8 un progetto che rientra nell&#039;ambito del programma &quot;Per Chi crea&quot;, sostenuto dal MiC e da SIAE. Un&#039;indagine sul mito della bellezza e sul tema dello sguardo.\" \/>\n<meta name=\"robots\" content=\"index, follow, max-snippet:-1, max-image-preview:large, max-video-preview:-1\" \/>\n<link rel=\"canonical\" href=\"https:\/\/corteospitale.org\/site\/call-of-beauty\/\" \/>\n<meta property=\"og:locale\" content=\"it_IT\" \/>\n<meta property=\"og:type\" content=\"article\" \/>\n<meta property=\"og:title\" content=\"Call of beauty - LA CORTE OSPITALE\" \/>\n<meta property=\"og:description\" content=\"Call of Beauty di Nicoletta Nobile \u00e8 un progetto che rientra nell&#039;ambito del programma &quot;Per Chi crea&quot;, sostenuto dal MiC e da SIAE. Un&#039;indagine sul mito della bellezza e sul tema dello sguardo.\" \/>\n<meta property=\"og:url\" content=\"https:\/\/corteospitale.org\/site\/call-of-beauty\/\" \/>\n<meta property=\"og:site_name\" content=\"LA CORTE OSPITALE\" \/>\n<meta property=\"article:publisher\" content=\"https:\/\/www.facebook.com\/corteospitale\" \/>\n<meta property=\"article:published_time\" content=\"2021-12-21T15:25:55+00:00\" \/>\n<meta property=\"article:modified_time\" content=\"2025-01-10T14:50:00+00:00\" \/>\n<meta property=\"og:image\" content=\"https:\/\/corteospitale.org\/site\/wp-content\/uploads\/2024\/06\/callofbeauty-PHOTOSOLO.jpg\" \/>\n\t<meta property=\"og:image:width\" content=\"1080\" \/>\n\t<meta property=\"og:image:height\" content=\"1350\" \/>\n\t<meta property=\"og:image:type\" content=\"image\/jpeg\" \/>\n<meta name=\"author\" content=\"Manuela\" \/>\n<meta name=\"twitter:card\" content=\"summary_large_image\" \/>\n<meta name=\"twitter:label1\" content=\"Scritto da\" \/>\n\t<meta name=\"twitter:data1\" content=\"Manuela\" \/>\n\t<meta name=\"twitter:label2\" content=\"Tempo di lettura stimato\" \/>\n\t<meta name=\"twitter:data2\" content=\"5 minuti\" \/>\n<script type=\"application\/ld+json\" class=\"yoast-schema-graph\">{\"@context\":\"https:\/\/schema.org\",\"@graph\":[{\"@type\":\"Article\",\"@id\":\"https:\/\/corteospitale.org\/site\/call-of-beauty\/#article\",\"isPartOf\":{\"@id\":\"https:\/\/corteospitale.org\/site\/call-of-beauty\/\"},\"author\":{\"name\":\"Manuela\",\"@id\":\"https:\/\/corteospitale.org\/site\/#\/schema\/person\/2e6c7771de31d29fa1f09440dc741ce0\"},\"headline\":\"Call of beauty\",\"datePublished\":\"2021-12-21T15:25:55+00:00\",\"dateModified\":\"2025-01-10T14:50:00+00:00\",\"mainEntityOfPage\":{\"@id\":\"https:\/\/corteospitale.org\/site\/call-of-beauty\/\"},\"wordCount\":802,\"publisher\":{\"@id\":\"https:\/\/corteospitale.org\/site\/#organization\"},\"image\":{\"@id\":\"https:\/\/corteospitale.org\/site\/call-of-beauty\/#primaryimage\"},\"thumbnailUrl\":\"https:\/\/corteospitale.org\/site\/wp-content\/uploads\/2024\/06\/callofbeauty-PHOTOSOLO.jpg\",\"articleSection\":[\"In primo piano\",\"Nicoletta Nobile\"],\"inLanguage\":\"it-IT\"},{\"@type\":\"WebPage\",\"@id\":\"https:\/\/corteospitale.org\/site\/call-of-beauty\/\",\"url\":\"https:\/\/corteospitale.org\/site\/call-of-beauty\/\",\"name\":\"Call of beauty - LA CORTE OSPITALE\",\"isPartOf\":{\"@id\":\"https:\/\/corteospitale.org\/site\/#website\"},\"primaryImageOfPage\":{\"@id\":\"https:\/\/corteospitale.org\/site\/call-of-beauty\/#primaryimage\"},\"image\":{\"@id\":\"https:\/\/corteospitale.org\/site\/call-of-beauty\/#primaryimage\"},\"thumbnailUrl\":\"https:\/\/corteospitale.org\/site\/wp-content\/uploads\/2024\/06\/callofbeauty-PHOTOSOLO.jpg\",\"datePublished\":\"2021-12-21T15:25:55+00:00\",\"dateModified\":\"2025-01-10T14:50:00+00:00\",\"description\":\"Call of Beauty di Nicoletta Nobile \u00e8 un progetto che rientra nell'ambito del programma \\\"Per Chi crea\\\", sostenuto dal MiC e da SIAE. Un'indagine sul mito della bellezza e sul tema dello sguardo.\",\"breadcrumb\":{\"@id\":\"https:\/\/corteospitale.org\/site\/call-of-beauty\/#breadcrumb\"},\"inLanguage\":\"it-IT\",\"potentialAction\":[{\"@type\":\"ReadAction\",\"target\":[\"https:\/\/corteospitale.org\/site\/call-of-beauty\/\"]}]},{\"@type\":\"ImageObject\",\"inLanguage\":\"it-IT\",\"@id\":\"https:\/\/corteospitale.org\/site\/call-of-beauty\/#primaryimage\",\"url\":\"https:\/\/corteospitale.org\/site\/wp-content\/uploads\/2024\/06\/callofbeauty-PHOTOSOLO.jpg\",\"contentUrl\":\"https:\/\/corteospitale.org\/site\/wp-content\/uploads\/2024\/06\/callofbeauty-PHOTOSOLO.jpg\",\"width\":1080,\"height\":1350},{\"@type\":\"BreadcrumbList\",\"@id\":\"https:\/\/corteospitale.org\/site\/call-of-beauty\/#breadcrumb\",\"itemListElement\":[{\"@type\":\"ListItem\",\"position\":1,\"name\":\"Home\",\"item\":\"https:\/\/corteospitale.org\/site\/\"},{\"@type\":\"ListItem\",\"position\":2,\"name\":\"Call of beauty\"}]},{\"@type\":\"WebSite\",\"@id\":\"https:\/\/corteospitale.org\/site\/#website\",\"url\":\"https:\/\/corteospitale.org\/site\/\",\"name\":\"LA CORTE OSPITALE\",\"description\":\"\",\"publisher\":{\"@id\":\"https:\/\/corteospitale.org\/site\/#organization\"},\"potentialAction\":[{\"@type\":\"SearchAction\",\"target\":{\"@type\":\"EntryPoint\",\"urlTemplate\":\"https:\/\/corteospitale.org\/site\/?s={search_term_string}\"},\"query-input\":{\"@type\":\"PropertyValueSpecification\",\"valueRequired\":true,\"valueName\":\"search_term_string\"}}],\"inLanguage\":\"it-IT\"},{\"@type\":\"Organization\",\"@id\":\"https:\/\/corteospitale.org\/site\/#organization\",\"name\":\"Corte Ospitale\",\"url\":\"https:\/\/corteospitale.org\/site\/\",\"logo\":{\"@type\":\"ImageObject\",\"inLanguage\":\"it-IT\",\"@id\":\"https:\/\/corteospitale.org\/site\/#\/schema\/logo\/image\/\",\"url\":\"\",\"contentUrl\":\"\",\"caption\":\"Corte Ospitale\"},\"image\":{\"@id\":\"https:\/\/corteospitale.org\/site\/#\/schema\/logo\/image\/\"},\"sameAs\":[\"https:\/\/www.facebook.com\/corteospitale\",\"https:\/\/www.instagram.com\/corteospitale\/\",\"https:\/\/www.youtube.com\/user\/LaCorteOspitale1\"]},{\"@type\":\"Person\",\"@id\":\"https:\/\/corteospitale.org\/site\/#\/schema\/person\/2e6c7771de31d29fa1f09440dc741ce0\",\"name\":\"Manuela\",\"image\":{\"@type\":\"ImageObject\",\"inLanguage\":\"it-IT\",\"@id\":\"https:\/\/corteospitale.org\/site\/#\/schema\/person\/image\/\",\"url\":\"https:\/\/secure.gravatar.com\/avatar\/ac6dcb2697d112cdbed0c3c486cf1a2150a160d7ea8f53aee6865d6c70612228?s=96&r=g\",\"contentUrl\":\"https:\/\/secure.gravatar.com\/avatar\/ac6dcb2697d112cdbed0c3c486cf1a2150a160d7ea8f53aee6865d6c70612228?s=96&r=g\",\"caption\":\"Manuela\"}}]}<\/script>\n<!-- \/ Yoast SEO plugin. -->","yoast_head_json":{"title":"Call of beauty - LA CORTE OSPITALE","description":"Call of Beauty di Nicoletta Nobile \u00e8 un progetto che rientra nell'ambito del programma \"Per Chi crea\", sostenuto dal MiC e da SIAE. Un'indagine sul mito della bellezza e sul tema dello sguardo.","robots":{"index":"index","follow":"follow","max-snippet":"max-snippet:-1","max-image-preview":"max-image-preview:large","max-video-preview":"max-video-preview:-1"},"canonical":"https:\/\/corteospitale.org\/site\/call-of-beauty\/","og_locale":"it_IT","og_type":"article","og_title":"Call of beauty - LA CORTE OSPITALE","og_description":"Call of Beauty di Nicoletta Nobile \u00e8 un progetto che rientra nell'ambito del programma \"Per Chi crea\", sostenuto dal MiC e da SIAE. Un'indagine sul mito della bellezza e sul tema dello sguardo.","og_url":"https:\/\/corteospitale.org\/site\/call-of-beauty\/","og_site_name":"LA CORTE OSPITALE","article_publisher":"https:\/\/www.facebook.com\/corteospitale","article_published_time":"2021-12-21T15:25:55+00:00","article_modified_time":"2025-01-10T14:50:00+00:00","og_image":[{"width":1080,"height":1350,"url":"https:\/\/corteospitale.org\/site\/wp-content\/uploads\/2024\/06\/callofbeauty-PHOTOSOLO.jpg","type":"image\/jpeg"}],"author":"Manuela","twitter_card":"summary_large_image","twitter_misc":{"Scritto da":"Manuela","Tempo di lettura stimato":"5 minuti"},"schema":{"@context":"https:\/\/schema.org","@graph":[{"@type":"Article","@id":"https:\/\/corteospitale.org\/site\/call-of-beauty\/#article","isPartOf":{"@id":"https:\/\/corteospitale.org\/site\/call-of-beauty\/"},"author":{"name":"Manuela","@id":"https:\/\/corteospitale.org\/site\/#\/schema\/person\/2e6c7771de31d29fa1f09440dc741ce0"},"headline":"Call of beauty","datePublished":"2021-12-21T15:25:55+00:00","dateModified":"2025-01-10T14:50:00+00:00","mainEntityOfPage":{"@id":"https:\/\/corteospitale.org\/site\/call-of-beauty\/"},"wordCount":802,"publisher":{"@id":"https:\/\/corteospitale.org\/site\/#organization"},"image":{"@id":"https:\/\/corteospitale.org\/site\/call-of-beauty\/#primaryimage"},"thumbnailUrl":"https:\/\/corteospitale.org\/site\/wp-content\/uploads\/2024\/06\/callofbeauty-PHOTOSOLO.jpg","articleSection":["In primo piano","Nicoletta Nobile"],"inLanguage":"it-IT"},{"@type":"WebPage","@id":"https:\/\/corteospitale.org\/site\/call-of-beauty\/","url":"https:\/\/corteospitale.org\/site\/call-of-beauty\/","name":"Call of beauty - LA CORTE OSPITALE","isPartOf":{"@id":"https:\/\/corteospitale.org\/site\/#website"},"primaryImageOfPage":{"@id":"https:\/\/corteospitale.org\/site\/call-of-beauty\/#primaryimage"},"image":{"@id":"https:\/\/corteospitale.org\/site\/call-of-beauty\/#primaryimage"},"thumbnailUrl":"https:\/\/corteospitale.org\/site\/wp-content\/uploads\/2024\/06\/callofbeauty-PHOTOSOLO.jpg","datePublished":"2021-12-21T15:25:55+00:00","dateModified":"2025-01-10T14:50:00+00:00","description":"Call of Beauty di Nicoletta Nobile \u00e8 un progetto che rientra nell'ambito del programma \"Per Chi crea\", sostenuto dal MiC e da SIAE. Un'indagine sul mito della bellezza e sul tema dello sguardo.","breadcrumb":{"@id":"https:\/\/corteospitale.org\/site\/call-of-beauty\/#breadcrumb"},"inLanguage":"it-IT","potentialAction":[{"@type":"ReadAction","target":["https:\/\/corteospitale.org\/site\/call-of-beauty\/"]}]},{"@type":"ImageObject","inLanguage":"it-IT","@id":"https:\/\/corteospitale.org\/site\/call-of-beauty\/#primaryimage","url":"https:\/\/corteospitale.org\/site\/wp-content\/uploads\/2024\/06\/callofbeauty-PHOTOSOLO.jpg","contentUrl":"https:\/\/corteospitale.org\/site\/wp-content\/uploads\/2024\/06\/callofbeauty-PHOTOSOLO.jpg","width":1080,"height":1350},{"@type":"BreadcrumbList","@id":"https:\/\/corteospitale.org\/site\/call-of-beauty\/#breadcrumb","itemListElement":[{"@type":"ListItem","position":1,"name":"Home","item":"https:\/\/corteospitale.org\/site\/"},{"@type":"ListItem","position":2,"name":"Call of beauty"}]},{"@type":"WebSite","@id":"https:\/\/corteospitale.org\/site\/#website","url":"https:\/\/corteospitale.org\/site\/","name":"LA CORTE OSPITALE","description":"","publisher":{"@id":"https:\/\/corteospitale.org\/site\/#organization"},"potentialAction":[{"@type":"SearchAction","target":{"@type":"EntryPoint","urlTemplate":"https:\/\/corteospitale.org\/site\/?s={search_term_string}"},"query-input":{"@type":"PropertyValueSpecification","valueRequired":true,"valueName":"search_term_string"}}],"inLanguage":"it-IT"},{"@type":"Organization","@id":"https:\/\/corteospitale.org\/site\/#organization","name":"Corte Ospitale","url":"https:\/\/corteospitale.org\/site\/","logo":{"@type":"ImageObject","inLanguage":"it-IT","@id":"https:\/\/corteospitale.org\/site\/#\/schema\/logo\/image\/","url":"","contentUrl":"","caption":"Corte Ospitale"},"image":{"@id":"https:\/\/corteospitale.org\/site\/#\/schema\/logo\/image\/"},"sameAs":["https:\/\/www.facebook.com\/corteospitale","https:\/\/www.instagram.com\/corteospitale\/","https:\/\/www.youtube.com\/user\/LaCorteOspitale1"]},{"@type":"Person","@id":"https:\/\/corteospitale.org\/site\/#\/schema\/person\/2e6c7771de31d29fa1f09440dc741ce0","name":"Manuela","image":{"@type":"ImageObject","inLanguage":"it-IT","@id":"https:\/\/corteospitale.org\/site\/#\/schema\/person\/image\/","url":"https:\/\/secure.gravatar.com\/avatar\/ac6dcb2697d112cdbed0c3c486cf1a2150a160d7ea8f53aee6865d6c70612228?s=96&r=g","contentUrl":"https:\/\/secure.gravatar.com\/avatar\/ac6dcb2697d112cdbed0c3c486cf1a2150a160d7ea8f53aee6865d6c70612228?s=96&r=g","caption":"Manuela"}}]}},"_links":{"self":[{"href":"https:\/\/corteospitale.org\/site\/wp-json\/wp\/v2\/posts\/9008","targetHints":{"allow":["GET"]}}],"collection":[{"href":"https:\/\/corteospitale.org\/site\/wp-json\/wp\/v2\/posts"}],"about":[{"href":"https:\/\/corteospitale.org\/site\/wp-json\/wp\/v2\/types\/post"}],"author":[{"embeddable":true,"href":"https:\/\/corteospitale.org\/site\/wp-json\/wp\/v2\/users\/2"}],"replies":[{"embeddable":true,"href":"https:\/\/corteospitale.org\/site\/wp-json\/wp\/v2\/comments?post=9008"}],"version-history":[{"count":27,"href":"https:\/\/corteospitale.org\/site\/wp-json\/wp\/v2\/posts\/9008\/revisions"}],"predecessor-version":[{"id":10413,"href":"https:\/\/corteospitale.org\/site\/wp-json\/wp\/v2\/posts\/9008\/revisions\/10413"}],"wp:featuredmedia":[{"embeddable":true,"href":"https:\/\/corteospitale.org\/site\/wp-json\/wp\/v2\/media\/9494"}],"wp:attachment":[{"href":"https:\/\/corteospitale.org\/site\/wp-json\/wp\/v2\/media?parent=9008"}],"wp:term":[{"taxonomy":"category","embeddable":true,"href":"https:\/\/corteospitale.org\/site\/wp-json\/wp\/v2\/categories?post=9008"},{"taxonomy":"post_tag","embeddable":true,"href":"https:\/\/corteospitale.org\/site\/wp-json\/wp\/v2\/tags?post=9008"}],"curies":[{"name":"wp","href":"https:\/\/api.w.org\/{rel}","templated":true}]}}