{"id":9270,"date":"2024-05-03T15:33:49","date_gmt":"2024-05-03T13:33:49","guid":{"rendered":"https:\/\/corteospitale.org\/site\/?p=9270"},"modified":"2025-11-28T17:17:52","modified_gmt":"2025-11-28T15:17:52","slug":"siamo-tutti-in-pericolo","status":"publish","type":"post","link":"https:\/\/corteospitale.org\/site\/siamo-tutti-in-pericolo\/","title":{"rendered":"Siamo tutti in pericolo"},"content":{"rendered":"<h1>Siamo tutti in pericolo<\/h1>\n<p>&nbsp;<\/p>\n<p>&nbsp;<\/p>\n<div>\n<p>ideazione e regia <strong>Claudia Caldarano<\/strong><br \/>\nautori e performer <strong>Claudia Caldarano<\/strong> e <strong>Sandro Pivotti<\/strong><br \/>\nperformer <strong>Astrid Casali<\/strong>, <strong>Michelangelo Bellugi<\/strong>, <strong>Maria Novella Tattanelli<\/strong><br \/>\ncollaboratore drammaturgico <strong>Alessandro Brucioni<\/strong><br \/>\ntutor <strong>CURA 2023 Antonio Tagliarini<\/strong><br \/>\nperformer Collaboratori <strong>Vittorio Continelli<\/strong>, <strong>Matteo Vitanza<\/strong><br \/>\nproduttore <strong>mo-wan<\/strong><br \/>\nfinalista <strong>Forever Young \u2013 Corte Ospitale<\/strong><br \/>\n<span style=\"font-variant-caps: normal;\">selezionato da progetto <strong>CURA 2023<\/strong> \/ supportato da <strong>PARC Performing Arts<\/strong><br \/>\n<\/span><span style=\"font-variant-caps: normal;\">research <strong>Centre Fabbrica Europa (Firenze)<\/strong> e <strong>Residenza Arte Transitiva<\/strong> \/ <strong>officine &#8220;<\/strong><\/span><strong>CAOS (Torino)&#8221;<\/strong><br \/>\n<span style=\"font-variant-caps: normal;\">finalista alla <strong>Biennale College Teatro Regia 2022<\/strong> di Venezia<\/span><\/p>\n<\/div>\n<p>&nbsp;<\/p>\n<p><strong>Sullo spettacolo<br \/>\n<\/strong><span style=\"font-variant-caps: normal;\">\u201cSIAMO TUTTI IN PERICOLO\u201d \u00e8 una performance transdisciplinare in cui i performer, in uno spazio pubblico di relazione, cercano di comprendere e contrastare la propria immobilit\u00e0<\/span><\/p>\n<div>\n<p>\u201cSIAMO TUTTI IN PERICOLO\u201d \u00e8 anche il titolo dell\u2019ultima intervista a Pasolini; poche ore dopo, mor\u00ec. Nel titolo c&#8217;\u00e8 la sensazione che provano i performer e, forse, anche gli spettatori: il pericolo non \u00e8 tanto di morire quanto di vivere in uno stato di coma che spegne la vitalit\u00e0, lo spirito critico e la voglia di lottare per chi siamo.<\/p>\n<p>A partire da questa intervista, lo spettacolo ci propone una domanda: \u201cSiamo tutti in pericolo?\u201d Beh, probabilmente s\u00ec. Viviamo in un periodo di crisi e conflitti internazionali, distanziamento e ipersviluppo tecnologico, immersi in una societ\u00e0 dei consumi, che ci porta solitudine e alienazione, facendoci smarrire noi stessi e il nostro istinto collettivo. Perch\u00e9 non troviamo la libert\u00e0 di evitare che tutto vada a rotoli? Siamo tutti in pericolo di vivere in uno stato di apatia che spegne la nostra capacit\u00e0 di reagire e di opporci?<\/p>\n<p>La ricerca si ispira alla forma-progetto pasoliniana, che nasce dal cortocircuito tra vita e opera, dall\u2019intimit\u00e0 dei performer. Claudia e Sandro sono amici e sono gli attori di se stessi; forti della loro confidenza e del loro affetto, parlano con autoironia e fragilit\u00e0 del loro senso di inadeguatezza di fronte a un presente cos\u00ec complesso, di ci\u00f2 che li rende immobili, delle loro paure, dei sensi di colpa, degli ingombri. Si espongono pubblicamente, si mettono in gioco direttamente tra loro e con il pubblico, con leggerezza, dichiarando le proprie debolezze e rigidit\u00e0 nel tentativo di individuarle, riderne e magari sentirsi pi\u00f9 presenti a s\u00e9 stessi e agli altri, in una dinamica di apertura e collettivit\u00e0 sempre pi\u00f9 ampia, perch\u00e9 pensano che l&#8217;arte non \u00e8 avulsa dalla realt\u00e0 e non \u00e8 innocente. Si chiedono se sono \u201cattori del presente\u201d o semplicemente \u201cattori del conformismo\u201d. Serve loro un po\u2019 di coraggio intellettuale per dire, fare, rifiutare, donare, per non essere solo l&#8217;eco del Potere. Sandro \u00e8 un corpo inerte, schiacciato a terra, \u201cdisteso e sull\u2019attenti\u201d; non si muove ma, parlando, vorrebbe mettersi a nudo, mentre Claudia \u00e8 in preda al \u201ccaos\u201d ma vorrebbe ballarlo, insieme, pubblicamente.<\/p>\n<p>Vogliamo creare un dispositivo scenico che consenta, a seconda del contesto, di inserire nella drammaturgia momenti di incursione di altri performer a cui siamo affettivamente legati, e di quelle \u201cvoci\u201d del presente che sentiamo importanti ascoltare, e momenti di coinvolgimento del pubblico, estemporanei o costruiti attraverso una pratica condivisa prima della performance, adattando cos\u00ec lo spettacolo al territorio specifico a beneficio reciproco.<\/p>\n<\/div>\n<p>&nbsp;<\/p>\n<p><strong>Diario di viaggio<\/strong><\/p>\n<p><strong><br \/>\n<\/strong><span style=\"font-variant-caps: normal;\"><strong>Che cosa ha rappresentato per te\/voi questo periodo di residenza?<\/strong><em><strong><br \/>\n<\/strong><\/em><\/span><em>Abbiamo potuto scoprire i primi elementi di come un dialogo intimo tra due amici pu\u00f2 aprirsi e diventare collettivo. Io e Sandro parliamo delle nostre paure e di ci\u00f2 che ci rende immobili, con fragilit\u00e0 e ironia, mettendoci in gioco direttamente. Con queste due residenze a Corte Ospitale abbiamo potuto concentrarci su ci\u00f2 che ho a cuore da diverso tempo rispetto a questo progetto: cosa possiamo dire, io e lui, che non si chiuda in noi, ma che parta profondamente da noi? Quel piccolo buco nero in ognuno di noi pu\u00f2, anzich\u00e9 risucchiare ogni cosa, donare tutto, diventare bianco, luminoso ed espandersi, coinvolgendo. \u00c8 qualcosa che pu\u00f2 dare inizio a una riflessione pubblica? Hanno lavorato con noi Astrid Casali, Michelangelo Bellugi e Maria Novella Tattanelli, persone con cui abbiamo un legame. Hanno fatto delle incursioni dalla platea, rompendo i confini con la scena come un &#8220;dono&#8221;. Poi, vorrei provare con il pubblico e con quelle \u201cvoci\u201d del presente che sentiamo importante ascoltare.<\/em><\/p>\n<p>&nbsp;<\/p>\n<p><strong>Che cosa vi aspettate da Forever Young 2024?<\/strong><br \/>\n<em>Speriamo di portare avanti la ricerca, incontrando altre voci che possano nutrire il processo, completare la performance, debuttare e esibirci ovunque: nei festival, nei teatri, ma anche negli spazi pubblici, nelle scuole, nelle universit\u00e0 e in situazioni dove riteniamo importante esporre le fragilit\u00e0, rigidit\u00e0 e paure della nostra storia personale per trovare il coraggio di una voce collettiva.<\/em><\/p>\n<p>&nbsp;<\/p>\n<p>&nbsp;<\/p>\n<p>&nbsp;<\/p>\n<p><em><strong>Forever Young<\/strong> \u00e8 ideato e promosso da <strong>La<\/strong> <strong>Corte Ospitale<\/strong> di Rubiera, realizzato con il contributo della <strong>Regione Emilia-Romagna, <\/strong>del <strong>Ministero della Cultura <\/strong>e della<strong> Fondazione Manodori<\/strong>.<\/em><\/p>\n","protected":false},"excerpt":{"rendered":"<p>Siamo tutti in pericolo &nbsp; &nbsp; ideazione e regia Claudia Caldarano autori e performer Claudia Caldarano e Sandro Pivotti performer Astrid Casali, Michelangelo Bellugi, Maria Novella Tattanelli collaboratore drammaturgico Alessandro Brucioni tutor CURA 2023 Antonio Tagliarini performer Collaboratori Vittorio Continelli, &hellip;<\/p>\n","protected":false},"author":2,"featured_media":9300,"comment_status":"closed","ping_status":"closed","sticky":false,"template":"","format":"standard","meta":{"_acf_changed":false,"ngg_post_thumbnail":0,"footnotes":"","_links_to":"","_links_to_target":""},"categories":[310],"tags":[],"class_list":["post-9270","post","type-post","status-publish","format-standard","has-post-thumbnail","hentry","category-forever-young-2023-24"],"acf":[],"yoast_head":"<!-- This site is optimized with the Yoast SEO plugin v24.7 - https:\/\/yoast.com\/wordpress\/plugins\/seo\/ -->\n<title>Siamo tutti in pericolo - LA CORTE OSPITALE<\/title>\n<meta name=\"description\" content=\"Siamo tutti in pericolo di Claudia Caldarano \/ mo-wan teatro tra i cinque progetti finalisti della quinta edizione Forever Young. Scopri di pi\u00f9!\" \/>\n<meta name=\"robots\" content=\"index, follow, max-snippet:-1, max-image-preview:large, max-video-preview:-1\" \/>\n<link rel=\"canonical\" href=\"https:\/\/corteospitale.org\/site\/siamo-tutti-in-pericolo\/\" \/>\n<meta property=\"og:locale\" content=\"it_IT\" \/>\n<meta property=\"og:type\" content=\"article\" \/>\n<meta property=\"og:title\" content=\"Siamo tutti in pericolo - LA CORTE OSPITALE\" \/>\n<meta property=\"og:description\" content=\"Siamo tutti in pericolo di Claudia Caldarano \/ mo-wan teatro tra i cinque progetti finalisti della quinta edizione Forever Young. Scopri di pi\u00f9!\" \/>\n<meta property=\"og:url\" content=\"https:\/\/corteospitale.org\/site\/siamo-tutti-in-pericolo\/\" \/>\n<meta property=\"og:site_name\" content=\"LA CORTE OSPITALE\" \/>\n<meta property=\"article:publisher\" content=\"https:\/\/www.facebook.com\/corteospitale\" \/>\n<meta property=\"article:published_time\" content=\"2024-05-03T13:33:49+00:00\" \/>\n<meta property=\"article:modified_time\" content=\"2025-11-28T15:17:52+00:00\" \/>\n<meta property=\"og:image\" content=\"https:\/\/corteospitale.org\/site\/wp-content\/uploads\/2024\/04\/SIAMO-TUTTI-IN-PERICOLO.jpg\" \/>\n\t<meta property=\"og:image:width\" content=\"2126\" \/>\n\t<meta property=\"og:image:height\" content=\"1418\" \/>\n\t<meta property=\"og:image:type\" content=\"image\/jpeg\" \/>\n<meta name=\"author\" content=\"Manuela\" \/>\n<meta name=\"twitter:card\" content=\"summary_large_image\" \/>\n<meta name=\"twitter:label1\" content=\"Scritto da\" \/>\n\t<meta name=\"twitter:data1\" content=\"Manuela\" \/>\n\t<meta name=\"twitter:label2\" content=\"Tempo di lettura stimato\" \/>\n\t<meta name=\"twitter:data2\" content=\"4 minuti\" \/>\n<script type=\"application\/ld+json\" class=\"yoast-schema-graph\">{\"@context\":\"https:\/\/schema.org\",\"@graph\":[{\"@type\":\"Article\",\"@id\":\"https:\/\/corteospitale.org\/site\/siamo-tutti-in-pericolo\/#article\",\"isPartOf\":{\"@id\":\"https:\/\/corteospitale.org\/site\/siamo-tutti-in-pericolo\/\"},\"author\":{\"name\":\"Manuela\",\"@id\":\"https:\/\/corteospitale.org\/site\/#\/schema\/person\/2e6c7771de31d29fa1f09440dc741ce0\"},\"headline\":\"Siamo tutti in pericolo\",\"datePublished\":\"2024-05-03T13:33:49+00:00\",\"dateModified\":\"2025-11-28T15:17:52+00:00\",\"mainEntityOfPage\":{\"@id\":\"https:\/\/corteospitale.org\/site\/siamo-tutti-in-pericolo\/\"},\"wordCount\":778,\"publisher\":{\"@id\":\"https:\/\/corteospitale.org\/site\/#organization\"},\"image\":{\"@id\":\"https:\/\/corteospitale.org\/site\/siamo-tutti-in-pericolo\/#primaryimage\"},\"thumbnailUrl\":\"https:\/\/corteospitale.org\/site\/wp-content\/uploads\/2024\/04\/SIAMO-TUTTI-IN-PERICOLO.jpg\",\"articleSection\":[\"Forever Young 2023\/24\"],\"inLanguage\":\"it-IT\"},{\"@type\":\"WebPage\",\"@id\":\"https:\/\/corteospitale.org\/site\/siamo-tutti-in-pericolo\/\",\"url\":\"https:\/\/corteospitale.org\/site\/siamo-tutti-in-pericolo\/\",\"name\":\"Siamo tutti in pericolo - LA CORTE OSPITALE\",\"isPartOf\":{\"@id\":\"https:\/\/corteospitale.org\/site\/#website\"},\"primaryImageOfPage\":{\"@id\":\"https:\/\/corteospitale.org\/site\/siamo-tutti-in-pericolo\/#primaryimage\"},\"image\":{\"@id\":\"https:\/\/corteospitale.org\/site\/siamo-tutti-in-pericolo\/#primaryimage\"},\"thumbnailUrl\":\"https:\/\/corteospitale.org\/site\/wp-content\/uploads\/2024\/04\/SIAMO-TUTTI-IN-PERICOLO.jpg\",\"datePublished\":\"2024-05-03T13:33:49+00:00\",\"dateModified\":\"2025-11-28T15:17:52+00:00\",\"description\":\"Siamo tutti in pericolo di Claudia Caldarano \/ mo-wan teatro tra i cinque progetti finalisti della quinta edizione Forever Young. Scopri di pi\u00f9!\",\"breadcrumb\":{\"@id\":\"https:\/\/corteospitale.org\/site\/siamo-tutti-in-pericolo\/#breadcrumb\"},\"inLanguage\":\"it-IT\",\"potentialAction\":[{\"@type\":\"ReadAction\",\"target\":[\"https:\/\/corteospitale.org\/site\/siamo-tutti-in-pericolo\/\"]}]},{\"@type\":\"ImageObject\",\"inLanguage\":\"it-IT\",\"@id\":\"https:\/\/corteospitale.org\/site\/siamo-tutti-in-pericolo\/#primaryimage\",\"url\":\"https:\/\/corteospitale.org\/site\/wp-content\/uploads\/2024\/04\/SIAMO-TUTTI-IN-PERICOLO.jpg\",\"contentUrl\":\"https:\/\/corteospitale.org\/site\/wp-content\/uploads\/2024\/04\/SIAMO-TUTTI-IN-PERICOLO.jpg\",\"width\":2126,\"height\":1418},{\"@type\":\"BreadcrumbList\",\"@id\":\"https:\/\/corteospitale.org\/site\/siamo-tutti-in-pericolo\/#breadcrumb\",\"itemListElement\":[{\"@type\":\"ListItem\",\"position\":1,\"name\":\"Home\",\"item\":\"https:\/\/corteospitale.org\/site\/\"},{\"@type\":\"ListItem\",\"position\":2,\"name\":\"Siamo tutti in pericolo\"}]},{\"@type\":\"WebSite\",\"@id\":\"https:\/\/corteospitale.org\/site\/#website\",\"url\":\"https:\/\/corteospitale.org\/site\/\",\"name\":\"LA CORTE OSPITALE\",\"description\":\"\",\"publisher\":{\"@id\":\"https:\/\/corteospitale.org\/site\/#organization\"},\"potentialAction\":[{\"@type\":\"SearchAction\",\"target\":{\"@type\":\"EntryPoint\",\"urlTemplate\":\"https:\/\/corteospitale.org\/site\/?s={search_term_string}\"},\"query-input\":{\"@type\":\"PropertyValueSpecification\",\"valueRequired\":true,\"valueName\":\"search_term_string\"}}],\"inLanguage\":\"it-IT\"},{\"@type\":\"Organization\",\"@id\":\"https:\/\/corteospitale.org\/site\/#organization\",\"name\":\"Corte Ospitale\",\"url\":\"https:\/\/corteospitale.org\/site\/\",\"logo\":{\"@type\":\"ImageObject\",\"inLanguage\":\"it-IT\",\"@id\":\"https:\/\/corteospitale.org\/site\/#\/schema\/logo\/image\/\",\"url\":\"\",\"contentUrl\":\"\",\"caption\":\"Corte Ospitale\"},\"image\":{\"@id\":\"https:\/\/corteospitale.org\/site\/#\/schema\/logo\/image\/\"},\"sameAs\":[\"https:\/\/www.facebook.com\/corteospitale\",\"https:\/\/www.instagram.com\/corteospitale\/\",\"https:\/\/www.youtube.com\/user\/LaCorteOspitale1\"]},{\"@type\":\"Person\",\"@id\":\"https:\/\/corteospitale.org\/site\/#\/schema\/person\/2e6c7771de31d29fa1f09440dc741ce0\",\"name\":\"Manuela\",\"image\":{\"@type\":\"ImageObject\",\"inLanguage\":\"it-IT\",\"@id\":\"https:\/\/corteospitale.org\/site\/#\/schema\/person\/image\/\",\"url\":\"https:\/\/secure.gravatar.com\/avatar\/ac6dcb2697d112cdbed0c3c486cf1a2150a160d7ea8f53aee6865d6c70612228?s=96&r=g\",\"contentUrl\":\"https:\/\/secure.gravatar.com\/avatar\/ac6dcb2697d112cdbed0c3c486cf1a2150a160d7ea8f53aee6865d6c70612228?s=96&r=g\",\"caption\":\"Manuela\"}}]}<\/script>\n<!-- \/ Yoast SEO plugin. -->","yoast_head_json":{"title":"Siamo tutti in pericolo - LA CORTE OSPITALE","description":"Siamo tutti in pericolo di Claudia Caldarano \/ mo-wan teatro tra i cinque progetti finalisti della quinta edizione Forever Young. Scopri di pi\u00f9!","robots":{"index":"index","follow":"follow","max-snippet":"max-snippet:-1","max-image-preview":"max-image-preview:large","max-video-preview":"max-video-preview:-1"},"canonical":"https:\/\/corteospitale.org\/site\/siamo-tutti-in-pericolo\/","og_locale":"it_IT","og_type":"article","og_title":"Siamo tutti in pericolo - LA CORTE OSPITALE","og_description":"Siamo tutti in pericolo di Claudia Caldarano \/ mo-wan teatro tra i cinque progetti finalisti della quinta edizione Forever Young. Scopri di pi\u00f9!","og_url":"https:\/\/corteospitale.org\/site\/siamo-tutti-in-pericolo\/","og_site_name":"LA CORTE OSPITALE","article_publisher":"https:\/\/www.facebook.com\/corteospitale","article_published_time":"2024-05-03T13:33:49+00:00","article_modified_time":"2025-11-28T15:17:52+00:00","og_image":[{"width":2126,"height":1418,"url":"https:\/\/corteospitale.org\/site\/wp-content\/uploads\/2024\/04\/SIAMO-TUTTI-IN-PERICOLO.jpg","type":"image\/jpeg"}],"author":"Manuela","twitter_card":"summary_large_image","twitter_misc":{"Scritto da":"Manuela","Tempo di lettura stimato":"4 minuti"},"schema":{"@context":"https:\/\/schema.org","@graph":[{"@type":"Article","@id":"https:\/\/corteospitale.org\/site\/siamo-tutti-in-pericolo\/#article","isPartOf":{"@id":"https:\/\/corteospitale.org\/site\/siamo-tutti-in-pericolo\/"},"author":{"name":"Manuela","@id":"https:\/\/corteospitale.org\/site\/#\/schema\/person\/2e6c7771de31d29fa1f09440dc741ce0"},"headline":"Siamo tutti in pericolo","datePublished":"2024-05-03T13:33:49+00:00","dateModified":"2025-11-28T15:17:52+00:00","mainEntityOfPage":{"@id":"https:\/\/corteospitale.org\/site\/siamo-tutti-in-pericolo\/"},"wordCount":778,"publisher":{"@id":"https:\/\/corteospitale.org\/site\/#organization"},"image":{"@id":"https:\/\/corteospitale.org\/site\/siamo-tutti-in-pericolo\/#primaryimage"},"thumbnailUrl":"https:\/\/corteospitale.org\/site\/wp-content\/uploads\/2024\/04\/SIAMO-TUTTI-IN-PERICOLO.jpg","articleSection":["Forever Young 2023\/24"],"inLanguage":"it-IT"},{"@type":"WebPage","@id":"https:\/\/corteospitale.org\/site\/siamo-tutti-in-pericolo\/","url":"https:\/\/corteospitale.org\/site\/siamo-tutti-in-pericolo\/","name":"Siamo tutti in pericolo - LA CORTE OSPITALE","isPartOf":{"@id":"https:\/\/corteospitale.org\/site\/#website"},"primaryImageOfPage":{"@id":"https:\/\/corteospitale.org\/site\/siamo-tutti-in-pericolo\/#primaryimage"},"image":{"@id":"https:\/\/corteospitale.org\/site\/siamo-tutti-in-pericolo\/#primaryimage"},"thumbnailUrl":"https:\/\/corteospitale.org\/site\/wp-content\/uploads\/2024\/04\/SIAMO-TUTTI-IN-PERICOLO.jpg","datePublished":"2024-05-03T13:33:49+00:00","dateModified":"2025-11-28T15:17:52+00:00","description":"Siamo tutti in pericolo di Claudia Caldarano \/ mo-wan teatro tra i cinque progetti finalisti della quinta edizione Forever Young. Scopri di pi\u00f9!","breadcrumb":{"@id":"https:\/\/corteospitale.org\/site\/siamo-tutti-in-pericolo\/#breadcrumb"},"inLanguage":"it-IT","potentialAction":[{"@type":"ReadAction","target":["https:\/\/corteospitale.org\/site\/siamo-tutti-in-pericolo\/"]}]},{"@type":"ImageObject","inLanguage":"it-IT","@id":"https:\/\/corteospitale.org\/site\/siamo-tutti-in-pericolo\/#primaryimage","url":"https:\/\/corteospitale.org\/site\/wp-content\/uploads\/2024\/04\/SIAMO-TUTTI-IN-PERICOLO.jpg","contentUrl":"https:\/\/corteospitale.org\/site\/wp-content\/uploads\/2024\/04\/SIAMO-TUTTI-IN-PERICOLO.jpg","width":2126,"height":1418},{"@type":"BreadcrumbList","@id":"https:\/\/corteospitale.org\/site\/siamo-tutti-in-pericolo\/#breadcrumb","itemListElement":[{"@type":"ListItem","position":1,"name":"Home","item":"https:\/\/corteospitale.org\/site\/"},{"@type":"ListItem","position":2,"name":"Siamo tutti in pericolo"}]},{"@type":"WebSite","@id":"https:\/\/corteospitale.org\/site\/#website","url":"https:\/\/corteospitale.org\/site\/","name":"LA CORTE OSPITALE","description":"","publisher":{"@id":"https:\/\/corteospitale.org\/site\/#organization"},"potentialAction":[{"@type":"SearchAction","target":{"@type":"EntryPoint","urlTemplate":"https:\/\/corteospitale.org\/site\/?s={search_term_string}"},"query-input":{"@type":"PropertyValueSpecification","valueRequired":true,"valueName":"search_term_string"}}],"inLanguage":"it-IT"},{"@type":"Organization","@id":"https:\/\/corteospitale.org\/site\/#organization","name":"Corte Ospitale","url":"https:\/\/corteospitale.org\/site\/","logo":{"@type":"ImageObject","inLanguage":"it-IT","@id":"https:\/\/corteospitale.org\/site\/#\/schema\/logo\/image\/","url":"","contentUrl":"","caption":"Corte Ospitale"},"image":{"@id":"https:\/\/corteospitale.org\/site\/#\/schema\/logo\/image\/"},"sameAs":["https:\/\/www.facebook.com\/corteospitale","https:\/\/www.instagram.com\/corteospitale\/","https:\/\/www.youtube.com\/user\/LaCorteOspitale1"]},{"@type":"Person","@id":"https:\/\/corteospitale.org\/site\/#\/schema\/person\/2e6c7771de31d29fa1f09440dc741ce0","name":"Manuela","image":{"@type":"ImageObject","inLanguage":"it-IT","@id":"https:\/\/corteospitale.org\/site\/#\/schema\/person\/image\/","url":"https:\/\/secure.gravatar.com\/avatar\/ac6dcb2697d112cdbed0c3c486cf1a2150a160d7ea8f53aee6865d6c70612228?s=96&r=g","contentUrl":"https:\/\/secure.gravatar.com\/avatar\/ac6dcb2697d112cdbed0c3c486cf1a2150a160d7ea8f53aee6865d6c70612228?s=96&r=g","caption":"Manuela"}}]}},"_links":{"self":[{"href":"https:\/\/corteospitale.org\/site\/wp-json\/wp\/v2\/posts\/9270","targetHints":{"allow":["GET"]}}],"collection":[{"href":"https:\/\/corteospitale.org\/site\/wp-json\/wp\/v2\/posts"}],"about":[{"href":"https:\/\/corteospitale.org\/site\/wp-json\/wp\/v2\/types\/post"}],"author":[{"embeddable":true,"href":"https:\/\/corteospitale.org\/site\/wp-json\/wp\/v2\/users\/2"}],"replies":[{"embeddable":true,"href":"https:\/\/corteospitale.org\/site\/wp-json\/wp\/v2\/comments?post=9270"}],"version-history":[{"count":10,"href":"https:\/\/corteospitale.org\/site\/wp-json\/wp\/v2\/posts\/9270\/revisions"}],"predecessor-version":[{"id":11669,"href":"https:\/\/corteospitale.org\/site\/wp-json\/wp\/v2\/posts\/9270\/revisions\/11669"}],"wp:featuredmedia":[{"embeddable":true,"href":"https:\/\/corteospitale.org\/site\/wp-json\/wp\/v2\/media\/9300"}],"wp:attachment":[{"href":"https:\/\/corteospitale.org\/site\/wp-json\/wp\/v2\/media?parent=9270"}],"wp:term":[{"taxonomy":"category","embeddable":true,"href":"https:\/\/corteospitale.org\/site\/wp-json\/wp\/v2\/categories?post=9270"},{"taxonomy":"post_tag","embeddable":true,"href":"https:\/\/corteospitale.org\/site\/wp-json\/wp\/v2\/tags?post=9270"}],"curies":[{"name":"wp","href":"https:\/\/api.w.org\/{rel}","templated":true}]}}