{"id":9274,"date":"2024-05-03T15:47:51","date_gmt":"2024-05-03T13:47:51","guid":{"rendered":"https:\/\/corteospitale.org\/site\/?p=9274"},"modified":"2024-11-26T16:39:48","modified_gmt":"2024-11-26T14:39:48","slug":"costellazione-vicinelli","status":"publish","type":"post","link":"https:\/\/corteospitale.org\/site\/costellazione-vicinelli\/","title":{"rendered":"Costellazione Vicinelli"},"content":{"rendered":"<h1>Costellazione Vicinelli<\/h1>\n<p>&nbsp;<\/p>\n<p>&nbsp;<\/p>\n<p>di <strong>Gruppo RMN<\/strong><br \/>\n<strong>Leonardo Bianconi<\/strong>, <strong>Luisa Borini<\/strong>, <strong>Leo Merati<\/strong>, <strong>Giulia Quadrelli<\/strong>, <strong>Chiara Sarcona<\/strong>, <strong>Francesco Tozzi<\/strong><br \/>\nconsulenza letteraria di <strong>Allison Grimaldi-Donahue<\/strong><\/p>\n<p>&nbsp;<\/p>\n<p><strong>Sullo spettacolo<br \/>\n<\/strong>Dopo il progetto RIMINI, con cui dal 2018 al 2021 \u00e8 stata esplorata la realt\u00e0 della Riviera Romagnola con la guida letteraria di Pier Vittorio Tondelli, Gruppo RMN vuole ora proseguire il suo percorso di ricerca dando vita ad un nuovo lavoro che permetta di approfondire ulteriormente la lingua artistica e collettiva che la compagnia sta imparando a parlare in questi anni. Il nuovo progetto si sviluppa infatti intorno a quelli che sono gli elementi centrali della ricerca di Gruppo RMN: il dialogo con una figura letteraria che sia guida e compagna della esplorazione e il metodo delle interviste a persone e interlocutori vari come punto di partenza su cui fondare la drammaturgia.<\/p>\n<p>Tra gli anni \u201970 e gli anni \u201980 a Bologna, pi\u00f9 che in ogni altra citt\u00e0 italiana, ha soffiato un vento di innovazione, di sperimentazione artistica e culturale, di lotta politica e riforma sociale. Ed \u00e8 in questo contesto che si forma e trova respiro artistico la guida e la compagna di questo nuovo viaggio di Gruppo RMN: Patrizia Vicinelli. Bolognese di nascita, entr\u00f2 giovanissima a far parte del Gruppo 63 (movimento letterario ispirato al marxismo e allo strutturalismo), a seguito di una sua performance di poesia visiva accolta con entusiasmo durante un convegno a La Spezia nel 1966. Figura carismatica, attiva, aperta alla sperimentazione, il cui mantra ricorrente era &#8220;vita uguale opera&#8221;, attraverso il rischio personale e artistico intendeva generare forme e sensazioni artisticamente degne, creativamente spinte.<br \/>\nLa sua poetica spazia attraverso influenze ed espressioni poetico-visive con prodotti artistici che oggi sono esposti in tutto il mondo: Milano, New York, Tokyo, San Francisco, Venezia, e i suoi artefatti fonetico-sonori sono conservati in un sotto forma di registrazioni. \u00c8 morta di AIDS nel 1991.<\/p>\n<p>Siamo partiti dal dato reale di un appello lanciato nel giugno 1990 da un gruppo di intellettuali italiani, tra cui Umberto Eco, Concetto Pozzati e Renato Barilli, affinch\u00e9 per lei venisse approvata la \u201cLegge Bacchelli\u201d ovvero quella legge che garantisce un sussidio agli artisti italiani di chiara fama che si trovino in gravi condizioni economiche e di salute.<br \/>\nNon essendo reperibili documenti relativi all\u2019esito di tale appello n\u00e9 alla commissione chiamata a valutare le sue opere, abbiamo dato vita ad una possibile commissione immaginando il lavoro di chi si trova a decidere <em>chi sia un artista<\/em> e <em>come si possa definire il valore autentico dell\u2019arte.<\/em><\/p>\n<p>Tale indagine immaginaria \u00e8 diventata il pretesto per raccogliere minuziosamente poesie, tracce audio e video, testimonianze legate a questa figura che progressivamente emerge come un\u2019artista tanto complessa quanto difficile da collocare. Patrizia Vicinelli racchiude infatti in s\u00e9, artisticamente e biograficamente, la complessit\u00e0 del suo tempo, portando nei suoi scritti e nelle sue performances -con una forza quasi disturbante- un punto di vista molto preciso: quello di chi sta ai margini, di tutto. \u00c8 una donna che non&nbsp;corrisponde all\u2019ideale&nbsp;femminile della sua epoca, quello della \u201cragazza per bene\u201d; vive&nbsp;apertamente&nbsp;la&nbsp;sua&nbsp;tossicodipendenza senza farne mistero, anzi parlandone spesso nei suoi lavori; affronta l\u2019esilio e la prigione, rivendica il valore artistico delle zone d\u2019ombra sperimentali fino&nbsp;all\u2019eccesso&nbsp;e&nbsp;difficilmente leggibili attraverso le categorie mainstream, e che proprio in questa marginalit\u00e0 trova lo spazio per una ricerca libera e che non deve rendere conto a nessuno, se non a lei stessa.<br \/>\nPartendo da una grande passione di Patrizia per l\u2019astrologia, abbiamo impostato il lavoro della commissione &#8211; e dunque il nostro &#8211; per prove e fallimenti, unendo frammenti di vita e di opere, con la stessa fatica e lo stesso stupore di chi cerca di unire gli astri di una costellazione.<br \/>\nEd \u00e8 cos\u00ec che il tentativo di ricostruire la mappa astrale di Patrizia \u00e8 diventata l\u2019occasione per domandarci cosa voglia dire <em>essere<\/em> <em>un artista.<\/em><\/p>\n<p><span style=\"font-variant-caps: normal;\"><br \/>\n<\/span><i><\/i><\/p>\n<p>&nbsp;<\/p>\n<p><strong>Sulla compagnia<\/strong><br \/>\n<strong>Gruppo RMN<\/strong> nasce nel 2018 per il progetto \u201cRimini\u201d, spettacolo vincitore di Direction Under 30 nel 2021 e finalista In-Box 2022.<br \/>\nParte del gruppo si diploma alla Scuola di Teatro di Bologna \u201cAlessandra Galante Garrone\u201d, per poi continuare a formarsi attraverso corsi di perfezionamento, sia nell\u2019ambito della recitazione che della drammaturgia. Ed \u00e8 proprio durante il corso di Alta Formazione promosso da ERT nel 2018 che Giulia Quadrelli e Chiara Sarcona conoscono Leo Merati, attore, videomaker e sound designer.<br \/>\nGrazie a questo incastro di percorsi ed esperienze, il gruppo lavora fin dall\u2019inizio come un vero e proprio team creativo in cui le specifiche abilit\u00e0 imparano a confrontarsi nell\u2019ottica di una viva contaminazione di linguaggi.<br \/>\nGruppo RMN \u00e8 composto da Leonardo Bianconi, Luisa Borini, Leo Merati, Giulia Quadrelli, Chiara Sarcona e Francesco Tozzi.<\/p>\n<p>&nbsp;<\/p>\n<p><strong>Diario di viaggio<br \/>\n<\/strong><strong>Che cosa ha rappresentato per voi questo periodo di di residenza?<\/strong><em style=\"font-variant-caps: normal;\"><strong><br \/>\n<\/strong><\/em><em>I periodi di residenza sono stati per noi una grande occasione di crescita per il progetto e per noi come gruppo di lavoro. Ci hanno<span class=\"Apple-converted-space\">&nbsp; <\/span>dato l\u2019occasione di confrontarci, scontrarci, trovarci, dialogare e quindi crescere, insieme.<\/em><\/p>\n<p>&nbsp;<\/p>\n<p><strong>Che cosa vi aspettate da Forever Young 2024?<br \/>\n<\/strong>Da Forever Young non tanto ci aspettiamo qualcosa da Forever young, ma desiderare che sia l\u2019inizio di un percorso di cura e di luce per i nostri progetti.<\/p>\n<p>&nbsp;<\/p>\n<p>&nbsp;<\/p>\n<p><em><strong>Forever Young<\/strong> \u00e8 ideato e promosso da <strong>La<\/strong> <strong>Corte Ospitale<\/strong> di Rubiera, realizzato con il contributo della <strong>Regione Emilia-Romagna<\/strong> e del <strong>Ministero della Cultura<\/strong>.<\/em><\/p>\n","protected":false},"excerpt":{"rendered":"<p>Costellazione Vicinelli &nbsp; &nbsp; di Gruppo RMN Leonardo Bianconi, Luisa Borini, Leo Merati, Giulia Quadrelli, Chiara Sarcona, Francesco Tozzi consulenza letteraria di Allison Grimaldi-Donahue &nbsp; Sullo spettacolo Dopo il progetto RIMINI, con cui dal 2018 al 2021 \u00e8 stata esplorata &hellip;<\/p>\n","protected":false},"author":2,"featured_media":9308,"comment_status":"closed","ping_status":"closed","sticky":false,"template":"","format":"standard","meta":{"_acf_changed":false,"ngg_post_thumbnail":0,"footnotes":"","_links_to":"","_links_to_target":""},"categories":[310],"tags":[],"class_list":["post-9274","post","type-post","status-publish","format-standard","has-post-thumbnail","hentry","category-forever-young-2023-24"],"acf":[],"yoast_head":"<!-- This site is optimized with the Yoast SEO plugin v24.7 - https:\/\/yoast.com\/wordpress\/plugins\/seo\/ -->\n<title>Costellazione Vicinelli - LA CORTE OSPITALE<\/title>\n<meta name=\"description\" content=\"Costellazione Vicinelli di Gruppo RMN tra i cinque progetti finalisti della quinta edizione Forever Young. Scopri di pi\u00f9!\" \/>\n<meta name=\"robots\" content=\"index, follow, max-snippet:-1, max-image-preview:large, max-video-preview:-1\" \/>\n<link rel=\"canonical\" href=\"https:\/\/corteospitale.org\/site\/costellazione-vicinelli\/\" \/>\n<meta property=\"og:locale\" content=\"it_IT\" \/>\n<meta property=\"og:type\" content=\"article\" \/>\n<meta property=\"og:title\" content=\"Costellazione Vicinelli - LA CORTE OSPITALE\" \/>\n<meta property=\"og:description\" content=\"Costellazione Vicinelli di Gruppo RMN tra i cinque progetti finalisti della quinta edizione Forever Young. Scopri di pi\u00f9!\" \/>\n<meta property=\"og:url\" content=\"https:\/\/corteospitale.org\/site\/costellazione-vicinelli\/\" \/>\n<meta property=\"og:site_name\" content=\"LA CORTE OSPITALE\" \/>\n<meta property=\"article:publisher\" content=\"https:\/\/www.facebook.com\/corteospitale\" \/>\n<meta property=\"article:published_time\" content=\"2024-05-03T13:47:51+00:00\" \/>\n<meta property=\"article:modified_time\" content=\"2024-11-26T14:39:48+00:00\" \/>\n<meta property=\"og:image\" content=\"https:\/\/corteospitale.org\/site\/wp-content\/uploads\/2024\/05\/COSTELLAZIONE-VACINELLI-1-724x1024.png\" \/>\n\t<meta property=\"og:image:width\" content=\"724\" \/>\n\t<meta property=\"og:image:height\" content=\"1024\" \/>\n\t<meta property=\"og:image:type\" content=\"image\/png\" \/>\n<meta name=\"author\" content=\"Manuela\" \/>\n<meta name=\"twitter:card\" content=\"summary_large_image\" \/>\n<meta name=\"twitter:label1\" content=\"Scritto da\" \/>\n\t<meta name=\"twitter:data1\" content=\"Manuela\" \/>\n\t<meta name=\"twitter:label2\" content=\"Tempo di lettura stimato\" \/>\n\t<meta name=\"twitter:data2\" content=\"4 minuti\" \/>\n<script type=\"application\/ld+json\" class=\"yoast-schema-graph\">{\"@context\":\"https:\/\/schema.org\",\"@graph\":[{\"@type\":\"Article\",\"@id\":\"https:\/\/corteospitale.org\/site\/costellazione-vicinelli\/#article\",\"isPartOf\":{\"@id\":\"https:\/\/corteospitale.org\/site\/costellazione-vicinelli\/\"},\"author\":{\"name\":\"Manuela\",\"@id\":\"https:\/\/corteospitale.org\/site\/#\/schema\/person\/2e6c7771de31d29fa1f09440dc741ce0\"},\"headline\":\"Costellazione Vicinelli\",\"datePublished\":\"2024-05-03T13:47:51+00:00\",\"dateModified\":\"2024-11-26T14:39:48+00:00\",\"mainEntityOfPage\":{\"@id\":\"https:\/\/corteospitale.org\/site\/costellazione-vicinelli\/\"},\"wordCount\":894,\"publisher\":{\"@id\":\"https:\/\/corteospitale.org\/site\/#organization\"},\"image\":{\"@id\":\"https:\/\/corteospitale.org\/site\/costellazione-vicinelli\/#primaryimage\"},\"thumbnailUrl\":\"https:\/\/corteospitale.org\/site\/wp-content\/uploads\/2024\/05\/COSTELLAZIONE-VACINELLI-1.png\",\"articleSection\":[\"Forever Young 2023\/24\"],\"inLanguage\":\"it-IT\"},{\"@type\":\"WebPage\",\"@id\":\"https:\/\/corteospitale.org\/site\/costellazione-vicinelli\/\",\"url\":\"https:\/\/corteospitale.org\/site\/costellazione-vicinelli\/\",\"name\":\"Costellazione Vicinelli - LA CORTE OSPITALE\",\"isPartOf\":{\"@id\":\"https:\/\/corteospitale.org\/site\/#website\"},\"primaryImageOfPage\":{\"@id\":\"https:\/\/corteospitale.org\/site\/costellazione-vicinelli\/#primaryimage\"},\"image\":{\"@id\":\"https:\/\/corteospitale.org\/site\/costellazione-vicinelli\/#primaryimage\"},\"thumbnailUrl\":\"https:\/\/corteospitale.org\/site\/wp-content\/uploads\/2024\/05\/COSTELLAZIONE-VACINELLI-1.png\",\"datePublished\":\"2024-05-03T13:47:51+00:00\",\"dateModified\":\"2024-11-26T14:39:48+00:00\",\"description\":\"Costellazione Vicinelli di Gruppo RMN tra i cinque progetti finalisti della quinta edizione Forever Young. Scopri di pi\u00f9!\",\"breadcrumb\":{\"@id\":\"https:\/\/corteospitale.org\/site\/costellazione-vicinelli\/#breadcrumb\"},\"inLanguage\":\"it-IT\",\"potentialAction\":[{\"@type\":\"ReadAction\",\"target\":[\"https:\/\/corteospitale.org\/site\/costellazione-vicinelli\/\"]}]},{\"@type\":\"ImageObject\",\"inLanguage\":\"it-IT\",\"@id\":\"https:\/\/corteospitale.org\/site\/costellazione-vicinelli\/#primaryimage\",\"url\":\"https:\/\/corteospitale.org\/site\/wp-content\/uploads\/2024\/05\/COSTELLAZIONE-VACINELLI-1.png\",\"contentUrl\":\"https:\/\/corteospitale.org\/site\/wp-content\/uploads\/2024\/05\/COSTELLAZIONE-VACINELLI-1.png\",\"width\":2480,\"height\":3508},{\"@type\":\"BreadcrumbList\",\"@id\":\"https:\/\/corteospitale.org\/site\/costellazione-vicinelli\/#breadcrumb\",\"itemListElement\":[{\"@type\":\"ListItem\",\"position\":1,\"name\":\"Home\",\"item\":\"https:\/\/corteospitale.org\/site\/\"},{\"@type\":\"ListItem\",\"position\":2,\"name\":\"Costellazione Vicinelli\"}]},{\"@type\":\"WebSite\",\"@id\":\"https:\/\/corteospitale.org\/site\/#website\",\"url\":\"https:\/\/corteospitale.org\/site\/\",\"name\":\"LA CORTE OSPITALE\",\"description\":\"\",\"publisher\":{\"@id\":\"https:\/\/corteospitale.org\/site\/#organization\"},\"potentialAction\":[{\"@type\":\"SearchAction\",\"target\":{\"@type\":\"EntryPoint\",\"urlTemplate\":\"https:\/\/corteospitale.org\/site\/?s={search_term_string}\"},\"query-input\":{\"@type\":\"PropertyValueSpecification\",\"valueRequired\":true,\"valueName\":\"search_term_string\"}}],\"inLanguage\":\"it-IT\"},{\"@type\":\"Organization\",\"@id\":\"https:\/\/corteospitale.org\/site\/#organization\",\"name\":\"Corte Ospitale\",\"url\":\"https:\/\/corteospitale.org\/site\/\",\"logo\":{\"@type\":\"ImageObject\",\"inLanguage\":\"it-IT\",\"@id\":\"https:\/\/corteospitale.org\/site\/#\/schema\/logo\/image\/\",\"url\":\"\",\"contentUrl\":\"\",\"caption\":\"Corte Ospitale\"},\"image\":{\"@id\":\"https:\/\/corteospitale.org\/site\/#\/schema\/logo\/image\/\"},\"sameAs\":[\"https:\/\/www.facebook.com\/corteospitale\",\"https:\/\/www.instagram.com\/corteospitale\/\",\"https:\/\/www.youtube.com\/user\/LaCorteOspitale1\"]},{\"@type\":\"Person\",\"@id\":\"https:\/\/corteospitale.org\/site\/#\/schema\/person\/2e6c7771de31d29fa1f09440dc741ce0\",\"name\":\"Manuela\",\"image\":{\"@type\":\"ImageObject\",\"inLanguage\":\"it-IT\",\"@id\":\"https:\/\/corteospitale.org\/site\/#\/schema\/person\/image\/\",\"url\":\"https:\/\/secure.gravatar.com\/avatar\/ac6dcb2697d112cdbed0c3c486cf1a2150a160d7ea8f53aee6865d6c70612228?s=96&r=g\",\"contentUrl\":\"https:\/\/secure.gravatar.com\/avatar\/ac6dcb2697d112cdbed0c3c486cf1a2150a160d7ea8f53aee6865d6c70612228?s=96&r=g\",\"caption\":\"Manuela\"}}]}<\/script>\n<!-- \/ Yoast SEO plugin. -->","yoast_head_json":{"title":"Costellazione Vicinelli - LA CORTE OSPITALE","description":"Costellazione Vicinelli di Gruppo RMN tra i cinque progetti finalisti della quinta edizione Forever Young. Scopri di pi\u00f9!","robots":{"index":"index","follow":"follow","max-snippet":"max-snippet:-1","max-image-preview":"max-image-preview:large","max-video-preview":"max-video-preview:-1"},"canonical":"https:\/\/corteospitale.org\/site\/costellazione-vicinelli\/","og_locale":"it_IT","og_type":"article","og_title":"Costellazione Vicinelli - LA CORTE OSPITALE","og_description":"Costellazione Vicinelli di Gruppo RMN tra i cinque progetti finalisti della quinta edizione Forever Young. Scopri di pi\u00f9!","og_url":"https:\/\/corteospitale.org\/site\/costellazione-vicinelli\/","og_site_name":"LA CORTE OSPITALE","article_publisher":"https:\/\/www.facebook.com\/corteospitale","article_published_time":"2024-05-03T13:47:51+00:00","article_modified_time":"2024-11-26T14:39:48+00:00","og_image":[{"width":724,"height":1024,"url":"https:\/\/corteospitale.org\/site\/wp-content\/uploads\/2024\/05\/COSTELLAZIONE-VACINELLI-1-724x1024.png","type":"image\/png"}],"author":"Manuela","twitter_card":"summary_large_image","twitter_misc":{"Scritto da":"Manuela","Tempo di lettura stimato":"4 minuti"},"schema":{"@context":"https:\/\/schema.org","@graph":[{"@type":"Article","@id":"https:\/\/corteospitale.org\/site\/costellazione-vicinelli\/#article","isPartOf":{"@id":"https:\/\/corteospitale.org\/site\/costellazione-vicinelli\/"},"author":{"name":"Manuela","@id":"https:\/\/corteospitale.org\/site\/#\/schema\/person\/2e6c7771de31d29fa1f09440dc741ce0"},"headline":"Costellazione Vicinelli","datePublished":"2024-05-03T13:47:51+00:00","dateModified":"2024-11-26T14:39:48+00:00","mainEntityOfPage":{"@id":"https:\/\/corteospitale.org\/site\/costellazione-vicinelli\/"},"wordCount":894,"publisher":{"@id":"https:\/\/corteospitale.org\/site\/#organization"},"image":{"@id":"https:\/\/corteospitale.org\/site\/costellazione-vicinelli\/#primaryimage"},"thumbnailUrl":"https:\/\/corteospitale.org\/site\/wp-content\/uploads\/2024\/05\/COSTELLAZIONE-VACINELLI-1.png","articleSection":["Forever Young 2023\/24"],"inLanguage":"it-IT"},{"@type":"WebPage","@id":"https:\/\/corteospitale.org\/site\/costellazione-vicinelli\/","url":"https:\/\/corteospitale.org\/site\/costellazione-vicinelli\/","name":"Costellazione Vicinelli - LA CORTE OSPITALE","isPartOf":{"@id":"https:\/\/corteospitale.org\/site\/#website"},"primaryImageOfPage":{"@id":"https:\/\/corteospitale.org\/site\/costellazione-vicinelli\/#primaryimage"},"image":{"@id":"https:\/\/corteospitale.org\/site\/costellazione-vicinelli\/#primaryimage"},"thumbnailUrl":"https:\/\/corteospitale.org\/site\/wp-content\/uploads\/2024\/05\/COSTELLAZIONE-VACINELLI-1.png","datePublished":"2024-05-03T13:47:51+00:00","dateModified":"2024-11-26T14:39:48+00:00","description":"Costellazione Vicinelli di Gruppo RMN tra i cinque progetti finalisti della quinta edizione Forever Young. Scopri di pi\u00f9!","breadcrumb":{"@id":"https:\/\/corteospitale.org\/site\/costellazione-vicinelli\/#breadcrumb"},"inLanguage":"it-IT","potentialAction":[{"@type":"ReadAction","target":["https:\/\/corteospitale.org\/site\/costellazione-vicinelli\/"]}]},{"@type":"ImageObject","inLanguage":"it-IT","@id":"https:\/\/corteospitale.org\/site\/costellazione-vicinelli\/#primaryimage","url":"https:\/\/corteospitale.org\/site\/wp-content\/uploads\/2024\/05\/COSTELLAZIONE-VACINELLI-1.png","contentUrl":"https:\/\/corteospitale.org\/site\/wp-content\/uploads\/2024\/05\/COSTELLAZIONE-VACINELLI-1.png","width":2480,"height":3508},{"@type":"BreadcrumbList","@id":"https:\/\/corteospitale.org\/site\/costellazione-vicinelli\/#breadcrumb","itemListElement":[{"@type":"ListItem","position":1,"name":"Home","item":"https:\/\/corteospitale.org\/site\/"},{"@type":"ListItem","position":2,"name":"Costellazione Vicinelli"}]},{"@type":"WebSite","@id":"https:\/\/corteospitale.org\/site\/#website","url":"https:\/\/corteospitale.org\/site\/","name":"LA CORTE OSPITALE","description":"","publisher":{"@id":"https:\/\/corteospitale.org\/site\/#organization"},"potentialAction":[{"@type":"SearchAction","target":{"@type":"EntryPoint","urlTemplate":"https:\/\/corteospitale.org\/site\/?s={search_term_string}"},"query-input":{"@type":"PropertyValueSpecification","valueRequired":true,"valueName":"search_term_string"}}],"inLanguage":"it-IT"},{"@type":"Organization","@id":"https:\/\/corteospitale.org\/site\/#organization","name":"Corte Ospitale","url":"https:\/\/corteospitale.org\/site\/","logo":{"@type":"ImageObject","inLanguage":"it-IT","@id":"https:\/\/corteospitale.org\/site\/#\/schema\/logo\/image\/","url":"","contentUrl":"","caption":"Corte Ospitale"},"image":{"@id":"https:\/\/corteospitale.org\/site\/#\/schema\/logo\/image\/"},"sameAs":["https:\/\/www.facebook.com\/corteospitale","https:\/\/www.instagram.com\/corteospitale\/","https:\/\/www.youtube.com\/user\/LaCorteOspitale1"]},{"@type":"Person","@id":"https:\/\/corteospitale.org\/site\/#\/schema\/person\/2e6c7771de31d29fa1f09440dc741ce0","name":"Manuela","image":{"@type":"ImageObject","inLanguage":"it-IT","@id":"https:\/\/corteospitale.org\/site\/#\/schema\/person\/image\/","url":"https:\/\/secure.gravatar.com\/avatar\/ac6dcb2697d112cdbed0c3c486cf1a2150a160d7ea8f53aee6865d6c70612228?s=96&r=g","contentUrl":"https:\/\/secure.gravatar.com\/avatar\/ac6dcb2697d112cdbed0c3c486cf1a2150a160d7ea8f53aee6865d6c70612228?s=96&r=g","caption":"Manuela"}}]}},"_links":{"self":[{"href":"https:\/\/corteospitale.org\/site\/wp-json\/wp\/v2\/posts\/9274","targetHints":{"allow":["GET"]}}],"collection":[{"href":"https:\/\/corteospitale.org\/site\/wp-json\/wp\/v2\/posts"}],"about":[{"href":"https:\/\/corteospitale.org\/site\/wp-json\/wp\/v2\/types\/post"}],"author":[{"embeddable":true,"href":"https:\/\/corteospitale.org\/site\/wp-json\/wp\/v2\/users\/2"}],"replies":[{"embeddable":true,"href":"https:\/\/corteospitale.org\/site\/wp-json\/wp\/v2\/comments?post=9274"}],"version-history":[{"count":10,"href":"https:\/\/corteospitale.org\/site\/wp-json\/wp\/v2\/posts\/9274\/revisions"}],"predecessor-version":[{"id":10089,"href":"https:\/\/corteospitale.org\/site\/wp-json\/wp\/v2\/posts\/9274\/revisions\/10089"}],"wp:featuredmedia":[{"embeddable":true,"href":"https:\/\/corteospitale.org\/site\/wp-json\/wp\/v2\/media\/9308"}],"wp:attachment":[{"href":"https:\/\/corteospitale.org\/site\/wp-json\/wp\/v2\/media?parent=9274"}],"wp:term":[{"taxonomy":"category","embeddable":true,"href":"https:\/\/corteospitale.org\/site\/wp-json\/wp\/v2\/categories?post=9274"},{"taxonomy":"post_tag","embeddable":true,"href":"https:\/\/corteospitale.org\/site\/wp-json\/wp\/v2\/tags?post=9274"}],"curies":[{"name":"wp","href":"https:\/\/api.w.org\/{rel}","templated":true}]}}