{"id":9723,"date":"2024-10-08T20:16:20","date_gmt":"2024-10-08T18:27:40","guid":{"rendered":"https:\/\/corteospitale.org\/site\/?p=9723"},"modified":"2025-02-19T12:16:12","modified_gmt":"2025-02-19T10:16:12","slug":"foresto","status":"publish","type":"post","link":"https:\/\/corteospitale.org\/site\/foresto\/","title":{"rendered":"Foresto"},"content":{"rendered":"<h1>Foresto<\/h1>\n<p>&nbsp;<\/p>\n<p>&nbsp;<\/p>\n<p><em>da La notte poco prima delle foreste di Bernard-Marie Kolt\u00e8s<\/em><\/p>\n<p><span style=\"font-weight: 400;\">cura, regia <\/span><b>Babilonia Teatri<br \/>\n<\/b><span style=\"font-weight: 400;\">traduzione <\/span><b>Francesco Bergamasco<br \/>\n<\/b><span style=\"font-weight: 400;\">adattamento in dialetto veronese <\/span><b>Enrico Castellani<br \/>\n<\/b><span style=\"font-weight: 400;\">traduzione LIS <\/span><b>Daniel Bongioanni<br \/>\n<\/b><span style=\"font-weight: 400;\">con <\/span><b style=\"font-variant-caps: normal;\">Enrico Castellani <\/b><span style=\"font-weight: 400;\">e <\/span><b style=\"font-variant-caps: normal;\">Daniel Bongioanni<br \/>\n<\/b><span style=\"font-weight: 400;\">c<\/span><span style=\"font-weight: 400;\">ollaborazione scientifica<\/span><b> Jean Paul Dufiet<br \/>\n<\/b><span style=\"font-weight: 400;\">musica live e sound design <\/span><b>Giovanni Frison<br \/>\n<\/b><span style=\"font-weight: 400;\">light design <\/span><b>Luca Scotton<br \/>\n<\/b><span style=\"font-weight: 400;\">consulenza accessibilit\u00e0<\/span><b> Ass. Fedora<br \/>\n<\/b><span style=\"font-weight: 400;\">interprete LIS <\/span><b>Andrea Consolaro<br \/>\n<\/b><span style=\"font-weight: 400;\">foto e video <\/span><b style=\"font-variant-caps: normal;\">Giulia Lenzi<br \/>\n<\/b><span style=\"font-weight: 400;\">co-produzione <\/span><b style=\"font-variant-caps: normal;\">Pergine Festival, OperaEstate Festival, Teatro Scientifico di Verona<br \/>\n<\/b><span style=\"font-weight: 400;\">con il sostegno di<\/span><b style=\"font-variant-caps: normal;\"> Fondazione CARITRO<br \/>\n<\/b><span style=\"font-weight: 400;\">in collaborazione con l\u2019<\/span><b>Universit\u00e0 degli Studi di Trento<\/b><\/p>\n<p><em><span style=\"font-weight: 400;\">In accordo con <\/span><b>Arcadia &amp; Ricono Ltd <\/b><span style=\"font-weight: 400;\">per gentile concessione di <\/span><b>Fran\u00e7ois Kolt\u00e8s. <\/b><span style=\"font-weight: 400;\">L\u2019opera \u201cLa notte poco prima delle foreste\u201d nella traduzione di Francesco Bergamasco \u00e8 edita da Arcadiateatro Libri, Bernard-Marie Kolt\u00e8s TEATRO \u2013 Volume 3<\/span><\/em><\/p>\n<p><strong>Durata: 60 minuti<\/strong><\/p>\n<p><i><span style=\"font-weight: 400;\">Foresto<\/span><\/i><span style=\"font-weight: 400;\">, tratto da \u201c<\/span><i><span style=\"font-weight: 400;\">La notte poco prima delle foreste<\/span><\/i><span style=\"font-weight: 400;\">\u201d di Bernard-Marie Kolt\u00e8s, porta in scena un incontro tra lingue. Tra francese, italiano e dialetto. Tra lingua scritta e orale. Tra LIS e musica elettronica. Un attore, un performer LIS e un musicista danno vita a una creazione ibrida dove le differenze convivono. Le differenze attraversano la scrittura di Kolt\u00e8s e abitano la scena. Una sfida culturale per forgiare un teatro dove le differenze esplodano per potenziarsi a vicenda.<\/span><\/p>\n<p><span style=\"font-weight: 400;\">Due sentimenti differenti si intrecciano in noi: il timore reverenziale e la voglia di immergerci nella scrittura di Kolt\u00e8s, di rotolarcisi in mezzo, di dare vita a un corpo a corpo con le parole per sussurrarle e gridarle insieme.<\/span><\/p>\n<p>&nbsp;<\/p>\n<p><span style=\"font-weight: 400;\">\u201cForesto\u201d, in dialetto veronese, significa straniero, deriva dal latino <\/span><i><span style=\"font-weight: 400;\">foris<\/span><\/i><span style=\"font-weight: 400;\">, che significa \u201cchi viene da fuori, da un altrove\u201d. Questo termine \u00e8 un ponte tra Kolt\u00e8s e noi: tra le foreste del titolo di Kolt\u00e8s, gli stranieri che abitano il suo testo e la nostra traduzione.<\/span><\/p>\n<p><i><span style=\"font-weight: 400;\">Foresto <\/span><\/i><span style=\"font-weight: 400;\">ci ha guidati nel tradurre, ci ha offerto una chiave per affrontare il testo, per traslare termini e significati legati alla Francia degli anni \u201970 e all\u2019immigrazione di quegli anni nel nostro oggi, tradendo Kolt\u00e8s per non tradirlo.&nbsp;<\/span><\/p>\n<p><span style=\"font-weight: 400;\">Non avremmo avuto l\u2019ardore di metterci in bocca le parole di Kolt\u00e8s senza prima averle masticate, digerite e risputate fuori attraverso la nostra lingua madre: una lingua sporca, a met\u00e0 strada tra lo slang e il dialetto: la lingua della pancia, dell\u2019istinto, dell\u2019umore, dell\u2019amore, della verit\u00e0, del non mediato. La durezza e la poesia della lingua madre ci permettono di aderire a Kolt\u00e8s: di sporcare le parole, di assegnargli un ritmo e un suono che ci appartengono, quello della strada, dell\u2019amore.<\/span><\/p>\n<p><span style=\"font-weight: 400;\">Due voci per un monologo: una parlata e una segnata.<br \/>\n<\/span><span style=\"font-weight: 400;\">Due voci che si contrappongono, si incontrano e si moltiplicano: che si fanno voce sola, che si fanno unisono, che si fanno mondo.<br \/>\n<\/span><span style=\"font-weight: 400;\">Due voci a dialogare con una terza voce: la voce della musica elettronica suonata live sulla scena.<br \/>\n<\/span><span style=\"font-weight: 400;\">Un gioco di specchi in cui lingue diverse si intrecciano e dialogano tra loro.<\/span><\/p>\n<p>L\u2019attivazione di collaborazioni strategiche sul territorio volte a potenziare la promozione degli spettacoli da un lato e il sostegno alla circuitazione degli spettacoli stessi in ottica green dall\u2019altro, sono le ragioni cha hanno portato il Teatro Herberia di Rubiera e <strong>Drama Teatro di Modena<\/strong> a lavorare insieme ospitando Foresto in giorni ravvicinati. Lo spettacolo, infatti, sar\u00e0 a Modena il 23 febbraio.<\/p>\n<p><strong>ACCESSIBILIT\u00c0<\/strong><\/p>\n<p><strong><em>Spettacolo accessibile alle persone cieche\/ipovedenti e sorde.<\/em><\/strong><\/p>\n<p><iframe loading=\"lazy\" title=\"YouTube video player\" src=\"https:\/\/www.youtube.com\/embed\/bOGjZOdETos?si=1lL-QrjET9sC8t-T\" width=\"560\" height=\"315\" frameborder=\"0\" allowfullscreen=\"allowfullscreen\"><\/iframe>&nbsp;<\/p>\n<p>Durante lo spettacolo sar\u00e0 presente il servizio di sopratitolazione e audiodescrizione in italiano. Le cuffie per l&#8217;audiodescrizione verranno fornite dal teatro, insieme alle informazioni per usufruire del servizio.&nbsp;<\/p>\n<p>Segnaliamo che durante lo spettacolo il testo verr\u00e0 recitato in LIS &#8211; lingua dei segni italiana e dialetto veronese.<\/p>\n<p><em>Avvisiamo che lo spettacolo presenta audio a volumi elevati, soprattutto verso la fine, e che parti del testo contengono un linguaggio denigratorio e offensivo che potrebbe turbare la sensibilit\u00e0 delle persone presenti. <\/em><\/p>\n<p>Il costo del biglietto \u00e8 ridotto a 5 euro per persone con disabilit\u00e0. Eventuale accompagnatore o accompagnatrice entrer\u00e0 gratuitamente allo spettacolo.<\/p>\n<p>Puoi prenotare il tuo biglietto in tre modi diversi:<br \/>\n1) manda una mail a Martina a <a href=\"mailto:biglietteria@corteospitale.org\">biglietteria@corteospitale.org<\/a><br \/>\n2) chiama Martina al numero 0522 621133<br \/>\n3) manda un messaggio whatsapp a Martina al numero 3282911077<\/p>\n<p>Per offrire il miglior servizio possibile, nella prenotazione \u00e8 importante specificare:<\/p>\n<ul>\n<li>-Nome<\/li>\n<li>-Cognome<\/li>\n<li>-Numero biglietti vuoi acquistare<\/li>\n<li>-Contatto mail o numero di telefono<\/li>\n<li>-Se desideri fruire del servizio di audiodescrizione<\/li>\n<li>-Necessit\u00e0 o bisogni specifici<\/li>\n<\/ul>\n<p><strong><em>&nbsp;<\/em><\/strong><\/p>\n","protected":false},"excerpt":{"rendered":"<p>Foresto &nbsp; &nbsp; da La notte poco prima delle foreste di Bernard-Marie Kolt\u00e8s cura, regia Babilonia Teatri traduzione Francesco Bergamasco adattamento in dialetto veronese Enrico Castellani traduzione LIS Daniel Bongioanni con Enrico Castellani e Daniel Bongioanni collaborazione scientifica Jean Paul &hellip;<\/p>\n","protected":false},"author":2,"featured_media":9724,"comment_status":"closed","ping_status":"closed","sticky":false,"template":"","format":"standard","meta":{"_acf_changed":false,"ngg_post_thumbnail":0,"footnotes":"","_links_to":"","_links_to_target":""},"categories":[316],"tags":[],"class_list":["post-9723","post","type-post","status-publish","format-standard","has-post-thumbnail","hentry","category-stagione-di-prosa-2024-25"],"acf":[],"yoast_head":"<!-- This site is optimized with the Yoast SEO plugin v24.7 - https:\/\/yoast.com\/wordpress\/plugins\/seo\/ -->\n<title>Foresto - LA CORTE OSPITALE<\/title>\n<meta name=\"description\" content=\"Il 22 febbraio 2025 alle ore 20.00 al Teatro Herberia di Rubiera va in scena Foresto di Babilonia Teatri.\" \/>\n<meta name=\"robots\" content=\"index, follow, max-snippet:-1, max-image-preview:large, max-video-preview:-1\" \/>\n<link rel=\"canonical\" href=\"https:\/\/corteospitale.org\/site\/foresto\/\" \/>\n<meta property=\"og:locale\" content=\"it_IT\" \/>\n<meta property=\"og:type\" content=\"article\" \/>\n<meta property=\"og:title\" content=\"Foresto - LA CORTE OSPITALE\" \/>\n<meta property=\"og:description\" content=\"Il 22 febbraio 2025 alle ore 20.00 al Teatro Herberia di Rubiera va in scena Foresto di Babilonia Teatri.\" \/>\n<meta property=\"og:url\" content=\"https:\/\/corteospitale.org\/site\/foresto\/\" \/>\n<meta property=\"og:site_name\" content=\"LA CORTE OSPITALE\" \/>\n<meta property=\"article:publisher\" content=\"https:\/\/www.facebook.com\/corteospitale\" \/>\n<meta property=\"article:published_time\" content=\"2024-10-08T18:27:40+00:00\" \/>\n<meta property=\"article:modified_time\" content=\"2025-02-19T10:16:12+00:00\" \/>\n<meta property=\"og:image\" content=\"https:\/\/corteospitale.org\/site\/wp-content\/uploads\/2024\/10\/FORESTO-di-Babilonia-Teatri_Ph-Elisa-Vettori-2-scaled.jpg\" \/>\n\t<meta property=\"og:image:width\" content=\"2560\" \/>\n\t<meta property=\"og:image:height\" content=\"1707\" \/>\n\t<meta property=\"og:image:type\" content=\"image\/jpeg\" \/>\n<meta name=\"author\" content=\"Manuela\" \/>\n<meta name=\"twitter:card\" content=\"summary_large_image\" \/>\n<meta name=\"twitter:label1\" content=\"Scritto da\" \/>\n\t<meta name=\"twitter:data1\" content=\"Manuela\" \/>\n\t<meta name=\"twitter:label2\" content=\"Tempo di lettura stimato\" \/>\n\t<meta name=\"twitter:data2\" content=\"4 minuti\" \/>\n<script type=\"application\/ld+json\" class=\"yoast-schema-graph\">{\"@context\":\"https:\/\/schema.org\",\"@graph\":[{\"@type\":\"Article\",\"@id\":\"https:\/\/corteospitale.org\/site\/foresto\/#article\",\"isPartOf\":{\"@id\":\"https:\/\/corteospitale.org\/site\/foresto\/\"},\"author\":{\"name\":\"Manuela\",\"@id\":\"https:\/\/corteospitale.org\/site\/#\/schema\/person\/2e6c7771de31d29fa1f09440dc741ce0\"},\"headline\":\"Foresto\",\"datePublished\":\"2024-10-08T18:27:40+00:00\",\"dateModified\":\"2025-02-19T10:16:12+00:00\",\"mainEntityOfPage\":{\"@id\":\"https:\/\/corteospitale.org\/site\/foresto\/\"},\"wordCount\":727,\"publisher\":{\"@id\":\"https:\/\/corteospitale.org\/site\/#organization\"},\"image\":{\"@id\":\"https:\/\/corteospitale.org\/site\/foresto\/#primaryimage\"},\"thumbnailUrl\":\"https:\/\/corteospitale.org\/site\/wp-content\/uploads\/2024\/10\/FORESTO-di-Babilonia-Teatri_Ph-Elisa-Vettori-2-scaled.jpg\",\"articleSection\":[\"Stagione di prosa 2024\/25\"],\"inLanguage\":\"it-IT\"},{\"@type\":\"WebPage\",\"@id\":\"https:\/\/corteospitale.org\/site\/foresto\/\",\"url\":\"https:\/\/corteospitale.org\/site\/foresto\/\",\"name\":\"Foresto - LA CORTE OSPITALE\",\"isPartOf\":{\"@id\":\"https:\/\/corteospitale.org\/site\/#website\"},\"primaryImageOfPage\":{\"@id\":\"https:\/\/corteospitale.org\/site\/foresto\/#primaryimage\"},\"image\":{\"@id\":\"https:\/\/corteospitale.org\/site\/foresto\/#primaryimage\"},\"thumbnailUrl\":\"https:\/\/corteospitale.org\/site\/wp-content\/uploads\/2024\/10\/FORESTO-di-Babilonia-Teatri_Ph-Elisa-Vettori-2-scaled.jpg\",\"datePublished\":\"2024-10-08T18:27:40+00:00\",\"dateModified\":\"2025-02-19T10:16:12+00:00\",\"description\":\"Il 22 febbraio 2025 alle ore 20.00 al Teatro Herberia di Rubiera va in scena Foresto di Babilonia Teatri.\",\"breadcrumb\":{\"@id\":\"https:\/\/corteospitale.org\/site\/foresto\/#breadcrumb\"},\"inLanguage\":\"it-IT\",\"potentialAction\":[{\"@type\":\"ReadAction\",\"target\":[\"https:\/\/corteospitale.org\/site\/foresto\/\"]}]},{\"@type\":\"ImageObject\",\"inLanguage\":\"it-IT\",\"@id\":\"https:\/\/corteospitale.org\/site\/foresto\/#primaryimage\",\"url\":\"https:\/\/corteospitale.org\/site\/wp-content\/uploads\/2024\/10\/FORESTO-di-Babilonia-Teatri_Ph-Elisa-Vettori-2-scaled.jpg\",\"contentUrl\":\"https:\/\/corteospitale.org\/site\/wp-content\/uploads\/2024\/10\/FORESTO-di-Babilonia-Teatri_Ph-Elisa-Vettori-2-scaled.jpg\",\"width\":2560,\"height\":1707},{\"@type\":\"BreadcrumbList\",\"@id\":\"https:\/\/corteospitale.org\/site\/foresto\/#breadcrumb\",\"itemListElement\":[{\"@type\":\"ListItem\",\"position\":1,\"name\":\"Home\",\"item\":\"https:\/\/corteospitale.org\/site\/\"},{\"@type\":\"ListItem\",\"position\":2,\"name\":\"Foresto\"}]},{\"@type\":\"WebSite\",\"@id\":\"https:\/\/corteospitale.org\/site\/#website\",\"url\":\"https:\/\/corteospitale.org\/site\/\",\"name\":\"LA CORTE OSPITALE\",\"description\":\"\",\"publisher\":{\"@id\":\"https:\/\/corteospitale.org\/site\/#organization\"},\"potentialAction\":[{\"@type\":\"SearchAction\",\"target\":{\"@type\":\"EntryPoint\",\"urlTemplate\":\"https:\/\/corteospitale.org\/site\/?s={search_term_string}\"},\"query-input\":{\"@type\":\"PropertyValueSpecification\",\"valueRequired\":true,\"valueName\":\"search_term_string\"}}],\"inLanguage\":\"it-IT\"},{\"@type\":\"Organization\",\"@id\":\"https:\/\/corteospitale.org\/site\/#organization\",\"name\":\"Corte Ospitale\",\"url\":\"https:\/\/corteospitale.org\/site\/\",\"logo\":{\"@type\":\"ImageObject\",\"inLanguage\":\"it-IT\",\"@id\":\"https:\/\/corteospitale.org\/site\/#\/schema\/logo\/image\/\",\"url\":\"\",\"contentUrl\":\"\",\"caption\":\"Corte Ospitale\"},\"image\":{\"@id\":\"https:\/\/corteospitale.org\/site\/#\/schema\/logo\/image\/\"},\"sameAs\":[\"https:\/\/www.facebook.com\/corteospitale\",\"https:\/\/www.instagram.com\/corteospitale\/\",\"https:\/\/www.youtube.com\/user\/LaCorteOspitale1\"]},{\"@type\":\"Person\",\"@id\":\"https:\/\/corteospitale.org\/site\/#\/schema\/person\/2e6c7771de31d29fa1f09440dc741ce0\",\"name\":\"Manuela\",\"image\":{\"@type\":\"ImageObject\",\"inLanguage\":\"it-IT\",\"@id\":\"https:\/\/corteospitale.org\/site\/#\/schema\/person\/image\/\",\"url\":\"https:\/\/secure.gravatar.com\/avatar\/ac6dcb2697d112cdbed0c3c486cf1a2150a160d7ea8f53aee6865d6c70612228?s=96&r=g\",\"contentUrl\":\"https:\/\/secure.gravatar.com\/avatar\/ac6dcb2697d112cdbed0c3c486cf1a2150a160d7ea8f53aee6865d6c70612228?s=96&r=g\",\"caption\":\"Manuela\"}}]}<\/script>\n<!-- \/ Yoast SEO plugin. -->","yoast_head_json":{"title":"Foresto - LA CORTE OSPITALE","description":"Il 22 febbraio 2025 alle ore 20.00 al Teatro Herberia di Rubiera va in scena Foresto di Babilonia Teatri.","robots":{"index":"index","follow":"follow","max-snippet":"max-snippet:-1","max-image-preview":"max-image-preview:large","max-video-preview":"max-video-preview:-1"},"canonical":"https:\/\/corteospitale.org\/site\/foresto\/","og_locale":"it_IT","og_type":"article","og_title":"Foresto - LA CORTE OSPITALE","og_description":"Il 22 febbraio 2025 alle ore 20.00 al Teatro Herberia di Rubiera va in scena Foresto di Babilonia Teatri.","og_url":"https:\/\/corteospitale.org\/site\/foresto\/","og_site_name":"LA CORTE OSPITALE","article_publisher":"https:\/\/www.facebook.com\/corteospitale","article_published_time":"2024-10-08T18:27:40+00:00","article_modified_time":"2025-02-19T10:16:12+00:00","og_image":[{"width":2560,"height":1707,"url":"https:\/\/corteospitale.org\/site\/wp-content\/uploads\/2024\/10\/FORESTO-di-Babilonia-Teatri_Ph-Elisa-Vettori-2-scaled.jpg","type":"image\/jpeg"}],"author":"Manuela","twitter_card":"summary_large_image","twitter_misc":{"Scritto da":"Manuela","Tempo di lettura stimato":"4 minuti"},"schema":{"@context":"https:\/\/schema.org","@graph":[{"@type":"Article","@id":"https:\/\/corteospitale.org\/site\/foresto\/#article","isPartOf":{"@id":"https:\/\/corteospitale.org\/site\/foresto\/"},"author":{"name":"Manuela","@id":"https:\/\/corteospitale.org\/site\/#\/schema\/person\/2e6c7771de31d29fa1f09440dc741ce0"},"headline":"Foresto","datePublished":"2024-10-08T18:27:40+00:00","dateModified":"2025-02-19T10:16:12+00:00","mainEntityOfPage":{"@id":"https:\/\/corteospitale.org\/site\/foresto\/"},"wordCount":727,"publisher":{"@id":"https:\/\/corteospitale.org\/site\/#organization"},"image":{"@id":"https:\/\/corteospitale.org\/site\/foresto\/#primaryimage"},"thumbnailUrl":"https:\/\/corteospitale.org\/site\/wp-content\/uploads\/2024\/10\/FORESTO-di-Babilonia-Teatri_Ph-Elisa-Vettori-2-scaled.jpg","articleSection":["Stagione di prosa 2024\/25"],"inLanguage":"it-IT"},{"@type":"WebPage","@id":"https:\/\/corteospitale.org\/site\/foresto\/","url":"https:\/\/corteospitale.org\/site\/foresto\/","name":"Foresto - LA CORTE OSPITALE","isPartOf":{"@id":"https:\/\/corteospitale.org\/site\/#website"},"primaryImageOfPage":{"@id":"https:\/\/corteospitale.org\/site\/foresto\/#primaryimage"},"image":{"@id":"https:\/\/corteospitale.org\/site\/foresto\/#primaryimage"},"thumbnailUrl":"https:\/\/corteospitale.org\/site\/wp-content\/uploads\/2024\/10\/FORESTO-di-Babilonia-Teatri_Ph-Elisa-Vettori-2-scaled.jpg","datePublished":"2024-10-08T18:27:40+00:00","dateModified":"2025-02-19T10:16:12+00:00","description":"Il 22 febbraio 2025 alle ore 20.00 al Teatro Herberia di Rubiera va in scena Foresto di Babilonia Teatri.","breadcrumb":{"@id":"https:\/\/corteospitale.org\/site\/foresto\/#breadcrumb"},"inLanguage":"it-IT","potentialAction":[{"@type":"ReadAction","target":["https:\/\/corteospitale.org\/site\/foresto\/"]}]},{"@type":"ImageObject","inLanguage":"it-IT","@id":"https:\/\/corteospitale.org\/site\/foresto\/#primaryimage","url":"https:\/\/corteospitale.org\/site\/wp-content\/uploads\/2024\/10\/FORESTO-di-Babilonia-Teatri_Ph-Elisa-Vettori-2-scaled.jpg","contentUrl":"https:\/\/corteospitale.org\/site\/wp-content\/uploads\/2024\/10\/FORESTO-di-Babilonia-Teatri_Ph-Elisa-Vettori-2-scaled.jpg","width":2560,"height":1707},{"@type":"BreadcrumbList","@id":"https:\/\/corteospitale.org\/site\/foresto\/#breadcrumb","itemListElement":[{"@type":"ListItem","position":1,"name":"Home","item":"https:\/\/corteospitale.org\/site\/"},{"@type":"ListItem","position":2,"name":"Foresto"}]},{"@type":"WebSite","@id":"https:\/\/corteospitale.org\/site\/#website","url":"https:\/\/corteospitale.org\/site\/","name":"LA CORTE OSPITALE","description":"","publisher":{"@id":"https:\/\/corteospitale.org\/site\/#organization"},"potentialAction":[{"@type":"SearchAction","target":{"@type":"EntryPoint","urlTemplate":"https:\/\/corteospitale.org\/site\/?s={search_term_string}"},"query-input":{"@type":"PropertyValueSpecification","valueRequired":true,"valueName":"search_term_string"}}],"inLanguage":"it-IT"},{"@type":"Organization","@id":"https:\/\/corteospitale.org\/site\/#organization","name":"Corte Ospitale","url":"https:\/\/corteospitale.org\/site\/","logo":{"@type":"ImageObject","inLanguage":"it-IT","@id":"https:\/\/corteospitale.org\/site\/#\/schema\/logo\/image\/","url":"","contentUrl":"","caption":"Corte Ospitale"},"image":{"@id":"https:\/\/corteospitale.org\/site\/#\/schema\/logo\/image\/"},"sameAs":["https:\/\/www.facebook.com\/corteospitale","https:\/\/www.instagram.com\/corteospitale\/","https:\/\/www.youtube.com\/user\/LaCorteOspitale1"]},{"@type":"Person","@id":"https:\/\/corteospitale.org\/site\/#\/schema\/person\/2e6c7771de31d29fa1f09440dc741ce0","name":"Manuela","image":{"@type":"ImageObject","inLanguage":"it-IT","@id":"https:\/\/corteospitale.org\/site\/#\/schema\/person\/image\/","url":"https:\/\/secure.gravatar.com\/avatar\/ac6dcb2697d112cdbed0c3c486cf1a2150a160d7ea8f53aee6865d6c70612228?s=96&r=g","contentUrl":"https:\/\/secure.gravatar.com\/avatar\/ac6dcb2697d112cdbed0c3c486cf1a2150a160d7ea8f53aee6865d6c70612228?s=96&r=g","caption":"Manuela"}}]}},"_links":{"self":[{"href":"https:\/\/corteospitale.org\/site\/wp-json\/wp\/v2\/posts\/9723","targetHints":{"allow":["GET"]}}],"collection":[{"href":"https:\/\/corteospitale.org\/site\/wp-json\/wp\/v2\/posts"}],"about":[{"href":"https:\/\/corteospitale.org\/site\/wp-json\/wp\/v2\/types\/post"}],"author":[{"embeddable":true,"href":"https:\/\/corteospitale.org\/site\/wp-json\/wp\/v2\/users\/2"}],"replies":[{"embeddable":true,"href":"https:\/\/corteospitale.org\/site\/wp-json\/wp\/v2\/comments?post=9723"}],"version-history":[{"count":10,"href":"https:\/\/corteospitale.org\/site\/wp-json\/wp\/v2\/posts\/9723\/revisions"}],"predecessor-version":[{"id":10604,"href":"https:\/\/corteospitale.org\/site\/wp-json\/wp\/v2\/posts\/9723\/revisions\/10604"}],"wp:featuredmedia":[{"embeddable":true,"href":"https:\/\/corteospitale.org\/site\/wp-json\/wp\/v2\/media\/9724"}],"wp:attachment":[{"href":"https:\/\/corteospitale.org\/site\/wp-json\/wp\/v2\/media?parent=9723"}],"wp:term":[{"taxonomy":"category","embeddable":true,"href":"https:\/\/corteospitale.org\/site\/wp-json\/wp\/v2\/categories?post=9723"},{"taxonomy":"post_tag","embeddable":true,"href":"https:\/\/corteospitale.org\/site\/wp-json\/wp\/v2\/tags?post=9723"}],"curies":[{"name":"wp","href":"https:\/\/api.w.org\/{rel}","templated":true}]}}